{"id":154043,"date":"2025-10-03T03:18:11","date_gmt":"2025-10-03T03:18:11","guid":{"rendered":"https:\/\/www.europesays.com\/es\/154043\/"},"modified":"2025-10-03T03:18:11","modified_gmt":"2025-10-03T03:18:11","slug":"el-sanlo-inicia-la-temporada-con-264-jugadoras-y-jugadores-y-una-veintena-de-equipos","status":"publish","type":"post","link":"https:\/\/www.europesays.com\/es\/154043\/","title":{"rendered":"El Sanlo inicia la temporada con 264 jugadoras y jugadores y una veintena de equipos"},"content":{"rendered":"<p class=\"v-mdl-ath__p v-mdl-ath__p--6\">\nJueves, 2 de octubre 2025, 20:16<\/p>\n<p class=\"v-p\">El club de balonmano Sanlo de Elgoibar ha dado inicio a la nueva temporada deportiva 2025\/2026 con 264 jugadoras y jugadores y una veintena de equipos bajo su disciplina. De esos 20 equipos, 12 competir\u00e1n a nivel federado (Pizzer\u00eda Salento, Deca, Deuko Izarra, Urkunde, Neurri, Zubacor, Astigarraga GYS Sport, Tecnifuelle, Malape taberna, Alcorta Forging Group, Cimde y Amaro eraikuntzak) y los 8 restantes (Ongi, Bacalaos Alkorta, Berkoa A, B, C y D; y Dario Bus A y B) conformar\u00e1n la Escuela de Balonmano del club, que esta campa\u00f1a est\u00e1 integrada por 87 menores. Curiosamente, de todos ellos 70 son ni\u00f1as y 17 ni\u00f1os, por lo que la presencia femenina sigue siendo claramente mayoritaria en la cantera del balonmano local.<\/p>\n<p>Reporta un error<\/p>\n","protected":false},"excerpt":{"rendered":"Jueves, 2 de octubre 2025, 20:16 El club de balonmano Sanlo de Elgoibar ha dado inicio a la&hellip;\n","protected":false},"author":2,"featured_media":154044,"comment_status":"","ping_status":"","sticky":false,"template":"","format":"standard","meta":{"footnotes":""},"categories":[278],"tags":[7185,376,168,6440,25,24,375,6683,8913,2713,46341,23,167,1152,27842],"class_list":{"0":"post-154043","1":"post","2":"type-post","3":"status-publish","4":"format-standard","5":"has-post-thumbnail","7":"category-balonmano","8":"tag-7185","9":"tag-balonmano","10":"tag-deportes","11":"tag-equipos","12":"tag-es","13":"tag-espana","14":"tag-handball","15":"tag-inicia","16":"tag-jugadoras","17":"tag-jugadores","18":"tag-sanlo","19":"tag-spain","20":"tag-sports","21":"tag-temporada","22":"tag-veintena"},"share_on_mastodon":{"url":"","error":""},"_links":{"self":[{"href":"https:\/\/www.europesays.com\/es\/wp-json\/wp\/v2\/posts\/154043","targetHints":{"allow":["GET"]}}],"collection":[{"href":"https:\/\/www.europesays.com\/es\/wp-json\/wp\/v2\/posts"}],"about":[{"href":"https:\/\/www.europesays.com\/es\/wp-json\/wp\/v2\/types\/post"}],"author":[{"embeddable":true,"href":"https:\/\/www.europesays.com\/es\/wp-json\/wp\/v2\/users\/2"}],"replies":[{"embeddable":true,"href":"https:\/\/www.europesays.com\/es\/wp-json\/wp\/v2\/comments?post=154043"}],"version-history":[{"count":0,"href":"https:\/\/www.europesays.com\/es\/wp-json\/wp\/v2\/posts\/154043\/revisions"}],"wp:featuredmedia":[{"embeddable":true,"href":"https:\/\/www.europesays.com\/es\/wp-json\/wp\/v2\/media\/154044"}],"wp:attachment":[{"href":"https:\/\/www.europesays.com\/es\/wp-json\/wp\/v2\/media?parent=154043"}],"wp:term":[{"taxonomy":"category","embeddable":true,"href":"https:\/\/www.europesays.com\/es\/wp-json\/wp\/v2\/categories?post=154043"},{"taxonomy":"post_tag","embeddable":true,"href":"https:\/\/www.europesays.com\/es\/wp-json\/wp\/v2\/tags?post=154043"}],"curies":[{"name":"wp","href":"https:\/\/api.w.org\/{rel}","templated":true}]}}