{"id":154047,"date":"2025-10-03T03:23:11","date_gmt":"2025-10-03T03:23:11","guid":{"rendered":"https:\/\/www.europesays.com\/es\/154047\/"},"modified":"2025-10-03T03:23:11","modified_gmt":"2025-10-03T03:23:11","slug":"un-pogacar-imperial-se-sucede-a-si-mismo-como-campeon-del-mundo","status":"publish","type":"post","link":"https:\/\/www.europesays.com\/es\/154047\/","title":{"rendered":"Un Pogacar imperial se sucede a s\u00ed mismo como campe\u00f3n del mundo"},"content":{"rendered":"<p style=\"\">En Z\u00farich, en Ruanda o en el fin del mundo, el deporte asiste al imperio de un ciclista legendario y \u00fanico. A la meta en el centro de Kigali, en el \u00c1frica profunda de Ruanda, llega balanceando los brazos <a href=\"https:\/\/www.abc.es\/deportes\/ciclismo\/pogacar-habla-alto-claro-tras-protestas-propalestinas-20250922211007-nt.html\" target=\"_blank\" data-voc-vtm-id=\"in-text-traffic\" title=\"Tadej Pogacar,\" rel=\"nofollow noopener\">Tadej Pogacar,<\/a> sus mechones rubios,  &#8230; su maillot verde de Eslovenia, el cuerpo enjuto que trasluce las costillas, piernas con p\u00f3lvora y una sonrisa contagiosa. Es el Pogacar estelar, el que convierte gestas de otra \u00e9poca en la normalidad de la victoria. Otra vez campe\u00f3n del mundo despu\u00e9s de descuartizar al pelot\u00f3n, de hundir en la miseria a un colosal Remco Evenepoel, medalla de plata.<\/p>\n<p class=\"voc-p\" style=\"\"> De nuevo en la larga distancia, un cohete que se ve venir, a 105 kil\u00f3metros atac\u00f3 Pogacar para coronarse con su segundo maillot arco\u00edris. <strong>Juan Ayuso,<\/strong> el mejor espa\u00f1ol, qued\u00f3 lejos, octavo, porque lejos est\u00e1n todos de este fen\u00f3meno sin comparaci\u00f3n posible.<\/p>\n<p class=\"voc-p\" style=\"\">Remco Evenepoel quiere desaparecer cuando las c\u00e1maras lo enfocan y captan su desolaci\u00f3n. Sentado en el asfalto, sin quitarse las gafas para que no se vean las l\u00e1grimas que asoman al rostro, el belga es la imagen de la rabia. Se ha pasado el d\u00eda en persecuci\u00f3n, cambiando de bicicleta, a la contra, en una carrera formidable que enfoca su gen competitivo de campe\u00f3n y <a href=\"https:\/\/www.abc.es\/deportes\/ciclismo\/falta-pogacar-vuelta-vingegaard-20250822170523-nt.html\" target=\"_blank\" data-voc-vtm-id=\"in-text-traffic\" title=\"solo un gigante como Pogacar\" rel=\"nofollow noopener\">solo un gigante como Pogacar<\/a> ha impedido su victoria.<\/p>\n<p class=\"voc-p\" style=\"\">A Evenepoel no le seduce la plata, le sabe a nada despu\u00e9s de doblar el pasado domingo al esloveno en la contrarreloj. En el Mundial de ruta no se pueden hacer m\u00e1s por ganar, ofrecer m\u00e1s motivos para la lucha, ser m\u00e1s combativo y dar la vuelta a una carrera. Dos veces sustituy\u00f3 su bici, tres veces lanz\u00f3 pu\u00f1etazos o patadas al aire, y nunca desisti\u00f3 en su empe\u00f1o de capturar a Pogacar.<\/p>\n<p class=\"voc-p\" style=\"\">El esloveno dise\u00f1\u00f3 su nuevo \u00e9xito en el punto donde todos sus rivales sab\u00edan que lo ejecutar\u00eda. El Monte Kigali con su muro empedrado y rampas al 20 por ciento, un ap\u00e9ndice a\u00fan m\u00e1s demoledor en el circuito ya exigente con sus repechos de adoquines, las subidas al centro de la ciudad, que convirtieron el Mundial en una escabechina sin precedentes. Solo acabaron 29 corredores.<\/p>\n<p class=\"voc-p\" style=\"\">Donde m\u00e1s dol\u00edan las piernas a los ciclistas, atac\u00f3 Pogacar sin mirar el reloj. Faltaban 105 kil\u00f3metros. A su rueda se fue, optimista y valiente, Juan Ayuso, el espa\u00f1ol al que el esloveno ha desplazado del equipo UAE. Y con ellos, el tercer invitado del grupo de Matx\u00edn, el mexicano Del Toro.<\/p>\n<p class=\"voc-p\" style=\"\">Lo de Ayuso fue exceso de optimismo porque en lo peor del <strong>Muro de Kigali,<\/strong> en las rampas que atraviesan los pulmones, el espa\u00f1ol se abri\u00f3 a un lado, cedi\u00f3 el paso y se reubic\u00f3 en el pelot\u00f3n de perseguidores. <\/p>\n<p class=\"voc-p\" style=\"\">Ah\u00ed se resquebraj\u00f3 la moral de Evenepoel, primeros problemas con la bici para el \u00fanico que parec\u00ed en condiciones de discutir con Pogacar. El esloveno desarroll\u00f3 instinto protector con su delf\u00edn, su amigo Isaac del Toro, al que esper\u00f3 y trat\u00f3 de animar para que lo siguiera. No pudo el mexicano. Nadie puede con ese paso.<\/p>\n<p class=\"voc-p\" style=\"\">Pogacar empez\u00f3 a tragar kil\u00f3metros como si fuera de paseo a una velocidad supers\u00f3nica, sin dar opci\u00f3n a sus posibles captores. Hizo un \u00c1vila-Madrid, 100 kil\u00f3metros en solitario, deslizando por las pendientes, subiendo sin levantar el culo del sill\u00edn, angelical en su reedici\u00f3n del a\u00f1o pasado, tambi\u00e9n 100 kil\u00f3metros por delante en Z\u00farich.<\/p>\n<p class=\"voc-p\" style=\"\">A 60 de meta Evenepoel forma el pen\u00faltimo vag\u00f3n, en el que ya no est\u00e1 Ayuso, sino Healy, Hindley, Pidcock y Skjelmose. A 45 se quedan Hindley y Pidcock. Pero la velocidad de Evenepoel no reduce la ventaja de Pogacar, que es un martillo vuelta tras vuelta, a 42 por hora. \u00abLas subidas eran cada vez m\u00e1s duras y cada vez ten\u00eda menos energ\u00eda\u00bb, admiti\u00f3 el esloveno, el primer ciclista de la historia que conquista dos a\u00f1os seguidos el Tour y el Mundial. <a href=\"https:\/\/www.abc.es\/deportes\/ciclismo\/ruptura-radical-juan-ayuso-uae-lado-20250901195159-nt.html\" target=\"_blank\" data-voc-vtm-id=\"in-text-traffic\" title=\"Juan Ayuso\" rel=\"nofollow noopener\">Juan Ayuso<\/a> fue el mejor espa\u00f1ol, octavo.<\/p>\n","protected":false},"excerpt":{"rendered":"En Z\u00farich, en Ruanda o en el fin del mundo, el deporte asiste al imperio de un ciclista&hellip;\n","protected":false},"author":2,"featured_media":154048,"comment_status":"","ping_status":"","sticky":false,"template":"","format":"standard","meta":{"footnotes":""},"categories":[273],"tags":[5773,313,312,168,25,24,44243,3013,549,23,167,31763],"class_list":{"0":"post-154047","1":"post","2":"type-post","3":"status-publish","4":"format-standard","5":"has-post-thumbnail","7":"category-ciclismo","8":"tag-campeon","9":"tag-ciclismo","10":"tag-cycling","11":"tag-deportes","12":"tag-es","13":"tag-espana","14":"tag-imperial","15":"tag-mundo","16":"tag-pogacar","17":"tag-spain","18":"tag-sports","19":"tag-sucede"},"share_on_mastodon":{"url":"","error":""},"_links":{"self":[{"href":"https:\/\/www.europesays.com\/es\/wp-json\/wp\/v2\/posts\/154047","targetHints":{"allow":["GET"]}}],"collection":[{"href":"https:\/\/www.europesays.com\/es\/wp-json\/wp\/v2\/posts"}],"about":[{"href":"https:\/\/www.europesays.com\/es\/wp-json\/wp\/v2\/types\/post"}],"author":[{"embeddable":true,"href":"https:\/\/www.europesays.com\/es\/wp-json\/wp\/v2\/users\/2"}],"replies":[{"embeddable":true,"href":"https:\/\/www.europesays.com\/es\/wp-json\/wp\/v2\/comments?post=154047"}],"version-history":[{"count":0,"href":"https:\/\/www.europesays.com\/es\/wp-json\/wp\/v2\/posts\/154047\/revisions"}],"wp:featuredmedia":[{"embeddable":true,"href":"https:\/\/www.europesays.com\/es\/wp-json\/wp\/v2\/media\/154048"}],"wp:attachment":[{"href":"https:\/\/www.europesays.com\/es\/wp-json\/wp\/v2\/media?parent=154047"}],"wp:term":[{"taxonomy":"category","embeddable":true,"href":"https:\/\/www.europesays.com\/es\/wp-json\/wp\/v2\/categories?post=154047"},{"taxonomy":"post_tag","embeddable":true,"href":"https:\/\/www.europesays.com\/es\/wp-json\/wp\/v2\/tags?post=154047"}],"curies":[{"name":"wp","href":"https:\/\/api.w.org\/{rel}","templated":true}]}}