{"id":154055,"date":"2025-10-03T03:27:15","date_gmt":"2025-10-03T03:27:15","guid":{"rendered":"https:\/\/www.europesays.com\/es\/154055\/"},"modified":"2025-10-03T03:27:15","modified_gmt":"2025-10-03T03:27:15","slug":"un-telonero-de-andy-y-lucas-cuenta-la-verdad-sobre-el-trato-a-su-equipo-flipe-en-colores","status":"publish","type":"post","link":"https:\/\/www.europesays.com\/es\/154055\/","title":{"rendered":"Un telonero de Andy y Lucas cuenta la verdad sobre el trato a su equipo: \u00abFlip\u00e9 en colores\u00bb"},"content":{"rendered":"<p>El d\u00fao musical<strong> Andy y Lucas<\/strong> no pasa por su mejor momento, y es que en medio de su gira de despedida, -lo que deber\u00eda haber sido una etapa muy feliz y emotiva tras m\u00e1s de dos d\u00e9cadas sobre los escenarios-, <a href=\"https:\/\/okdiario.com\/look\/actualidad\/lucas-estalla-antes-adios-andy-lucas-pide-360-000-euros-2386303\" rel=\"nofollow noopener\" target=\"_blank\">se han visto desbordados por las constantes pol\u00e9micas<\/a>. Al enfado de los fans ante una gira que se anunciaba hace ya dos a\u00f1os y se ha vuelto interminable; se ha sumado tambi\u00e9n la llamativa operaci\u00f3n de nariz de Lucas, una supuesta estafa de m\u00e1s de 300.000 euros a su promotor, y crecientes rumores sobre la mala relaci\u00f3n que parece existir entre los dos cantantes.<\/p>\n<p>La situaci\u00f3n habr\u00eda llegado a tal punto, que recientemente decid\u00edan cancelar el concierto previsto para este domingo 5 de octubre en el Palacio de la \u00d3pera de A Coru\u00f1a. Una anulaci\u00f3n que desde la promotora atribuyen a<strong> \u00abproblemas en la producci\u00f3n\u00bb<\/strong>, asegurando que \u00abgestionar\u00e1n los reembolsos correspondientes\u00bb. Algo que tambi\u00e9n coincide con unas recientes declaraciones de Andy, quien ha procurado mantenerse al margen del esc\u00e1ndalo, y en las que <a href=\"https:\/\/okdiario.com\/look\/actualidad\/andy-lucas-cancelan-uno-sus-tres-ultimos-conciertos-punto-separarse-hay-problemas-2392000\" rel=\"nofollow noopener\" target=\"_blank\">asegura que \u00e9l habr\u00eda suspendido la gira<\/a>.<\/p>\n<p>\n<img decoding=\"async\" loading=\"lazy\" class=\"wp-image-2393228 size-full\" alt=\"Mariano, el telonero de Andy y Lucas en 'Y ahora Sonsoles'. (Foto: Antena 3)\" width=\"1920\" height=\"1080\"  src=\"https:\/\/www.europesays.com\/es\/wp-content\/uploads\/2025\/09\/1758214691_923_placeholder.jpg\"  bad-src=\"https:\/\/www.europesays.com\/es\/wp-content\/uploads\/2025\/09\/1758214691_923_placeholder.jpg\"\/><\/p>\n<p><img decoding=\"async\" loading=\"lazy\" class=\"wp-image-2393228 size-full\" src=\"https:\/\/www.europesays.com\/es\/wp-content\/uploads\/2025\/10\/ifsahfhiapsfh.png\" alt=\"Mariano, el telonero de Andy y Lucas en 'Y ahora Sonsoles'. (Foto: Antena 3)\" width=\"1920\" height=\"1080\"  \/><\/p>\n<p> Mariano, el telonero de Andy y Lucas en \u2018Y ahora Sonsoles\u2019. (Foto: Antena 3)\n<\/p>\n<p>\u00bfQu\u00e9 ocurre realmente detr\u00e1s de bastidores? Esa es la pregunta que muchos se hacen, y a la que uno de los teloneros que ha acompa\u00f1ado al dueto durante varios conciertos, ha querido responder durante una breve intervenci\u00f3n en en el programa Y ahora Sonsoles. Mariano, uno de los integrantes del grupo flamenko \u00ab<strong>Son de Aki\u00bb<\/strong>, tuvo la oportunidad de trabajar con Andy y Lucas en 2017, y ha contado de primera mano la experiencia que tuvo.<\/p>\n<p>\n<img decoding=\"async\" loading=\"lazy\" class=\"wp-image-2392021 size-full\" alt=\"Andy y Lucas suspenden un concierto antes de separar sus caminos. (FOTO: GTRES)\" width=\"1800\" height=\"1013\"  src=\"https:\/\/www.europesays.com\/es\/wp-content\/uploads\/2025\/09\/1758214691_923_placeholder.jpg\"  bad-src=\"https:\/\/www.europesays.com\/es\/wp-content\/uploads\/2025\/09\/1758214691_923_placeholder.jpg\"\/><\/p>\n<p><img decoding=\"async\" loading=\"lazy\" class=\"wp-image-2392021 size-full\" src=\"https:\/\/www.europesays.com\/es\/wp-content\/uploads\/2025\/10\/fotojet-2025-10-01t102257.867.jpg\" alt=\"Andy y Lucas suspenden un concierto antes de separar sus caminos. (FOTO: GTRES)\" width=\"1800\" height=\"1013\"  \/><\/p>\n<p> Andy y Lucas suspenden un concierto antes de separar sus caminos. (FOTO: GTRES)\n<\/p>\n<p>Pese a que \u00e9l mismo asegura que vivi\u00f3 ese momento con gran ilusi\u00f3n, ya que siempre hab\u00eda sido muy fan del dueto, se llevaba una enorme decepci\u00f3n con Lucas. Seg\u00fan ha relatado en el programa, lleg\u00f3 a alucinar bastante con la actitud que mostraba el gaditano. <strong>\u00abYo flip\u00e9 en colores con lo que yo he visto, los portazos que pegaba en la puerta, c\u00f3mo trataba a los m\u00fasicos\u2026\u00bb<\/strong>, detallaba al respecto. \u00abFlip\u00e9, pero en colores\u00bb, sostiene.<\/p>\n<p>\n<img decoding=\"async\" loading=\"lazy\" class=\"size-medium wp-image-2393233\" alt=\"Mariano, el telonero de Andy y Lucas en 'Y ahora Sonsoles'. (Foto: Antena 3)\" width=\"620\" height=\"349\"  src=\"https:\/\/www.europesays.com\/es\/wp-content\/uploads\/2025\/09\/1758214691_923_placeholder.jpg\"  bad-src=\"https:\/\/www.europesays.com\/es\/wp-content\/uploads\/2025\/09\/1758214691_923_placeholder.jpg\"\/><\/p>\n<p><img decoding=\"async\" loading=\"lazy\" class=\"size-medium wp-image-2393233\" src=\"https:\/\/www.europesays.com\/es\/wp-content\/uploads\/2025\/10\/ifsahfhiapsfhuuuu-620x349.png\" alt=\"Mariano, el telonero de Andy y Lucas en 'Y ahora Sonsoles'. (Foto: Antena 3)\" width=\"620\" height=\"349\"  \/><\/p>\n<p> Mariano, el telonero de Andy y Lucas en \u2018Y ahora Sonsoles\u2019. (Foto: Antena 3)\n<\/p>\n<p>Y a eso se suman las situaciones tan inc\u00f3modas de las que habr\u00eda sido testigo detr\u00e1s del escenario. \u00abMe qued\u00e9 flipao, porque abri\u00f3 la puerta y dijo: Se\u00f1ores, por aqu\u00ed no se pasa m\u00e1s ya; ni para all\u00e1, ni para ac\u00e1. El que quiera pasar por el escenario, que tire por el otro lado. Y pega un portazo. Y digo:<strong> \u00a1Menudo genio tiene este t\u00edo!<\/strong>\u00bb<\/p>\n<blockquote class=\"twitter-tweet\">\n<p dir=\"ltr\" lang=\"es\">\ud83d\udc49Tamara Gorro sale en defensa de Lucas, de Andy y Lucas: \u00abLe conozco bastante bien y lo que se est\u00e1 diciendo no es cierto\u00bb. <a href=\"https:\/\/twitter.com\/hashtag\/YAS?src=hash&amp;ref_src=twsrc%5Etfw\" rel=\"nofollow noopener\" target=\"_blank\">#YAS<\/a> <a href=\"https:\/\/t.co\/Qi500VfSgg\" rel=\"nofollow\">https:\/\/t.co\/Qi500VfSgg<\/a><\/p>\n<p>\u2014 Y Ahora Sonsoles (@YAhoraSonsoles) <a href=\"https:\/\/twitter.com\/YAhoraSonsoles\/status\/1973379881879674883?ref_src=twsrc%5Etfw\" rel=\"nofollow noopener\" target=\"_blank\">October 1, 2025<\/a><\/p>\n<\/blockquote>\n<p>Adem\u00e1s, el telonero asegura que no vio complicidad alguna ni comunicaci\u00f3n entre los dos artistas. <strong>\u00abNo son formas\u00bb<\/strong>, se ha lamentado. \u00abCon nosotros no tuvo ning\u00fan problema, pero\u2026 no es normal la forma en la que trata a los m\u00fasicos\u00bb.<\/p>\n<p>\t\t\t\t\t\t\t<script async src=\"https:\/\/platform.twitter.com\/widgets.js\" charset=\"utf-8\"><\/script><\/p>\n","protected":false},"excerpt":{"rendered":"El d\u00fao musical Andy y Lucas no pasa por su mejor momento, y es que en medio de&hellip;\n","protected":false},"author":2,"featured_media":154056,"comment_status":"","ping_status":"","sticky":false,"template":"","format":"standard","meta":{"footnotes":""},"categories":[174],"tags":[46342,255,146,147,25,24,256,23],"class_list":{"0":"post-154055","1":"post","2":"type-post","3":"status-publish","4":"format-standard","5":"has-post-thumbnail","7":"category-famosos","8":"tag-andy-y-lucas-telonero","9":"tag-celebrities","10":"tag-entertainment","11":"tag-entretenimiento","12":"tag-es","13":"tag-espana","14":"tag-famosos","15":"tag-spain"},"share_on_mastodon":{"url":"","error":""},"_links":{"self":[{"href":"https:\/\/www.europesays.com\/es\/wp-json\/wp\/v2\/posts\/154055","targetHints":{"allow":["GET"]}}],"collection":[{"href":"https:\/\/www.europesays.com\/es\/wp-json\/wp\/v2\/posts"}],"about":[{"href":"https:\/\/www.europesays.com\/es\/wp-json\/wp\/v2\/types\/post"}],"author":[{"embeddable":true,"href":"https:\/\/www.europesays.com\/es\/wp-json\/wp\/v2\/users\/2"}],"replies":[{"embeddable":true,"href":"https:\/\/www.europesays.com\/es\/wp-json\/wp\/v2\/comments?post=154055"}],"version-history":[{"count":0,"href":"https:\/\/www.europesays.com\/es\/wp-json\/wp\/v2\/posts\/154055\/revisions"}],"wp:featuredmedia":[{"embeddable":true,"href":"https:\/\/www.europesays.com\/es\/wp-json\/wp\/v2\/media\/154056"}],"wp:attachment":[{"href":"https:\/\/www.europesays.com\/es\/wp-json\/wp\/v2\/media?parent=154055"}],"wp:term":[{"taxonomy":"category","embeddable":true,"href":"https:\/\/www.europesays.com\/es\/wp-json\/wp\/v2\/categories?post=154055"},{"taxonomy":"post_tag","embeddable":true,"href":"https:\/\/www.europesays.com\/es\/wp-json\/wp\/v2\/tags?post=154055"}],"curies":[{"name":"wp","href":"https:\/\/api.w.org\/{rel}","templated":true}]}}