{"id":154058,"date":"2025-10-03T03:30:18","date_gmt":"2025-10-03T03:30:18","guid":{"rendered":"https:\/\/www.europesays.com\/es\/154058\/"},"modified":"2025-10-03T03:30:18","modified_gmt":"2025-10-03T03:30:18","slug":"como-llegar-a-la-moncloa-esta-es-la-teoria-de-pedro-j-ramirez","status":"publish","type":"post","link":"https:\/\/www.europesays.com\/es\/154058\/","title":{"rendered":"\u00bfC\u00f3mo llegar a La Moncloa? esta es la teor\u00eda de Pedro J. Ram\u00edrez"},"content":{"rendered":"<p><b>Pedro J. Ram\u00edrez<\/b>, director de \u00abEl Espa\u00f1ol\u00bb, visita esta ma\u00f1ana el plat\u00f3 de \u00abEspejo P\u00fablico\u00bb para presentar el segundo volumen de su libro \u00abPor decir la verdad\u00bb. Seg\u00fan \u00abThe Guardi\u00e1n\u00bb el actual director de \u00abEl Espa\u00f1ol\u00bb es el director de peri\u00f3dicos m\u00e1s importante de Europa en el \u00faltimo cuarto de siglo. En esta visita al programa, adem\u00e1s de repasar lo m\u00e1s jugoso de los nuevos cap\u00edtulo de sus memorias, Pedro J. Ram\u00edrez<b> hace un repaso de la actualidad pol\u00edtica<\/b> de la mano de la presentadora del programa Susanna Griso.<\/p>\n<p>\u00bfSe adelantar\u00e1n las generales?<\/p>\n<p>\u00bfCoincidir\u00e1n las elecciones generales con las auton\u00f3micas? Este es uno de los escenarios que m\u00e1s fuerza cobra en la rumorolog\u00eda pol\u00edtica de nuestro pa\u00eds. Para Pedro J. Ram\u00edrez dice que es \u00ablo m\u00e1s probable\u00bb porque \u00ab<b>S\u00e1nchez no puede arriesgarse a tener una derrota rotunda en Andaluc\u00eda<\/b>\u00ab. Seg\u00fan los sondeos la candidata del PSOE ,Mar\u00eda Jes\u00fas<b> Montero, no sacar\u00eda buenos resultados en su intento de presidir a la Junta de Andaluc\u00eda<\/b>, algunas encuestas incluso hablan de sorpaso de Vox al PSOE en ciertas provincias andaluzas.<\/p>\n<p>En este escenario todos los partidos est\u00e1n ya en clave preelectoral haciendo c\u00e1balas de cu\u00e1l ser\u00eda el escenario m\u00e1s favorable. El director de \u00abEl Espa\u00f1ol\u00bb cree que <b>habr\u00e1 adelanto electoral y pone la fecha que para \u00e9l ser\u00e1 \u00aben la primavera pr\u00f3xima\u00bb. <\/b>Pedro J. a\u00f1ade que \u00ab<b>tendr\u00eda todo el sentido que el Partido Popular<\/b>, adem\u00e1s de las que tiene que celebrar por ley, que son las de Castilla y Le\u00f3n en marzo, y las de Andaluc\u00eda en junio, pues hubiera el adelanto de aquellas comunidades en las que Vox no estaba facilitando la gobernabilidad ni impactando unos presupuestos\u00bb para el periodista \u00abser\u00eda una jugada audaz por parte del PP y creo que ser\u00eda conveniente para Espa\u00f1a dirimir de una vez salir del actual bloqueo y que exista una mayor\u00eda estable en el Parlamento y una colaboraci\u00f3n entre las comunidades aut\u00f3nomas y el que gobierne en el Estado\u00bb.<\/p>\n<p>Teor\u00eda del 12 a 1<\/p>\n<p>\u00bfC\u00f3mo conseguir llegar a La Moncloa? Que se de un cambio de Gobierno no es tarea f\u00e1cil y aqu\u00ed Pedro J. Ram\u00edrez tiene una teor\u00eda: \u00ab<b>La teor\u00eda del 12 a 1<\/b>\u00ab. El director de \u00abEl Espa\u00f1ol\u00bb explica en qu\u00e9 consiste esta teor\u00eda que ah desarrollado. Pedro J. cree que \u00bb en Espa\u00f1a, en los 48 a\u00f1os que llevamos de democracia, el presidente en el poder ha conseguido 12 veces perpetuarse. Solamente Jos\u00e9 Mar\u00eda Aznar, en el a\u00f1o 96, consigui\u00f3 desalojar de la Moncloa a Felipe Gonz\u00e1lez. Las otras veces que se ha producido un cambio pol\u00edtico es porque el presidente no se presentaba\u00bb.<\/p>\n<p>Otro ejemplo, de esta teor\u00eda 12 a 1 de Pedro J. es el caso de Zapatero que dice \u00abconsigui\u00f3 a la primera, en el a\u00f1o 2004, llegar a la Moncloa al no presentarse Aznar y se presentaba Rajoy\u00bb. Siguiendo esta din\u00e1mica que defiende el periodista \u00abRajoy lleg\u00f3 al fin, al poder porque Zapatero no repet\u00eda, porque era Rubalcaba el candidato. As\u00ed que <b>de las 13 veces que un inquilino de la Moncloa ha intentado quedarse, en 12 lo han conseguido<\/b>\u00ab. Por eso en esta situaci\u00f3n el presidente de \u00abEl Espa\u00f1ol\u00bb cree que<b> \u00abes casi heroico\u00bb desalojar a un presidente del Gobierno de La Moncloa. <\/b><\/p>\n<p>\u00bfDebe presentarse S\u00e1nchez de nuevo?<\/p>\n<p>Respecto al anuncio de Pedro S\u00e1nchez de que se volver\u00e1 a presentar a presidente del Gobierno en las generales de 2027 Pedro J. Ram\u00edrez reconoce que<b> \u00abme parece muy inquietante que pretenda perpetuarse en el poder\u00bb <\/b>seg\u00fan la percepci\u00f3n del periodista<b> \u00abdebe ser consciente de que en la sociedad espa\u00f1ola, en estos momentos, hay una ansia de cambio\u00bb <\/b>y recuerda que <b>\u00ab<\/b>S\u00e1nchez est\u00e1 a punto de cumplir ocho a\u00f1os, es insano desde el punto de vista democr\u00e1tico\u00bb y adem\u00e1s apunta Pedro J. <b>\u00abeste presidente, pues arrastra la corrupci\u00f3n de su familia, la presunta corrupci\u00f3n de su familia, la m\u00e1s que presunta corrupci\u00f3n de su partido, la ineficiencia a la hora de resolver grandes problemas de la sociedad, como la vivienda, los servicios p\u00fablicos\u00bb.<\/b><\/p>\n<p>Sobre el l\u00edder de la oposici\u00f3n el periodista dice que \u00bb hablar de que si Feij\u00f3o tiene carisma o no tiene carisma, de si es un hombre m\u00e1s acertado o menos desacertado, es perder el tiempo\u00bb. Las circunstancias le han colocado al frente del PP dice Pedro J. RAm\u00edrez que reconoce que \u00e9l \u00abhubiera preferido que hubiera un partido de centro, que Ciudadanos hubiera sobrevivido pero las circunstancias son las que son. <b>El \u00fanico que puede sustituir a S\u00e1nchez en la Moncloa es Feij\u00f3o.<\/b> Y respecto al partido de Santiago Abascal el periodista analiza que \u00ab<b>apostar por el radicalismo de Vox<\/b>, por ejemplo, aparte de estimular las tensiones y la crispaci\u00f3n en la sociedad, que hay demasiada, <b>es jugar a favor de S\u00e1nchez<\/b>\u00ab.<\/p>\n<p>S\u00edguenos en nuestro <a title=\"canal de WhatsApp\" href=\"https:\/\/www.whatsapp.com\/channel\/0029Va6BhYH2phHPnlatwW3b\" target=\"_blank\" rel=\"nofollow noopener\"><strong>canal de WhatsApp<\/strong><\/a> y no te pierdas la \u00faltima hora y toda la actualidad de antena3noticias.com<\/p>\n<p class=\"pf0\">Puedes ver &#8216;Espejo P\u00fablico&#8217; completo en <a title=\"AtresPlayer\" href=\"https:\/\/www.atresplayer.com\/antena3\/programas\/espejo-publico\/\" target=\"_blank\" rel=\"nofollow noopener\"><b>AtresPlayer<\/b><\/a><b>.<\/b><\/p>\n<p>   <img decoding=\"async\" title=\"Marroqu\u00ed ayuda atraco\" alt=\"Marroqu\u00ed ayuda atraco\" width=\"480\" height=\"270\" src=\"https:\/\/www.europesays.com\/es\/wp-content\/uploads\/2025\/10\/marroqui-ayuda-atraco_70.jpg\" loading=\"lazy\" class=\"lazy\"\/><\/p>\n","protected":false},"excerpt":{"rendered":"Pedro J. Ram\u00edrez, director de \u00abEl Espa\u00f1ol\u00bb, visita esta ma\u00f1ana el plat\u00f3 de \u00abEspejo P\u00fablico\u00bb para presentar el&hellip;\n","protected":false},"author":2,"featured_media":154059,"comment_status":"","ping_status":"","sticky":false,"template":"","format":"standard","meta":{"footnotes":""},"categories":[171],"tags":[146,147,25,24,23,214],"class_list":{"0":"post-154058","1":"post","2":"type-post","3":"status-publish","4":"format-standard","5":"has-post-thumbnail","7":"category-tv","8":"tag-entertainment","9":"tag-entretenimiento","10":"tag-es","11":"tag-espana","12":"tag-spain","13":"tag-tv"},"share_on_mastodon":{"url":"","error":""},"_links":{"self":[{"href":"https:\/\/www.europesays.com\/es\/wp-json\/wp\/v2\/posts\/154058","targetHints":{"allow":["GET"]}}],"collection":[{"href":"https:\/\/www.europesays.com\/es\/wp-json\/wp\/v2\/posts"}],"about":[{"href":"https:\/\/www.europesays.com\/es\/wp-json\/wp\/v2\/types\/post"}],"author":[{"embeddable":true,"href":"https:\/\/www.europesays.com\/es\/wp-json\/wp\/v2\/users\/2"}],"replies":[{"embeddable":true,"href":"https:\/\/www.europesays.com\/es\/wp-json\/wp\/v2\/comments?post=154058"}],"version-history":[{"count":0,"href":"https:\/\/www.europesays.com\/es\/wp-json\/wp\/v2\/posts\/154058\/revisions"}],"wp:featuredmedia":[{"embeddable":true,"href":"https:\/\/www.europesays.com\/es\/wp-json\/wp\/v2\/media\/154059"}],"wp:attachment":[{"href":"https:\/\/www.europesays.com\/es\/wp-json\/wp\/v2\/media?parent=154058"}],"wp:term":[{"taxonomy":"category","embeddable":true,"href":"https:\/\/www.europesays.com\/es\/wp-json\/wp\/v2\/categories?post=154058"},{"taxonomy":"post_tag","embeddable":true,"href":"https:\/\/www.europesays.com\/es\/wp-json\/wp\/v2\/tags?post=154058"}],"curies":[{"name":"wp","href":"https:\/\/api.w.org\/{rel}","templated":true}]}}