{"id":15406,"date":"2025-07-31T03:39:16","date_gmt":"2025-07-31T03:39:16","guid":{"rendered":"https:\/\/www.europesays.com\/es\/15406\/"},"modified":"2025-07-31T03:39:16","modified_gmt":"2025-07-31T03:39:16","slug":"pfl-enciende-la-polemica-al-seguir-los-pasos-de-ufc-y-permitir-uno-de-los-golpes-mas-prohibidos-durante-anos","status":"publish","type":"post","link":"https:\/\/www.europesays.com\/es\/15406\/","title":{"rendered":"PFL enciende la pol\u00e9mica al seguir los pasos de UFC y permitir uno de los golpes m\u00e1s prohibidos durante a\u00f1os"},"content":{"rendered":"<p>\n                Publicado <b>7 enero, 2025<\/b> por <b style=\"text-transform:capitalize;\">Leonardo M\u00e9ndez<\/b>            <\/p>\n<p><img fetchpriority=\"high\" decoding=\"async\" width=\"1024\" height=\"576\" src=\"https:\/\/www.europesays.com\/es\/wp-content\/uploads\/2025\/07\/2024-06-02t055815z-205751421-mt1usatoday23451971-rtrmadp-3-mma-ufc-302-makhachev-vs-poirier-180330-1.jpeg\" alt=\"Dustin Poirier habla de las lesiones que sufri\u00f3 ante Makhachev | Reuters\" class=\"wp-image-672684\"  \/>Dustin Poirier habla de las lesiones que sufri\u00f3 ante Makhachev | Reuters<\/p>\n<p><strong>PFL,<\/strong> la principal competencia de UFC dentro del mercado de las artes marciales mixtas, intentar\u00e1 seguir los pasos de la empresa que dirige <strong>Dana White<\/strong> con un<strong><a href=\"https:\/\/www.clarosports.com\/ufc\/kelvin-gastelum-y-joe-pfyer-se-enfrentarian-en-el-regreso-de-la-ufc-a-la-ciudad-de-mexico\/\" rel=\"nofollow noopener\" target=\"_blank\"> cambio pol\u00e9mico en el reglamento<\/a><\/strong>, al permitir los codazos.\u00a0<\/p>\n<p><strong>Donn Davis<\/strong>, cabecilla de la empresa de MMA, revel\u00f3 en redes sociales que con el A\u00f1o Nuevo, su compa\u00f1\u00eda tendr\u00e1 una <strong><a href=\"https:\/\/www.clarosports.com\/ufc\/muere-repentinamente-el-peleador-de-las-mma-hakaraia-wilson-a-los-26-anos\/\" rel=\"nofollow noopener\" target=\"_blank\">revoluci\u00f3n al permitir los codazos de cualquier tipo, <\/a><\/strong>un golpe prohibido durante a\u00f1os en este deporte de contacto, debido a que era considerado peligroso para los peleadores.\u00a0<\/p>\n<p>Durante el a\u00f1o pasado, el Comit\u00e9 de Artes Marciales Mixtas de la Asociaci\u00f3n de Comisiones de Boxeo y Deportes de Combate modific\u00f3 algunos<strong> art\u00edculos de las reglas unificadas de la MMA<\/strong>. Bajo este par\u00e1metro,<strong> <a href=\"https:\/\/www.clarosports.com\/ufc\/asi-termina-el-ranking-del-mejor-libra-por-libra-de-ufc-2024-la-mexicana-alexa-grasso-se-encuentra-en-la-lista\/\" rel=\"nofollow noopener\" target=\"_blank\">UFC y PFL tuvieron que sumarse a la iniciativa, <\/a><\/strong>despu\u00e9s de que la implementaci\u00f3n estuviese hecha para que las empresas de artes marciales mixtas se sumaran de forma paulatina.\u00a0<\/p>\n<p>\u201cA\u00f1o Nuevo, nuevos ajustes. Uste<strong>des pidieron codazos y les estamos dando codazos.<\/strong> Todos los codazos. Todas las peleas. Todo el tiempo, ya viene\u201d, declar\u00f3 Don Davis en redes sociales.\u00a0<\/p>\n<p>Cabe recordar que los <strong>codazos directos de arriba hacia abajo <\/strong>con el rival boca arriba sobre la lona eran considerados como prohibidos, no s\u00f3lo en <strong>UFC <\/strong>sino tambi\u00e9n en la <strong>PFL<\/strong>. La regla dicta que<strong> un peleador se encontraba en el suelo si cualquier parte del cuerpo, excepto plantas de los pies, tocaba el enlonado. <\/strong>Estos golpes com\u00fanmente son llamados como 12-6 porque el desplazamiento del codo se asemeja a las coordenadas con \u00e1ngulo recto del reloj.\u00a0<\/p>\n<p>Hay que se\u00f1alar que desde finales del a\u00f1o pasado, la compa\u00f1\u00eda de <strong>Donn Davis<\/strong> dio los primeros amagues para permitir los codazos en peleas de campeonato, mientras que<strong> en el formato de liga continu\u00f3 la prohibici\u00f3n<\/strong> porque<strong> se necesitaba que los peleadores llegaran a la siguiente cita sin cortes<\/strong> importantes; ahora esto quedar\u00eda en el olvido si tomamos al pie de la letra la declaraci\u00f3n del propietario. <\/p>\n<p>Los cambios del Comit\u00e9 de Artes Marciales Mixtas de la Asociaci\u00f3n de Comisiones de Boxeo y Deportes de Combate entraron en vigor el pasado<strong> 1 de noviembre tras una votaci\u00f3n un\u00e1nim<\/strong>e. UFC fue una de las primeras empresas en adoptar los cambios y algunos aficionados recordaron la ocasi\u00f3n que <strong>Jon Jones fue descalificado por utilizar este movimiento ante Matt Hamill en 2009.<\/strong> Con la incorporaci\u00f3n de <strong>PFL<\/strong>, algunos aficionados de redes sociales se mostraron entusiastas tras considerar que es un <strong>paso importante <\/strong>para que<strong> la compa\u00f1\u00eda por fin pueda rivalizar en el espect\u00e1culo<\/strong> que ofrece la promoci\u00f3n de Dana White. <\/p>\n<p>Te puede interesar:<\/p>\n","protected":false},"excerpt":{"rendered":"Publicado 7 enero, 2025 por Leonardo M\u00e9ndez Dustin Poirier habla de las lesiones que sufri\u00f3 ante Makhachev |&hellip;\n","protected":false},"author":2,"featured_media":15407,"comment_status":"","ping_status":"","sticky":false,"template":"","format":"standard","meta":{"footnotes":""},"categories":[276],"tags":[168,25,24,23,167,343],"class_list":{"0":"post-15406","1":"post","2":"type-post","3":"status-publish","4":"format-standard","5":"has-post-thumbnail","7":"category-ufc","8":"tag-deportes","9":"tag-es","10":"tag-espana","11":"tag-spain","12":"tag-sports","13":"tag-ufc"},"share_on_mastodon":{"url":"","error":""},"_links":{"self":[{"href":"https:\/\/www.europesays.com\/es\/wp-json\/wp\/v2\/posts\/15406","targetHints":{"allow":["GET"]}}],"collection":[{"href":"https:\/\/www.europesays.com\/es\/wp-json\/wp\/v2\/posts"}],"about":[{"href":"https:\/\/www.europesays.com\/es\/wp-json\/wp\/v2\/types\/post"}],"author":[{"embeddable":true,"href":"https:\/\/www.europesays.com\/es\/wp-json\/wp\/v2\/users\/2"}],"replies":[{"embeddable":true,"href":"https:\/\/www.europesays.com\/es\/wp-json\/wp\/v2\/comments?post=15406"}],"version-history":[{"count":0,"href":"https:\/\/www.europesays.com\/es\/wp-json\/wp\/v2\/posts\/15406\/revisions"}],"wp:featuredmedia":[{"embeddable":true,"href":"https:\/\/www.europesays.com\/es\/wp-json\/wp\/v2\/media\/15407"}],"wp:attachment":[{"href":"https:\/\/www.europesays.com\/es\/wp-json\/wp\/v2\/media?parent=15406"}],"wp:term":[{"taxonomy":"category","embeddable":true,"href":"https:\/\/www.europesays.com\/es\/wp-json\/wp\/v2\/categories?post=15406"},{"taxonomy":"post_tag","embeddable":true,"href":"https:\/\/www.europesays.com\/es\/wp-json\/wp\/v2\/tags?post=15406"}],"curies":[{"name":"wp","href":"https:\/\/api.w.org\/{rel}","templated":true}]}}