{"id":154061,"date":"2025-10-03T03:33:13","date_gmt":"2025-10-03T03:33:13","guid":{"rendered":"https:\/\/www.europesays.com\/es\/154061\/"},"modified":"2025-10-03T03:33:13","modified_gmt":"2025-10-03T03:33:13","slug":"asi-seran-los-actos-previos-al-primer-partido-de-baloncesto-en-roig-arena","status":"publish","type":"post","link":"https:\/\/www.europesays.com\/es\/154061\/","title":{"rendered":"As\u00ed ser\u00e1n los actos previos al primer partido de baloncesto en Roig Arena"},"content":{"rendered":"<p><img fetchpriority=\"high\" class=\"v-a-img\" src=\"https:\/\/www.europesays.com\/es\/wp-content\/uploads\/2025\/10\/fotoactos_ExtraGrande-R9qISePbD6TiyoAd9RguKWI-1200x840@Las Provincias.jpg\" loading=\"eager\" decoding=\"async\" alt=\"Aspecto general del Roig Arena a vista de dron.\"  width=\"1200\" height=\"840\"\/><\/p>\n<p>Aspecto general del Roig Arena a vista de dron.          vbc        <\/p>\n<p>El Valencia Basket abrir\u00e1 una Fan Zone desde las 19 horas frente a la Puerta C, con un escenario donde habr\u00e1 alguna visita sorpresa, y Arturo Valls ser\u00e1 el presentador del show previo al partido a partir de las 19:50 horas<\/p>\n<p><a class=\"v-mdl-ath__fig-a\" href=\"https:\/\/www.lasprovincias.es\/autor\/juan-carlos-villena-478.html\" title=\"Juan Carlos Villena\" rel=\"nofollow noopener\" target=\"_blank\"><br \/>\n<img decoding=\"async\" class=\"v-mdl-ath__img\" src=\"https:\/\/www.europesays.com\/es\/wp-content\/uploads\/2025\/08\/autor-478-foto-2.jpeg\" alt=\"Juan Carlos Villena\"\/><br \/>\n<\/a><\/p>\n<p class=\"v-mdl-ath__p v-mdl-ath__p--6\">\nJueves, 2 de octubre 2025, 19:19<\/p>\n<p class=\"v-p\">El Valencia Basket ha preparado una serie de actividades para la previa del partido inaugural en el Roig Arena que le enfrentar\u00e1 este viernes a  &#8230; la Virtus de Bolonia en la Jornada 2 de la Euroliga. Para abrir boca, desde las 17 horas, los aficionados podr\u00e1n disfrutar de una Fan Zone especial que estar\u00e1 situada en la explanada situada frente a la Puerta C del Roig Arena. Esto es, en el tramo entre la entrada principal con el gran ojo y el nuevo parking. En esta Fan Zone, la afici\u00f3n encontrar\u00e1 diversos juegos relacionados con el baloncesto en las pistas situadas en esa misma ubicaci\u00f3n, adem\u00e1s de ambientaci\u00f3n y m\u00fasica, con stands de los patrocinadores y del propio club, donde poder comprar merchandising.<\/p>\n<p class=\"v-p\">Esta zona contar\u00e1 con un escenario en el que desfilar\u00e1n algunas personalidades durante toda esta previa, que el club no ha querido anunciar para mantener la expectaci\u00f3n alta. Tras la apertura de puestas, es importante que todos los asistentes est\u00e9n dentro del Roig Arena antes de las 19:50 horas. Esa es la hora fijada para el inicio de los actos previos especiales por la inauguraci\u00f3n. El presentador valenciano Arturo Valls ejercer\u00e1 de maestro de ceremonias de toda una serie de sorpresas que preceder\u00e1n la celebraci\u00f3n de este primer partido. Dentro de estos actos previos al partido, se realizar\u00e1 un peque\u00f1o tributo a la historia del club antes de llegar al Roig Arena. Adem\u00e1s de Arturo Valls, est\u00e1 confirmada la presencia del grupo franc\u00e9s de baile Mega Unity, que despu\u00e9s de darse a conocer en Got Talent Espa\u00f1a, vendr\u00e1n con la intenci\u00f3n de dejarnos a todos con la boca abierta con sus espectaculares coreograf\u00edas.<\/p>\n<p class=\"v-crt__t\"> L\u00edmite de sesiones alcanzadas<\/p>\n<p class=\"v-crt__p\">El acceso al contenido Premium est\u00e1 abierto por cortes\u00eda del establecimiento donde te encuentras, pero ahora mismo hay demasiados usuarios conectados a las vez.<\/p>\n<p class=\"v-crt__p\">Por favor, int\u00e9ntalo pasados unos minutos.<\/p>\n<p>\nVolver a intentar\n<\/p>\n<p class=\"v-crt__t\">Sesi\u00f3n cerrada<\/p>\n<p class=\"v-crt__p\">Al iniciar sesi\u00f3n desde un dispositivo distinto, por seguridad, se cerr\u00f3 la \u00faltima sesi\u00f3n en este.<\/p>\n<p class=\"v-crt__p\">Para continuar disfrutando de su suscripci\u00f3n digital, inicie sesi\u00f3n en este dispositivo.<\/p>\n<p>\nEste contenido es exclusivo para suscriptores\n<\/p>\n<p>Reporta un error<\/p>\n","protected":false},"excerpt":{"rendered":"Aspecto general del Roig Arena a vista de dron. vbc El Valencia Basket abrir\u00e1 una Fan Zone desde&hellip;\n","protected":false},"author":2,"featured_media":154062,"comment_status":"","ping_status":"","sticky":false,"template":"","format":"standard","meta":{"footnotes":""},"categories":[93],"tags":[7309,3334,299,168,25,24,1045,1244,977,3333,23,167],"class_list":{"0":"post-154061","1":"post","2":"type-post","3":"status-publish","4":"format-standard","5":"has-post-thumbnail","7":"category-deportes","8":"tag-actos","9":"tag-arena","10":"tag-baloncesto","11":"tag-deportes","12":"tag-es","13":"tag-espana","14":"tag-partido","15":"tag-previos","16":"tag-primer","17":"tag-roig","18":"tag-spain","19":"tag-sports"},"share_on_mastodon":{"url":"","error":""},"_links":{"self":[{"href":"https:\/\/www.europesays.com\/es\/wp-json\/wp\/v2\/posts\/154061","targetHints":{"allow":["GET"]}}],"collection":[{"href":"https:\/\/www.europesays.com\/es\/wp-json\/wp\/v2\/posts"}],"about":[{"href":"https:\/\/www.europesays.com\/es\/wp-json\/wp\/v2\/types\/post"}],"author":[{"embeddable":true,"href":"https:\/\/www.europesays.com\/es\/wp-json\/wp\/v2\/users\/2"}],"replies":[{"embeddable":true,"href":"https:\/\/www.europesays.com\/es\/wp-json\/wp\/v2\/comments?post=154061"}],"version-history":[{"count":0,"href":"https:\/\/www.europesays.com\/es\/wp-json\/wp\/v2\/posts\/154061\/revisions"}],"wp:featuredmedia":[{"embeddable":true,"href":"https:\/\/www.europesays.com\/es\/wp-json\/wp\/v2\/media\/154062"}],"wp:attachment":[{"href":"https:\/\/www.europesays.com\/es\/wp-json\/wp\/v2\/media?parent=154061"}],"wp:term":[{"taxonomy":"category","embeddable":true,"href":"https:\/\/www.europesays.com\/es\/wp-json\/wp\/v2\/categories?post=154061"},{"taxonomy":"post_tag","embeddable":true,"href":"https:\/\/www.europesays.com\/es\/wp-json\/wp\/v2\/tags?post=154061"}],"curies":[{"name":"wp","href":"https:\/\/api.w.org\/{rel}","templated":true}]}}