{"id":154063,"date":"2025-10-03T03:34:13","date_gmt":"2025-10-03T03:34:13","guid":{"rendered":"https:\/\/www.europesays.com\/es\/154063\/"},"modified":"2025-10-03T03:34:13","modified_gmt":"2025-10-03T03:34:13","slug":"arranca-la-vacunacion-contra-la-gripe-de-112-700-escolares-en-los-colegios","status":"publish","type":"post","link":"https:\/\/www.europesays.com\/es\/154063\/","title":{"rendered":"Arranca la vacunaci\u00f3n contra la gripe de 112.700 escolares en los colegios"},"content":{"rendered":"<p class=\"ft-text ft-helper-closenews\">M\u00e1s de <strong>107.000 ni\u00f1os y ni\u00f1as de segundo ciclo de <\/strong><a class=\"ft-link ft-link--decoration\" href=\"https:\/\/www.levante-emv.com\/aula\/2025\/10\/01\/infantil-pas-important-122120403.html\" target=\"_blank\" rel=\"nofollow noopener\">Infantil <\/a>han comenzado a <a class=\"ft-link ft-link--decoration\" href=\"https:\/\/www.levante-emv.com\/comunitat-valenciana\/2025\/08\/30\/campana-vacunacion-gripe-segundo-ciclo-121075410.html\" target=\"_blank\" rel=\"nofollow noopener\">vacunarse <\/a>contra la gripe este mi\u00e9rcoles. La Generalitat ampli\u00f3 este curso la inmunizaci\u00f3n a los estudiante de segundo ciclo de Infantil, que ahora tienen 3, 4 y 5 a\u00f1os y que nacieron entre 2020 y 2022.<\/p>\n<p class=\"ft-text\">La campa\u00f1a ha arrancado este mes de octubre y se llevar\u00e1 a cabo en colegios p\u00fablicos, concertados, privados y de educaci\u00f3n especial, siempre de conformidad con las familias. La novedad se acord\u00f3 entre el director general de\u00a0<a href=\"https:\/\/www.levante-emv.com\/tags\/sanidad\/\" class=\"ft-link ft-link--decoration\" rel=\"nofollow noopener\" target=\"_blank\">Salud P\u00fablica<\/a>, Juan Beltr\u00e1n, y el director general de Centros Docentes, Jorge Cabo.<\/p>\n<p class=\"ft-text\">\u00a0Seg\u00fan explic\u00f3 la Conselleria de Sanidad, la medida busca facilitar el acceso a la protecci\u00f3n frente al virus y aumentar la cobertura entre la poblaci\u00f3n infantil, uno de los grupos m\u00e1s afectados por esta enfermedad y uno de los principales transmisores del virus a sus familias.<\/p>\n<p class=\"ft-text\">De esta forma, tal como se\u00f1ala los datos del<a class=\"ft-link ft-link--decoration\" href=\"https:\/\/www.levante-emv.com\/motogp\/2025\/09\/13\/estadisticas-marc-marquez-pilotos-espanoles-121525947.html\" target=\"_blank\" rel=\"nofollow noopener\"> Instituto Nacional de Estad\u00edstica (INE), <\/a>en 2020 nacieron en la Comunitat Valenciana <strong>35.761 menores<\/strong>, mientras que el siguiente a\u00f1o fueron 35.677 ni\u00f1os y ni\u00f1as. En 2022 nacieron 35.604 beb\u00e9s, en una cifra que no deja de disminuir a cada a\u00f1o que pasa.<\/p>\n<p><img decoding=\"async\" src=\"https:\/\/www.europesays.com\/es\/wp-content\/uploads\/2025\/10\/9eb690ca-4bb0-420c-83fd-19cab22e5837_alta-libre-aspect-ratio_default_0.jpg\" width=\"1200\" height=\"800\" alt=\"Inicio de campa\u00f1a de la vacunaci\u00f3n de la gripe en el Ceip Fernando de los R\u00edos de Burjassot.\" class=\"ft-helper-img-rd\" loading=\"lazy\" hasdataaida=\"true\"\/><\/p>\n<p class=\"ft-helper-fontColor-quaternary ft-helper-fontSize-body-S ft-helper-spacer-t-xxs\">Inicio de campa\u00f1a de la vacunaci\u00f3n de la gripe en el Ceip Fernando de los R\u00edos de Burjassot.  \/ Miguel \u00c1ngel Montesinos<\/p>\n<p>El grupo m\u00e1s afectado<\/p>\n<p class=\"ft-text\">Los menores de cinco a\u00f1os son el grupo que con mayor frecuencia padece la gripe y el que m\u00e1s ingresos hospitalarios registra. Adem\u00e1s, los m\u00e1s peque\u00f1os son a menudo el primer vector de transmisi\u00f3n hacia<strong>\u00a0familiares y personas vulnerables<\/strong>, como mayores o pacientes con enfermedades cr\u00f3nicas. Con esta estrategia, la Generalitat pretende no solo proteger a la infancia, sino tambi\u00e9n reducir la propagaci\u00f3n del virus en la comunidad.<\/p>\n<p class=\"ft-text\">El a\u00f1o pasado se plane\u00f3 suministrar el ant\u00eddoto a unos <strong>70.000 ni\u00f1os y ni\u00f1as, y finalmente lo hicieron unos 38.000<\/strong>. Por tanto, son 30.000 dosis m\u00e1s que en 2024. De igual manera, tambi\u00e9n ha empezado la inmunizaci\u00f3n frente a virus respiratorios en residencias de mayores y centros de personas con <a class=\"ft-link ft-link--decoration\" href=\"https:\/\/www.levante-emv.com\/horta\/2025\/09\/23\/acuerdo-meliana-consell-impulsar-empleo-121881189.html\" target=\"_blank\" rel=\"nofollow noopener\">discapacidad<\/a>.<\/p>\n<p class=\"ft-text\">Seg\u00fan ha destacado Juan Beltr\u00e1n \u201cdesde Salud P\u00fablica ya hemos distribuido a los distintos departamentos de salud <strong>las dosis de vacunas frente a la gripe necesarias<\/strong>, para que desde hoy puedan comenzar a administrarlas en los colegios a aquellos alumnos cuyos padres lo soliciten\u201d.<\/p>\n<p class=\"ft-text\">Por su parte, Jorge Cabo ha se\u00f1alado que son susceptibles de unirse a este programa de vacunaci\u00f3n \u201cm\u00e1s de 1.400 centros educativos de la Comunitat Valenciana, lo que supone una poblaci\u00f3n diana de 112.705 alumnos. El a\u00f1o pasado se vacun\u00f3 m\u00e1s de 45 % del alumnado y este a\u00f1o esperamos que la incidencia sea mayor porque las familias han comprobado el beneficio que tiene realizar la vacunaci\u00f3n en el colegio\u201d.<\/p>\n<p><img decoding=\"async\" src=\"https:\/\/www.europesays.com\/es\/wp-content\/uploads\/2025\/10\/cc335df7-cc41-461b-b4d6-cb7921b5e484_alta-libre-aspect-ratio_default_0.jpg\" width=\"1200\" height=\"800\" alt=\"Vacunaci\u00f3n contra la gripe en los colegios de la C.Valenciana.\" class=\"ft-helper-img-rd\" loading=\"lazy\" hasdataaida=\"true\"\/><\/p>\n<p class=\"ft-helper-fontColor-quaternary ft-helper-fontSize-body-S ft-helper-spacer-t-xxs\">Vacunaci\u00f3n contra la gripe en los colegios de la C.Valenciana.  \/ Miguel \u00c1ngel Montesinos<\/p>\n<p>Suministro sin pinchazo<\/p>\n<p class=\"ft-text\">En el caso de los menores<strong>, la vacuna frente a la gripe que se emplea se administra por v\u00eda nasal,<\/strong> por lo tanto, no requiere pinchazo, ya que se suministra en forma de aerosol y entre sus beneficios destaca que neutraliza el virus en la v\u00eda de entrada, la mucosa nasal. Se trata de una vacuna segura y eficaz, pues reduce a la mitad el riesgo de enfermar y evita hasta 8 de cada 10 ingresos hospitalarios por gripe en los m\u00e1s peque\u00f1os. Se administra con una peque\u00f1a dosis en cada fosa nasal y es una vacuna trivalente.<\/p>\n<p class=\"ft-text\">El Consell ya introdujo el pasado curso la <a class=\"ft-link ft-link--decoration\" href=\"https:\/\/www.levante-emv.com\/sociedad\/2025\/09\/25\/medicos-recomiendan-extender-vacunacion-frente-gripe-ninos-adolescentes-121942406.html\" target=\"_blank\" rel=\"nofollow noopener\">vacuna intranasal en la\u00a0campa\u00f1a antigripal,<\/a> aunque entonces de forma m\u00e1s limitada. La administraci\u00f3n en los colegios, directamente en el aula y de la mano de personal sanitario, pretende adem\u00e1s simplificar el proceso para las familias, evitar desplazamientos a los centros de salud y favorecer la conciliaci\u00f3n.<\/p>\n<p class=\"ft-text\">La participaci\u00f3n ser\u00e1 voluntaria y se requerir\u00e1 el\u00a0<strong>consentimiento\u00a0<\/strong>de los padres o tutores. Quienes prefieran acudir al centro de salud podr\u00e1n solicitar cita con enfermer\u00eda pedi\u00e1trica.<\/p>\n<p>Vacunaci\u00f3n en las residencias y centros de discapacidad<\/p>\n<p class=\"ft-text\">La vacunaci\u00f3n a personas mayores de <a class=\"ft-link ft-link--decoration\" href=\"https:\/\/www.levante-emv.com\/economia\/2025\/08\/16\/residencias-estudiantes-ganan-terreno-valencia-piso-estudiantes-valencia-residencia-estudiantes-valencia-120632111.html\" target=\"_blank\" rel=\"nofollow noopener\">residencias <\/a>y usuarios de los centros de discapacidad comienza tambi\u00e9n este 1 de octubre, ya que se trata de grupos vulnerables y el objetivo es que est\u00e9n inmunizados antes de la llegada del fr\u00edo y de la mayor circulaci\u00f3n de virus respiratorios.<\/p>\n<p class=\"ft-text\">En el caso de estos grupos,<strong> la campa\u00f1a de vacunaci\u00f3n es conjunta frente a los virus respiratorios<\/strong> (gripe, Covid-19 y VRS), por lo que no solo se administra la vacuna de la gripe, sino que pueden inmunizarse frente a esos tres virus. Para ello, equipos de profesionales sanitarios se desplazan a los centros para administrar las vacunas.<\/p>\n<p class=\"ft-text\">Respecto a las personas residentes en centros de discapacidad, comienzan hoy a vacunarse frente a la gripe y covid 19. Adem\u00e1s, se inmunizar\u00e1 frente al VRS a las personas de 60 o m\u00e1s a\u00f1os en residencias y personas inmunosuprimidas por trasplante de pulm\u00f3n o progenitores hematopoy\u00e9ticos.<\/p>\n<p data-close=\"closedContent\" class=\"subscribeHideForDisplay\">Suscr\u00edbete para seguir leyendo<\/p>\n","protected":false},"excerpt":{"rendered":"M\u00e1s de 107.000 ni\u00f1os y ni\u00f1as de segundo ciclo de Infantil han comenzado a vacunarse contra la gripe&hellip;\n","protected":false},"author":2,"featured_media":154064,"comment_status":"","ping_status":"","sticky":false,"template":"","format":"standard","meta":{"footnotes":""},"categories":[92],"tags":[5508,12825,5881,2027,12189,25,24,7749,165,2932,166,23,7589],"class_list":{"0":"post-154063","1":"post","2":"type-post","3":"status-publish","4":"format-standard","5":"has-post-thumbnail","7":"category-salud","8":"tag-5508","9":"tag-12825","10":"tag-arranca","11":"tag-colegios","12":"tag-comunitat-valenciana","13":"tag-es","14":"tag-espana","15":"tag-gripe","16":"tag-health","17":"tag-ninos","18":"tag-salud","19":"tag-spain","20":"tag-vacunacion"},"share_on_mastodon":{"url":"","error":""},"_links":{"self":[{"href":"https:\/\/www.europesays.com\/es\/wp-json\/wp\/v2\/posts\/154063","targetHints":{"allow":["GET"]}}],"collection":[{"href":"https:\/\/www.europesays.com\/es\/wp-json\/wp\/v2\/posts"}],"about":[{"href":"https:\/\/www.europesays.com\/es\/wp-json\/wp\/v2\/types\/post"}],"author":[{"embeddable":true,"href":"https:\/\/www.europesays.com\/es\/wp-json\/wp\/v2\/users\/2"}],"replies":[{"embeddable":true,"href":"https:\/\/www.europesays.com\/es\/wp-json\/wp\/v2\/comments?post=154063"}],"version-history":[{"count":0,"href":"https:\/\/www.europesays.com\/es\/wp-json\/wp\/v2\/posts\/154063\/revisions"}],"wp:featuredmedia":[{"embeddable":true,"href":"https:\/\/www.europesays.com\/es\/wp-json\/wp\/v2\/media\/154064"}],"wp:attachment":[{"href":"https:\/\/www.europesays.com\/es\/wp-json\/wp\/v2\/media?parent=154063"}],"wp:term":[{"taxonomy":"category","embeddable":true,"href":"https:\/\/www.europesays.com\/es\/wp-json\/wp\/v2\/categories?post=154063"},{"taxonomy":"post_tag","embeddable":true,"href":"https:\/\/www.europesays.com\/es\/wp-json\/wp\/v2\/tags?post=154063"}],"curies":[{"name":"wp","href":"https:\/\/api.w.org\/{rel}","templated":true}]}}