{"id":154073,"date":"2025-10-03T03:41:12","date_gmt":"2025-10-03T03:41:12","guid":{"rendered":"https:\/\/www.europesays.com\/es\/154073\/"},"modified":"2025-10-03T03:41:12","modified_gmt":"2025-10-03T03:41:12","slug":"alta-gracia-epicentro-del-nacional-de-clubes-a-de-handball","status":"publish","type":"post","link":"https:\/\/www.europesays.com\/es\/154073\/","title":{"rendered":"Alta Gracia, epicentro del Nacional de Clubes \u201cA\u201d de handball"},"content":{"rendered":"<p>&#13;<br \/>\n&#13;<br \/>\n\t\t\t\t\t\t\t&#13;<br \/>\n\t\t\t\t\t\t\t\t&#13;<br \/>\n\t\t\t\t\t\t\t\t&#13;<br \/>\n\t\t\t\t\t\t\t\tCompartir<a href=\"#\" class=\"penci-post-like penci_post-meta_item  single-like-button penci-social-item like\" data-post_id=\"179955\" title=\"Like\" data-like=\"Like\" data-unlike=\"Unlike\">0<\/a><a class=\"penci-social-item facebook\" target=\"_blank\" rel=\"noopener nofollow\" title=\"\" href=\"https:\/\/www.facebook.com\/sharer\/sharer.php?u=https%3A%2F%2Fwww.altagracianoticias.com%2Falta-gracia-epicentro-del-nacional-de-clubes-a-de-handball%2F\"><\/a><a class=\"penci-social-item twitter\" target=\"_blank\" rel=\"noopener nofollow\" title=\"\" href=\"https:\/\/twitter.com\/intent\/tweet?text=Alta%20Gracia,%20epicentro%20del%20Nacional%20de%20Clubes%20\u201cA\u201d%20de%20handball%20-%20https:\/\/www.altagracianoticias.com\/alta-gracia-epicentro-del-nacional-de-clubes-a-de-handball\/\"><\/a><a class=\"penci-social-item google_plus\" target=\"_blank\" rel=\"noopener nofollow\" title=\"\" href=\"https:\/\/plus.google.com\/share?url=https%3A%2F%2Fwww.altagracianoticias.com%2Falta-gracia-epicentro-del-nacional-de-clubes-a-de-handball%2F\"><\/a><a class=\"penci-social-item pinterest\" target=\"_blank\" rel=\"noopener nofollow\" title=\"\" href=\"http:\/\/pinterest.com\/pin\/create\/button?url=https%3A%2F%2Fwww.altagracianoticias.com%2Falta-gracia-epicentro-del-nacional-de-clubes-a-de-handball%2F&amp;media=https%3A%2F%2Fwww.altagracianoticias.com%2Fwp-content%2Fuploads%2F2025%2F10%2FWhatsApp-Image-2025-10-02-at-14.00.03.jpeg&amp;description=Alta%20Gracia%2C%20epicentro%20del%20Nacional%20de%20Clubes%20%E2%80%9CA%E2%80%9D%20de%20handball\"><\/a><a class=\"penci-social-item linkedin\" target=\"_blank\" rel=\"noopener nofollow\" title=\"\" href=\"https:\/\/www.linkedin.com\/shareArticle?mini=true&amp;url=https%3A%2F%2Fwww.altagracianoticias.com%2Falta-gracia-epicentro-del-nacional-de-clubes-a-de-handball%2F&amp;title=Alta%20Gracia%2C%20epicentro%20del%20Nacional%20de%20Clubes%20%E2%80%9CA%E2%80%9D%20de%20handball\"><\/a><a class=\"penci-social-item tumblr\" target=\"_blank\" rel=\"noopener nofollow\" title=\"\" href=\"https:\/\/www.tumblr.com\/share\/link?url=https%3A%2F%2Fwww.altagracianoticias.com%2Falta-gracia-epicentro-del-nacional-de-clubes-a-de-handball%2F&amp;name=Alta%20Gracia%2C%20epicentro%20del%20Nacional%20de%20Clubes%20%E2%80%9CA%E2%80%9D%20de%20handball\"><\/a><a class=\"penci-social-item reddit\" target=\"_blank\" rel=\"noopener nofollow\" title=\"\" href=\"https:\/\/reddit.com\/submit?url=https%3A%2F%2Fwww.altagracianoticias.com%2Falta-gracia-epicentro-del-nacional-de-clubes-a-de-handball%2F&amp;title=Alta%20Gracia%2C%20epicentro%20del%20Nacional%20de%20Clubes%20%E2%80%9CA%E2%80%9D%20de%20handball\"><\/a><a class=\"penci-social-item telegram\" target=\"_blank\" rel=\"noopener nofollow\" title=\"\" href=\"https:\/\/telegram.me\/share\/url?url=https%3A%2F%2Fwww.altagracianoticias.com%2Falta-gracia-epicentro-del-nacional-de-clubes-a-de-handball%2F&amp;text=Alta%20Gracia%2C%20epicentro%20del%20Nacional%20de%20Clubes%20%E2%80%9CA%E2%80%9D%20de%20handball\"><\/a><a class=\"penci-social-item email\" target=\"_blank\" rel=\"noopener\" href=\"mailto:?subject=Alta%20Gracia,%20epicentro%20del%20Nacional%20de%20Clubes%20\u201cA\u201d%20de%20handball&amp;BODY=https:\/\/www.altagracianoticias.com\/alta-gracia-epicentro-del-nacional-de-clubes-a-de-handball\/\"><\/a>\t\t\t\t\t\t\t&#13;<br \/>\n\t\t\t\t\t\t\t<img width=\"960\" height=\"640\" src=\"https:\/\/www.europesays.com\/es\/wp-content\/uploads\/2025\/10\/WhatsApp-Image-2025-10-02-at-14.00.03-960x640.jpeg\" class=\"attachment-penci-thumb-960-auto size-penci-thumb-960-auto wp-post-image\" alt=\"Alta Gracia, epicentro del Nacional de Clubes \u201cA\u201d de handball\" decoding=\"async\" fetchpriority=\"high\"  \/>\t<\/p>\n<p><strong>Del 13 al 18 de octubre, la ciudad recibir\u00e1 a 24 equipos de todo el pa\u00eds en el Nacional de Clubes \u201cA\u201d de handball. Los partidos se jugar\u00e1n en el Polideportivo Municipal y el IPEF de C\u00f3rdoba, con la presencia de los principales referentes de este deporte.<\/strong><\/p>\n<p>Entre el 13 y el 18 de octubre, Alta Gracia volver\u00e1 a estar en el centro de la escena deportiva al recibir una de las competencias m\u00e1s relevantes del calendario nacional: el Nacional de Clubes \u201cA\u201d de handball. El evento reunir\u00e1 a los mejores equipos del pa\u00eds y se disputar\u00e1 en dos escenarios principales: el Polideportivo Municipal de Alta Gracia y el IPEF de C\u00f3rdoba.<\/p>\n<p>La edici\u00f3n 38\u00aa femenina y la 37\u00aa masculina del torneo contar\u00e1 con la participaci\u00f3n de 24 equipos provenientes de distintas provincias<a href=\"https:\/\/www.al\" rel=\"nofollow noopener\" target=\"_blank\">. <\/a>La Municipalidad de Alta Gracia dir\u00e1 presente en la rama masculina, luego de una destacada temporada que le permiti\u00f3 asegurar su lugar en la m\u00e1xima categor\u00eda<a href=\"https:\/\/www.altagracianoticias.com\/\" rel=\"nofollow noopener\" target=\"_blank\">.<\/a><\/p>\n<p>En la primera etapa, los conjuntos se dividir\u00e1n en cuatro zonas de tres equipos, con un sistema de competencia que definir\u00e1 tanto a los clasificados a la Zona Campeonato como a los que jugar\u00e1n la permanencia. Los campeones de cada rama obtendr\u00e1n la clasificaci\u00f3n al Sur-Centro de Clubes 2026, un certamen internacional que re\u00fane a las potencias de la regi\u00f3n.<\/p>\n<p>Entre los participantes se destacan instituciones de renombre como River Plate, Ferro, Dorrego y Sedalo (FeMeBal); Jockey Club y Universitario (C\u00f3rdoba); Universidad de Cuyo y Maip\u00fa (Mendoza); Sol de Mayo (R\u00edo Negro); Nueva Generaci\u00f3n (Chubut) y Once Unidos (Atl\u00e1ntica), entre otros.<\/p>\n<p>Con este evento, Alta Gracia refuerza su posici\u00f3n como un polo deportivo de referencia a nivel nacional, consolidando su capacidad para recibir competencias de gran magnitud y continuar proyect\u00e1ndose como una verdadera capital del deporte.<\/p>\n<p><a href=\"https:\/\/laportasrl.com.ar\/\" aria-label=\"Banner Web Empresarial de Asesor\u00eda Integral Online Azul (1)\" rel=\"nofollow noopener\" target=\"_blank\"><img loading=\"lazy\" decoding=\"async\" src=\"https:\/\/www.europesays.com\/es\/wp-content\/uploads\/2025\/10\/Banner-Web-Empresarial-de-Asesoria-Integral-Online-Azul-1.png\" alt=\"\"   width=\"6912\" height=\"3456\"\/><\/a><img loading=\"lazy\" decoding=\"async\" src=\"https:\/\/www.europesays.com\/es\/wp-content\/uploads\/2025\/08\/IMG-20231116-WA0032.jpg\" alt=\"\"   width=\"1600\" height=\"1011\"\/><img loading=\"lazy\" decoding=\"async\" src=\"https:\/\/www.europesays.com\/es\/wp-content\/uploads\/2025\/08\/Diseno-sin-titulo.png\" alt=\"nakasone\"   width=\"2000\" height=\"395\"\/><img loading=\"lazy\" decoding=\"async\" src=\"https:\/\/www.europesays.com\/es\/wp-content\/uploads\/2025\/08\/DUR-LAT-BANNER-WEB_Mesa-de-trabajo-1-scaled.jpg\" alt=\"\"   width=\"2560\" height=\"512\"\/><img loading=\"lazy\" decoding=\"async\" src=\"https:\/\/www.europesays.com\/es\/wp-content\/uploads\/2025\/09\/Fiambres-\u2013-Lacteos-\u2013-Congelados-\u2013-Bebidas-\u2013-Regaleria.png\" alt=\"\"   width=\"1772\" height=\"591\"\/>&#13;<br \/>\n&#13;<br \/>\n\t\t\t\t\t\t\t&#13;<br \/>\n\t\t\t\t\t\t\t\tCompartir<a href=\"#\" class=\"penci-post-like penci_post-meta_item  single-like-button penci-social-item like\" data-post_id=\"179955\" title=\"Like\" data-like=\"Like\" data-unlike=\"Unlike\">0<\/a><a class=\"penci-social-item facebook\" target=\"_blank\" rel=\"noopener nofollow\" title=\"\" href=\"https:\/\/www.facebook.com\/sharer\/sharer.php?u=https%3A%2F%2Fwww.altagracianoticias.com%2Falta-gracia-epicentro-del-nacional-de-clubes-a-de-handball%2F\"><\/a><a class=\"penci-social-item twitter\" target=\"_blank\" rel=\"noopener nofollow\" title=\"\" href=\"https:\/\/twitter.com\/intent\/tweet?text=Alta%20Gracia,%20epicentro%20del%20Nacional%20de%20Clubes%20\u201cA\u201d%20de%20handball%20-%20https:\/\/www.altagracianoticias.com\/alta-gracia-epicentro-del-nacional-de-clubes-a-de-handball\/\"><\/a><a class=\"penci-social-item google_plus\" target=\"_blank\" rel=\"noopener nofollow\" title=\"\" href=\"https:\/\/plus.google.com\/share?url=https%3A%2F%2Fwww.altagracianoticias.com%2Falta-gracia-epicentro-del-nacional-de-clubes-a-de-handball%2F\"><\/a><a class=\"penci-social-item pinterest\" target=\"_blank\" rel=\"noopener nofollow\" title=\"\" href=\"http:\/\/pinterest.com\/pin\/create\/button?url=https%3A%2F%2Fwww.altagracianoticias.com%2Falta-gracia-epicentro-del-nacional-de-clubes-a-de-handball%2F&amp;media=https%3A%2F%2Fwww.altagracianoticias.com%2Fwp-content%2Fuploads%2F2025%2F10%2FWhatsApp-Image-2025-10-02-at-14.00.03.jpeg&amp;description=Alta%20Gracia%2C%20epicentro%20del%20Nacional%20de%20Clubes%20%E2%80%9CA%E2%80%9D%20de%20handball\"><\/a><a class=\"penci-social-item linkedin\" target=\"_blank\" rel=\"noopener nofollow\" title=\"\" href=\"https:\/\/www.linkedin.com\/shareArticle?mini=true&amp;url=https%3A%2F%2Fwww.altagracianoticias.com%2Falta-gracia-epicentro-del-nacional-de-clubes-a-de-handball%2F&amp;title=Alta%20Gracia%2C%20epicentro%20del%20Nacional%20de%20Clubes%20%E2%80%9CA%E2%80%9D%20de%20handball\"><\/a><a class=\"penci-social-item tumblr\" target=\"_blank\" rel=\"noopener nofollow\" title=\"\" href=\"https:\/\/www.tumblr.com\/share\/link?url=https%3A%2F%2Fwww.altagracianoticias.com%2Falta-gracia-epicentro-del-nacional-de-clubes-a-de-handball%2F&amp;name=Alta%20Gracia%2C%20epicentro%20del%20Nacional%20de%20Clubes%20%E2%80%9CA%E2%80%9D%20de%20handball\"><\/a><a class=\"penci-social-item reddit\" target=\"_blank\" rel=\"noopener nofollow\" title=\"\" href=\"https:\/\/reddit.com\/submit?url=https%3A%2F%2Fwww.altagracianoticias.com%2Falta-gracia-epicentro-del-nacional-de-clubes-a-de-handball%2F&amp;title=Alta%20Gracia%2C%20epicentro%20del%20Nacional%20de%20Clubes%20%E2%80%9CA%E2%80%9D%20de%20handball\"><\/a><a class=\"penci-social-item telegram\" target=\"_blank\" rel=\"noopener nofollow\" title=\"\" href=\"https:\/\/telegram.me\/share\/url?url=https%3A%2F%2Fwww.altagracianoticias.com%2Falta-gracia-epicentro-del-nacional-de-clubes-a-de-handball%2F&amp;text=Alta%20Gracia%2C%20epicentro%20del%20Nacional%20de%20Clubes%20%E2%80%9CA%E2%80%9D%20de%20handball\"><\/a><a class=\"penci-social-item email\" target=\"_blank\" rel=\"noopener\" href=\"mailto:?subject=Alta%20Gracia,%20epicentro%20del%20Nacional%20de%20Clubes%20\u201cA\u201d%20de%20handball&amp;BODY=https:\/\/www.altagracianoticias.com\/alta-gracia-epicentro-del-nacional-de-clubes-a-de-handball\/\"><\/a>\t\t\t\t\t\t\t&#13;<br \/>\n\t\t\t\t\t\t<script async src=\"https:\/\/platform.twitter.com\/widgets.js\" charset=\"utf-8\"><\/script><\/p>\n","protected":false},"excerpt":{"rendered":"&#13; &#13; &#13; &#13; &#13; Compartir0 &#13; Del 13 al 18 de octubre, la ciudad recibir\u00e1 a 24&hellip;\n","protected":false},"author":2,"featured_media":154074,"comment_status":"","ping_status":"","sticky":false,"template":"","format":"standard","meta":{"footnotes":""},"categories":[278],"tags":[46343,376,168,46344,25,24,375,23,167],"class_list":{"0":"post-154073","1":"post","2":"type-post","3":"status-publish","4":"format-standard","5":"has-post-thumbnail","7":"category-balonmano","8":"tag-alta-gracia","9":"tag-balonmano","10":"tag-deportes","11":"tag-epicentro-del-nacional-de-clubes-a-de-handball","12":"tag-es","13":"tag-espana","14":"tag-handball","15":"tag-spain","16":"tag-sports"},"share_on_mastodon":{"url":"","error":""},"_links":{"self":[{"href":"https:\/\/www.europesays.com\/es\/wp-json\/wp\/v2\/posts\/154073","targetHints":{"allow":["GET"]}}],"collection":[{"href":"https:\/\/www.europesays.com\/es\/wp-json\/wp\/v2\/posts"}],"about":[{"href":"https:\/\/www.europesays.com\/es\/wp-json\/wp\/v2\/types\/post"}],"author":[{"embeddable":true,"href":"https:\/\/www.europesays.com\/es\/wp-json\/wp\/v2\/users\/2"}],"replies":[{"embeddable":true,"href":"https:\/\/www.europesays.com\/es\/wp-json\/wp\/v2\/comments?post=154073"}],"version-history":[{"count":0,"href":"https:\/\/www.europesays.com\/es\/wp-json\/wp\/v2\/posts\/154073\/revisions"}],"wp:featuredmedia":[{"embeddable":true,"href":"https:\/\/www.europesays.com\/es\/wp-json\/wp\/v2\/media\/154074"}],"wp:attachment":[{"href":"https:\/\/www.europesays.com\/es\/wp-json\/wp\/v2\/media?parent=154073"}],"wp:term":[{"taxonomy":"category","embeddable":true,"href":"https:\/\/www.europesays.com\/es\/wp-json\/wp\/v2\/categories?post=154073"},{"taxonomy":"post_tag","embeddable":true,"href":"https:\/\/www.europesays.com\/es\/wp-json\/wp\/v2\/tags?post=154073"}],"curies":[{"name":"wp","href":"https:\/\/api.w.org\/{rel}","templated":true}]}}