{"id":154079,"date":"2025-10-03T03:46:14","date_gmt":"2025-10-03T03:46:14","guid":{"rendered":"https:\/\/www.europesays.com\/es\/154079\/"},"modified":"2025-10-03T03:46:14","modified_gmt":"2025-10-03T03:46:14","slug":"juan-ayuso-contra-pogacar-y-evenepoel-en-el-mundial-de-ciclismo","status":"publish","type":"post","link":"https:\/\/www.europesays.com\/es\/154079\/","title":{"rendered":"Juan Ayuso contra Pogacar y Evenepoel en el Mundial de Ciclismo"},"content":{"rendered":"<p class=\"ft-text\"><strong>Este domingo 28 de septiembre como colof\u00f3n del <\/strong><a class=\"ft-link ft-link--decoration\" href=\"https:\/\/www.superdeporte.es\/tags\/mundial-de-ciclismo\/\" rel=\"nofollow noopener\" target=\"_blank\">Campeonato del Mundo de Ciclismo en Ruta<\/a> que se celebra en Ruanda, llega el plato fuerte: la prueba en l\u00ednea. Tras la excelente medalla de bronce de <a class=\"ft-link ft-link--decoration\" href=\"https:\/\/www.superdeporte.es\/ciclismo\/2025\/09\/27\/magnifica-mavi-garcia-gana-bronce-mundial-ruanda-122023371.html\" rel=\"nofollow noopener\" target=\"_blank\">Mavi Garc\u00eda<\/a> en la prueba femenina y el oro de <a class=\"ft-link ft-link--decoration\" href=\"https:\/\/www.superdeporte.es\/polideportivo\/2025\/09\/27\/paula-ostiz-nueva-campeona-mundo-ciclismo-122015612.html\" rel=\"nofollow noopener\" target=\"_blank\">Paula Ostiz <\/a> en la prueba j\u00fanior, llega el turno del equipo masculino que estar\u00e1 liderado por el ciclista de X\u00e0bia <a class=\"ft-link ft-link--decoration\" href=\"https:\/\/www.superdeporte.es\/tags\/juan-ayuso\/\" rel=\"nofollow noopener\" target=\"_blank\">Juan Ayuso<\/a>.<\/p>\n<p class=\"ft-text ft-helper-align-justify\"><strong>La Selecci\u00f3n Espa\u00f1ola \u00e9lite masculina<\/strong>, dirigida por Alejandro Valverde, estar\u00e1\u00a0representada por ocho ciclistas con Juan Ayuso como principal baza. El Mundial se disputa por primera vez en el continente africano sobre un dur\u00edsimo recorrido en Kigali (Ruanda).<\/p>\n<p class=\"ft-text ft-helper-align-justify\"><a class=\"ft-link ft-link--decoration\" href=\"https:\/\/www.superdeporte.es\/tags\/juan-ayuso\/\" rel=\"nofollow noopener\" target=\"_blank\"><strong>Juan Ayuso<\/strong><\/a><strong> y Marc Soler (UAE Team Emirates), Iv\u00e1n Romeo y Carlos Canal (Movistar Team), Carlos Verona (Lidl-Trek), Roger Adri\u00e0 (Red Bull &#8211; BORA \u2013 Hansgrohe), Ra\u00fal Garc\u00eda Pierna (Ark\u00e9a &#8211; B&amp;B Hotels) y Abel Balderstone (Caja Rural-Seguros RGA)<\/strong>\u00a0conforman el equipo espa\u00f1ol. El potente bloque nacional viene casi en su totalidad de participar en La Vuelta a Espa\u00f1a, donde Ayuso ha conquistado dos etapas. Marc Soler e Iv\u00e1n Romeo, si tienen el d\u00eda, tambi\u00e9n podr\u00edan tener protagonismo en una carrera.<\/p>\n<p>Un recorrido brutal<\/p>\n<p class=\"ft-text\"><strong>En Kigali se vivir\u00e1 una cita hist\u00f3rica, con un brutal recorrido de 267,5 kil\u00f3metros y 5.475 metros de desnivel <\/strong>positivo acumulado fruto de dar 15 vueltas al circuito local de Kigali con las subidas de Kigali Golf (0,8 km al 8,1% de media con rampas m\u00e1ximas del 14%) y la subida adoquinada a Kimihurura (de 1,3 km y 6,3% de pendiente media). La principal diferencia entre la carrera \u00e9lite masculina y el resto de pruebas de este Mundial es la inclusi\u00f3n mediada la prueba de una extensi\u00f3n del circuito que incluye el paso por el Mont Kigali (5,9 km al 6,9%), una exigente subida que se coronar\u00e1 en el kil\u00f3metro 163 y que bien podr\u00eda desencadenar los primeros movimientos de los favoritos.<\/p>\n<p>Pogacar y Evenepoel, los rivales a batir<\/p>\n<p class=\"ft-text\"><strong>El pulso entre T<\/strong><a class=\"ft-link ft-link--decoration\" href=\"https:\/\/www.superdeporte.es\/tags\/tadej-pogacar\/\" rel=\"nofollow noopener\" target=\"_blank\"><strong>adej Pogacar<\/strong><\/a><strong> y <\/strong><a class=\"ft-link ft-link--decoration\" href=\"https:\/\/www.superdeporte.es\/tags\/remco-evenepoel\/\" rel=\"nofollow noopener\" target=\"_blank\">Remco Evenepoel <\/a>se presume incluso m\u00e1s encarnizado y emocionante de lo esperado en la prueba en l\u00ednea que cerrar\u00e1 el programa de carreras dada la exhibici\u00f3n del belga en la crono individual.<strong> La imagen para la historia que dej\u00f3 esa CRI<\/strong>, la de Remco doblando a Tadej en la subida adoquinada final, a pesar de haber salido dos minutos y medio m\u00e1s tarde, parece avanzar para este domingo una revancha del gran dominador de los \u00faltimos a\u00f1os y ganador de cuatro Tours. Porque Pogacar, no hay que olvidarlo, es el vigente maillot arco\u00edris de la especialidad.<\/p>\n<p class=\"ft-text\"><strong>Otros equipos a tener en cuenta es el Ecuador de Richard Carapaz<\/strong>, campe\u00f3n ol\u00edmpico con Tokio 2020, y la Colombia de Egan Bernal, ganador de un Tour y un Giro y de una etapa en la \u00faltima Vuelta.<\/p>\n<p>Hora y TV<\/p>\n<p class=\"ft-text\">La prueba en l\u00ednea empezar\u00e1 a las 9:45 h. y podr\u00e1 seguirse en <strong>\u00a0Teledeporte<\/strong>, as\u00ed como en\u00a0streaming\u00a0a trav\u00e9s de la\u00a0<strong>plataforma RTVE Play.<\/strong>\u00a0<\/p>\n","protected":false},"excerpt":{"rendered":"Este domingo 28 de septiembre como colof\u00f3n del Campeonato del Mundo de Ciclismo en Ruta que se celebra&hellip;\n","protected":false},"author":2,"featured_media":154080,"comment_status":"","ping_status":"","sticky":false,"template":"","format":"standard","meta":{"footnotes":""},"categories":[273],"tags":[6984,313,312,168,25,24,2680,409,4657,1070,41546,549,7618,25063,46345,23,167,463,550],"class_list":{"0":"post-154079","1":"post","2":"type-post","3":"status-publish","4":"format-standard","5":"has-post-thumbnail","7":"category-ciclismo","8":"tag-ayuso","9":"tag-ciclismo","10":"tag-cycling","11":"tag-deportes","12":"tag-es","13":"tag-espana","14":"tag-evenepoel","15":"tag-juan","16":"tag-juan-ayuso","17":"tag-mundial","18":"tag-mundial-de-ciclismo","19":"tag-pogacar","20":"tag-remco-evenepoel","21":"tag-ruanda","22":"tag-seleccion-espanola-de-ciclismo","23":"tag-spain","24":"tag-sports","25":"tag-tadej-pogacar","26":"tag-uae"},"share_on_mastodon":{"url":"","error":""},"_links":{"self":[{"href":"https:\/\/www.europesays.com\/es\/wp-json\/wp\/v2\/posts\/154079","targetHints":{"allow":["GET"]}}],"collection":[{"href":"https:\/\/www.europesays.com\/es\/wp-json\/wp\/v2\/posts"}],"about":[{"href":"https:\/\/www.europesays.com\/es\/wp-json\/wp\/v2\/types\/post"}],"author":[{"embeddable":true,"href":"https:\/\/www.europesays.com\/es\/wp-json\/wp\/v2\/users\/2"}],"replies":[{"embeddable":true,"href":"https:\/\/www.europesays.com\/es\/wp-json\/wp\/v2\/comments?post=154079"}],"version-history":[{"count":0,"href":"https:\/\/www.europesays.com\/es\/wp-json\/wp\/v2\/posts\/154079\/revisions"}],"wp:featuredmedia":[{"embeddable":true,"href":"https:\/\/www.europesays.com\/es\/wp-json\/wp\/v2\/media\/154080"}],"wp:attachment":[{"href":"https:\/\/www.europesays.com\/es\/wp-json\/wp\/v2\/media?parent=154079"}],"wp:term":[{"taxonomy":"category","embeddable":true,"href":"https:\/\/www.europesays.com\/es\/wp-json\/wp\/v2\/categories?post=154079"},{"taxonomy":"post_tag","embeddable":true,"href":"https:\/\/www.europesays.com\/es\/wp-json\/wp\/v2\/tags?post=154079"}],"curies":[{"name":"wp","href":"https:\/\/api.w.org\/{rel}","templated":true}]}}