{"id":154123,"date":"2025-10-03T04:12:04","date_gmt":"2025-10-03T04:12:04","guid":{"rendered":"https:\/\/www.europesays.com\/es\/154123\/"},"modified":"2025-10-03T04:12:04","modified_gmt":"2025-10-03T04:12:04","slug":"marcelino-hara-historia-en-el-bernabeu-igualara-a-pellegrini","status":"publish","type":"post","link":"https:\/\/www.europesays.com\/es\/154123\/","title":{"rendered":"Marcelino har\u00e1 historia en el Bernab\u00e9u; igualar\u00e1 a Pellegrini"},"content":{"rendered":"<p class=\"\">Marcelino Garc\u00eda har\u00e1 historia en el Bernab\u00e9u.<b> Historia del Villarreal. <\/b>El t\u00e9cnico asturiano igualar\u00e1 a Manuel Pellegrini como t\u00e9cnico con m\u00e1s partidos dirigidos en el Villarreal. Pellegrini, con pasado tambi\u00e9n en el Real Madrid, dirigi\u00f3 al Submarino un total de 259 veces en partidos oficiales, una cifra que alcanzar\u00e1 este s\u00e1bado Marcelino. <\/p>\n<p class=\"\">El t\u00e9cnico asturiano suma 184 partidos de Liga, 21 partidos en Segunda Divisi\u00f3n, 20 partidos de Copa del Rey, 31 partidos de Europa League y dos partidos de liga de Campeones. 258 partidos hasta el d\u00eda de hoy, en los que suma <b>129 victorias<\/b> (49,8%),<b> 65 empates<\/b> (25,2%) y <b>64 derrotas <\/b>(24,9%). Pellegrini firm\u00f3 un 47,4 % de victorias, 27,8% de empates y 24,7% de derrotas.<\/p>\n<blockquote class=\"a_q\">\n<p>Marcelino suma  129 victorias (49,8%), 65 empates (25,2%) y 64 derrotas (24,9%)<\/p>\n<p>Los datos<\/p><\/blockquote>\n<p>Noticias relacionadas<\/p>\n<p class=\"\">Marcelino ha dirigido al Villarreal en <b>dos etapas diferentes<\/b>, en una primera en la que lo dirigi\u00f3 el equipo tres temporadas y media, y en la que edirigi\u00f3 177 partidos oficiales. Mientras que ahora se le suma esta segunda etapa, en la que lleva 82 partidos: 41 victorias, 22 empates y 19 derrotas. Entre sus hitos: un ascenso a primera divisi\u00f3n, una semifinales de Europa League, dos clasificaciones para la Champions y tres para la Europa League. <\/p>\n<p class=\"\"><b>\u00a1Tus opiniones importan!<\/b> Comenta en los art\u00edculos y suscr\u00edbete gratis a nuestra <a href=\"https:\/\/asfan.as.com\/newsletters\/\" target=\"_blank\" rel=\"nofollow noopener\" title=\"https:\/\/asfan.as.com\/newsletters\/\">newsletter<\/a> y a las alertas informativas en la <a href=\"https:\/\/as.com\/aplicacion-de-as-n\/\" target=\"_blank\" rel=\"nofollow noopener\" title=\"https:\/\/as.com\/aplicacion-de-as-n\/\">App<\/a> o el canal de <a href=\"https:\/\/www.whatsapp.com\/channel\/0029VaAasdA7j6g745nz9M10\" target=\"_blank\" rel=\"nofollow noopener\" title=\"https:\/\/www.whatsapp.com\/channel\/0029VaAasdA7j6g745nz9M10\">WhatsApp<\/a>. \u00bfBuscas licenciar contenido? Haz clic <a href=\"https:\/\/profesional.elpais.com\/soluciones-sindicacion?utm_medium=interno&amp;utm_source=crosslinking&amp;utm_campaign=sindicacion_as_pie_articulos\" target=\"_blank\" rel=\"nofollow noopener\" title=\"https:\/\/profesional.elpais.com\/soluciones-sindicacion?utm_medium=interno&amp;utm_source=crosslinking&amp;utm_campaign=sindicacion_as_pie_articulos\">aqu\u00ed<\/a><\/p>\n","protected":false},"excerpt":{"rendered":"Marcelino Garc\u00eda har\u00e1 historia en el Bernab\u00e9u. Historia del Villarreal. El t\u00e9cnico asturiano igualar\u00e1 a Manuel Pellegrini como&hellip;\n","protected":false},"author":2,"featured_media":154124,"comment_status":"","ping_status":"","sticky":false,"template":"","format":"standard","meta":{"footnotes":""},"categories":[268],"tags":[168,25,24,280,282,281,23,167],"class_list":{"0":"post-154123","1":"post","2":"type-post","3":"status-publish","4":"format-standard","5":"has-post-thumbnail","7":"category-futbol","8":"tag-deportes","9":"tag-es","10":"tag-espana","11":"tag-football","12":"tag-futbol","13":"tag-soccer","14":"tag-spain","15":"tag-sports"},"share_on_mastodon":{"url":"","error":""},"_links":{"self":[{"href":"https:\/\/www.europesays.com\/es\/wp-json\/wp\/v2\/posts\/154123","targetHints":{"allow":["GET"]}}],"collection":[{"href":"https:\/\/www.europesays.com\/es\/wp-json\/wp\/v2\/posts"}],"about":[{"href":"https:\/\/www.europesays.com\/es\/wp-json\/wp\/v2\/types\/post"}],"author":[{"embeddable":true,"href":"https:\/\/www.europesays.com\/es\/wp-json\/wp\/v2\/users\/2"}],"replies":[{"embeddable":true,"href":"https:\/\/www.europesays.com\/es\/wp-json\/wp\/v2\/comments?post=154123"}],"version-history":[{"count":0,"href":"https:\/\/www.europesays.com\/es\/wp-json\/wp\/v2\/posts\/154123\/revisions"}],"wp:featuredmedia":[{"embeddable":true,"href":"https:\/\/www.europesays.com\/es\/wp-json\/wp\/v2\/media\/154124"}],"wp:attachment":[{"href":"https:\/\/www.europesays.com\/es\/wp-json\/wp\/v2\/media?parent=154123"}],"wp:term":[{"taxonomy":"category","embeddable":true,"href":"https:\/\/www.europesays.com\/es\/wp-json\/wp\/v2\/categories?post=154123"},{"taxonomy":"post_tag","embeddable":true,"href":"https:\/\/www.europesays.com\/es\/wp-json\/wp\/v2\/tags?post=154123"}],"curies":[{"name":"wp","href":"https:\/\/api.w.org\/{rel}","templated":true}]}}