{"id":154127,"date":"2025-10-03T04:15:16","date_gmt":"2025-10-03T04:15:16","guid":{"rendered":"https:\/\/www.europesays.com\/es\/154127\/"},"modified":"2025-10-03T04:15:16","modified_gmt":"2025-10-03T04:15:16","slug":"quien-va-y-quien-no-va-a-la-fil-de-guadalajara-en-representacion-de-barcelona","status":"publish","type":"post","link":"https:\/\/www.europesays.com\/es\/154127\/","title":{"rendered":"\u00bfQui\u00e9n va y quien no va a la FIL de Guadalajara en representaci\u00f3n de Barcelona?"},"content":{"rendered":"<p data-gtm-element-container=\"modulo-texto-link\" class=\"paragraph\">A poco menos de sesenta d\u00edas para que se celebre la Feria Internacional del Libro (FIL) de Guadalajara, en M\u00e9xico, la reuni\u00f3n editorial m\u00e1s importante en lengua castellana del mundo, el escritor Ildefonso Falcones concedi\u00f3 una entrevista al diario italiano Corriere della Sera donde denunciaba no haber sido invitado al evento por la delegaci\u00f3n de Barcelona, que este a\u00f1o ser\u00e1 la ciudad invitada de honor y que, consecuencia de ello, llevar\u00e1 un total de 70 autores del pr\u00f3ximo 29 de noviembre hasta el 8 de diciembre. \u201cS\u00e9 que no cuento para las autoridades\u201d, lamentaba el autor, que se defin\u00eda a s\u00ed mismo como \u201cun ap\u00e1trida literario\u201d y que tild\u00f3 la ciudad de \u201cprovinciana\u201d y \u201cperdedora\u201d, para concluir que \u201ccualquier impulso nacionalista indica una regresi\u00f3n\u201d. Unas palabras que, m\u00e1s haya de no haber sentado demasiado bien al sector, llevan a una pregunta: \u00bfqui\u00e9n deber\u00eda ir a la FIL?<\/p>\n<p data-gtm-element-container=\"modulo-texto-link\" class=\"paragraph\">Antes de abordar m\u00e1s a fondo la cuesti\u00f3n, Falcones responde a La Vanguardia por tel\u00e9fono y lamenta que algunas declaraciones se hayan \u201ctergiversado\u201d. \u201cHe visto titulares que dicen que no me invitan por ser un padre de familia con cuatro hijos varones, heterosexual, blanco, cristiano, liberal. Yo digo que, para muchos, el ser un hombre conservador, puede ser algo que penalice, pero no que sea el motivo por el que no se me llama para esta ni para otras citas, pues ha ocurrido m\u00e1s veces. Ni Barcelona, ni Catalunya, ni Espa\u00f1a me han llevado nunca a nada. Es una cancelaci\u00f3n en toda regla. Asumo la invisibilidad, pero tengo derecho a opinar y decir que no se me reconoce como nacional literario, y no s\u00e9 por qu\u00e9, pues he escrito siete novelas, cuatro de ellas ambientadas en la ciudad\u201d.<\/p>\n<p>        Lee tambi\u00e9n<\/p>\n<p>    Lara G\u00f3mez Ruiz<\/p>\n<p>             <img loading=\"lazy\" decoding=\"async\" data-full-src=\"https:\/\/www.lavanguardia.com\/uploads\/2025\/06\/25\/685bbe47a6211.jpeg\" alt=\"Presentaci\u00f3n del programa de Barcelona Ciutat invitada a la FIL de Guadalajara ( M\u00e9xico)\" width=\"104\" height=\"108\" src=\"https:\/\/www.europesays.com\/es\/wp-content\/uploads\/2025\/10\/685bbe47a6211.r_d.1853-1414.jpeg\" class=\"lazy\"\/><\/p>\n<p data-gtm-element-container=\"modulo-texto-link\" class=\"paragraph\">Con todo, el autor de La Catedral del Mar insiste en que, \u201caunque se rectificar\u00e1, no ir\u00eda con esta delegaci\u00f3n\u201d. Tampoco lo har\u00e1 con su editorial, que s\u00ed lo ha invitado a participar en la feria y a realizar actos paralelos. \u201cSi no se considera que yo sea representativo de Barcelona, \u00bfpara qu\u00e9 voy a ir?\u201d, se pregunta, a la vez que insiste en que su caso no es \u00fanico, pues \u201chay muchos autores que est\u00e1n triunfando ahora mismo y que no los llevan\u201d.<\/p>\n<p data-gtm-element-container=\"modulo-texto-link\" class=\"paragraph\">Podr\u00eda ser el caso de algunos t\u00f3tems y autores best sellers com o Quim Monz\u00f3, Eva Baltasar, Care Santos, Sergi P\u00e0mies, Albert S\u00e1nchez Pi\u00f1ol, Toni Hill o Milena Busquets. A algunos de ellos s\u00ed se les tante\u00f3, a otros no pero, como recuerda Anna Guitart, comisaria de la expedici\u00f3n barcelonesa, \u201cno hay que olvidar que existe un l\u00edmite de gente\u201d.\u00a0<\/p>\n<p>                <img loading=\"lazy\" decoding=\"async\" data-full-src=\"https:\/\/www.lavanguardia.com\/uploads\/2025\/06\/25\/685be068b94e8.jpeg\" alt=\"El alcalde Collboni, Joan Manuel Serrat, Trinidad Padilla y Marisol Shulz (FIL) y la comisaria Anna Guitart, tras la presentaci\u00f3n de este mi\u00e9rcoles\" width=\"449\" height=\"337\" src=\"https:\/\/www.europesays.com\/es\/wp-content\/uploads\/2025\/10\/685be068b94e8.jpeg\" class=\"lazy\"\/><\/p>\n<p class=\"caption-title \">El alcalde Collboni, Joan Manuel Serrat, Trinidad Padilla y Marisol Shulz (FIL) y la comisaria Anna Guitart, junto algunos autores que acudir\u00e1n a la FIL de Guadalajara\u00a0<\/p>\n<p>                    EUROPA PRESS \/ Europa Press<\/p>\n<p data-gtm-element-container=\"modulo-texto-link\" class=\"paragraph\">La periodista asegura a este diario que \u201cno es nada f\u00e1cil elaborar una lista de estas caracter\u00edsticas, pues siempre quedar\u00e1 alguien fuera y m\u00e1s en un universo literario tan rico como el nuestro\u201d. Reitera que la suya es una selecci\u00f3n \u201cen la que no ha participado el Ayuntamiento y que ha sido elaborada con total libertad\u201d. Adem\u00e1s aclara que responde a m\u00faltiples criterios, entre ellos \u201cde g\u00e9nero, de edad y de diversidad\u201d.<\/p>\n<p data-gtm-element-container=\"modulo-texto-link\" class=\"paragraph\">Guitart a\u00f1ade que la intenci\u00f3n siempre ha sido que los nombres sean \u201cun equilibrio entre editoriales, g\u00e9neros y lengua\u201d y ha especificado que se ped\u00eda que todos los autores tuvieran obra original o traducida al castellano, una labor para la que ha sido destacada la labor del Institut Ramon Llull. Como ya avanz\u00f3 el pasado mes de junio, cuando se hicieron p\u00fablicos los futuros asistentes y el lema de esta cita (Vindran les flors ), la idea es \u201cexplicar la Barcelona literaria actual, como si se convocara a la gente que escribe en Barcelona o sobre Barcelona en cualquier lengua un d\u00eda delante de la catedral y les hici\u00e9ramos una foto\u201d.<\/p>\n<p>                <img loading=\"lazy\" decoding=\"async\" data-full-src=\"https:\/\/www.lavanguardia.com\/uploads\/2025\/06\/25\/685bcbda99093.jpeg\" alt=\"Pabell\u00f3n de Barcelona en la FIL de Guadalajara, una plaza literaria\" width=\"449\" height=\"281\" src=\"https:\/\/www.europesays.com\/es\/wp-content\/uploads\/2025\/10\/685bcbda99093.jpeg\" class=\"lazy\"\/><\/p>\n<p class=\"caption-title \">Pabell\u00f3n de Barcelona en la FIL de Guadalajara, una plaza literaria<\/p>\n<p>                    ICUB<\/p>\n<p data-gtm-element-container=\"modulo-texto-link\" class=\"paragraph\">Entre los escritores que acudir\u00e1n figuran nombres como Carme Riera, Merc\u00e8 Ibarz, Miquel de Palol, M\u00e0rius Serra, Carlota Gurt, Kiko Amat o Ferran Garcia, adem\u00e1s de los superventas Eduardo Mendoza o Javier Cercas. Sobre estos dos \u00faltimos colegas de profesi\u00f3n, Falcones cree que se les ha convocado por acumular una gran legi\u00f3n de lectores. Del resto, si bien prefiere no entrar en detalles ni personalismos, presupone que \u201calguien habr\u00e1 estudiado sus trayectorias y m\u00e9ritos como literatos\u201d y deja en duda si la selecci\u00f3n es o no equilibrada.<\/p>\n<p data-gtm-element-container=\"modulo-texto-link\" class=\"paragraph\"> La Vanguardia s\u00ed ha hecho ese an\u00e1lisis, y ha podido extraer algunos datos. La delegaci\u00f3n barcelonesa ha propuesto que viajen a M\u00e9xico un total de 37 escritoras y de 33 escritores para representar la ciudad. De estos, m\u00e1s de la mitad escriben de forma habitual en lengua catalana, frente a alrededor de un tercio que lo hace exclusivamente en castellano. De todos modos, cabe decir que son varios los autores que a lo largo de su carrera han escrito en ambas lenguas y algunos, incluso, son responsables de las traducciones de sus propias obras.<\/p>\n<p>                <img loading=\"lazy\" decoding=\"async\" data-full-src=\"https:\/\/www.lavanguardia.com\/uploads\/2024\/12\/14\/675da27fbc931.jpeg\" alt=\"FOTO IGNACIO RODRIGUEZ 06\/12\/2024. FOTOGRAFIAS DE AMBIENTES DURANTE LA VENTA NOCTURANA EN LA FERIA INTERNACIONAL DEL LIBRO DE GUADALAJARA, FIL GDL. GUADALAJARA, MEXICO.\" width=\"449\" height=\"299\" src=\"https:\/\/www.europesays.com\/es\/wp-content\/uploads\/2025\/10\/675da27fbc931.jpeg\" class=\"lazy\"\/><\/p>\n<p class=\"caption-title \">Ambiente de una pasada edici\u00f3n de la FIL de Guadalajara\u00a0<\/p>\n<p>                    IGNACIO RODRIGUEZ \/ Otras Fuentes<\/p>\n<p data-gtm-element-container=\"modulo-texto-link\" class=\"paragraph\">Luego hay casos como el del irland\u00e9s Colm T\u00f3ibin que, si bien escribe en ingl\u00e9s, vivi\u00f3 en la capital catalana durante un tiempo y escribi\u00f3 un libro sobre la ciudad, Homenaje a Barcelona , que lleg\u00f3 este verano por primera vez a las librer\u00edas en castellano y que se reedit\u00f3 en catal\u00e1n con Ara Llibres veinte a\u00f1os despu\u00e9s de su publicaci\u00f3n. Junto al autor de Brooklyn, nacidos fuera de Catalunya, pero muy vinculados a ella, especialmente a la ciudad de Barcelona, est\u00e1 Juan Pablo Villalobos, el \u00fanico de los participantes que repiten del a\u00f1o pasado.\u00a0<\/p>\n<p data-gtm-element-container=\"modulo-texto-link\" class=\"paragraph\">Y es que, seg\u00fan Guitart y su equipo, una de las condiciones a la hora de elegir escritores, era que no hubieran participado con la comitiva oficial en la pasada edici\u00f3n. En el caso de Villalobos se acepta la excepci\u00f3n, entre otras cosas, por ser mexicano, de Guadalajara, ni m\u00e1s ni menos, y, por tanto, un \u201cperfecto anfitri\u00f3n\u201d, pues es conocedor del tejido cultural y literario barcelon\u00e9s, ya que reside all\u00ed desde 2003.<\/p>\n<blockquote>\n<p>        Van un total de 33 novelistas, de los cuales 13 escriben en castellano\u201d<\/p>\n<\/blockquote>\n<p data-gtm-element-container=\"modulo-texto-link\" class=\"paragraph\">El autor de Aprende a escribir (Debate), \u00c1lvaro Colomer, que adem\u00e1s es periodista cultural y miembro de la Asociaci\u00f3n Colegial de Escritores de Catalunya ( ACEC), considera que existe un equilibrio en la lista de autores de la FIL. \u201cVan un total de 33 novelistas, de los cuales 13 escriben en castellano, lo que me parece una proporci\u00f3n bastante l\u00f3gica para una ciudad como la nuestra. Y luego, de todo el resto de participantes, incluidos poetas y dramaturgos, hay 43 que normalmente se expresan en catal\u00e1n y 29 en castellano\u201d.<\/p>\n<p data-gtm-element-container=\"modulo-texto-link\" class=\"paragraph\">\u00bfQu\u00e9 pasa con las franjas de edad? \u00bfSon variadas? La horquilla va de los 31 a los 82 a\u00f1os. Esta \u00faltima cifra la lleva por bandera Eduardo Mendoza, que este 2025 gan\u00f3 el premio Princesa de Asturias de las Letras. No es el \u00fanico octogenario del grupo. Tambi\u00e9n lo es el cantautor Joan Manuel Serrat, con el que formar\u00e1 t\u00e1ndem como embajador de la literatura y cultura barcelonesas; y la premio Nacional de las Letras 2024 Cristina Fern\u00e1ndez Cubas, que acaba de publicar el libro de relatos Lo que no se ve (Tusquets), centrados en las tensiones familiares y la b\u00fasqueda de lo inexplicable.<\/p>\n<p>        Lee tambi\u00e9n<\/p>\n<p>    Lara G\u00f3mez Ruiz<\/p>\n<p>             <img loading=\"lazy\" decoding=\"async\" data-full-src=\"https:\/\/www.lavanguardia.com\/uploads\/2024\/12\/02\/674e1343d2b87.jpeg\" alt=\"Horizontal\" width=\"104\" height=\"108\" src=\"https:\/\/www.europesays.com\/es\/wp-content\/uploads\/2025\/10\/674e1343d2b87.r_d.3312-2208.jpeg\" class=\"lazy\"\/><\/p>\n<p data-gtm-element-container=\"modulo-texto-link\" class=\"paragraph\">Las m\u00e1s j\u00f3venes del grupo son la poeta Juana Dolores (33 a\u00f1os) y Fer Rivas, que a sus 31 a\u00f1os cruzar\u00e1 el charco para presentar al p\u00fablico mexicano su primera novela, Yo era un chico (Angle \/ Sexto Piso), donde escribe una carta al padre repleta de incomodidades. \u201cCreo que esta es una oportunidad para abrirse al mercado y para desarrollar nuevas ideas que sirvan para la escritura futura\u201d, reflexiona a La Vanguardia .\u00a0<\/p>\n<p data-gtm-element-container=\"modulo-texto-link\" class=\"paragraph\">Como opina el escritor y articulista Carlos Zan\u00f3n, al frente del festival Barcelona Negra y que visitar\u00e1 M\u00e9xico pr\u00f3ximamente: \u201cEste es un escaparate mundial al que se debe poder optar y las ventas no deben ser el \u00fanico criterio, pues no siempre son correlativas a la calidad\u201d. A lo que Miqui Otero, tambi\u00e9n embarcado en este viaje, a\u00f1ade: \u201cSi solo nos fij\u00e1ramos en eso, nos perder\u00edamos conversaciones\u201d.<\/p>\n<p data-gtm-element-container=\"modulo-texto-link\" class=\"paragraph\">Otro dato rese\u00f1able es la incorporaci\u00f3n de tres autoras al programa literario gracias a la colaboraci\u00f3n del PEN Catal\u00e0: Bel Olid , Tina Vall\u00e8s; y N\u00faria Cadenes. Esta \u00faltima copa la no ficci\u00f3n, junto a otro como el ya citado \u00c1lvaro Colomer, Anna Pazos, Txell Feixas o Bego\u00f1a G\u00f3mez Urzaiz, que, si bien su \u00faltima obra, Las abandonadoras (Destino), data de 2022, es un ejemplo de c\u00f3mo las traducciones mundiales, as\u00ed como su trabajo period\u00edstico y su podcast Amiga Date Cuenta, que llevar\u00e1 a M\u00e9xico junto a Noelia Ram\u00edrez, la siguen manteniendo en el foco.<\/p>\n<p data-gtm-element-container=\"modulo-texto-link\" class=\"paragraph\">Gemma Ruiz Pal\u00e0, que publica en breves Una dona de la teva edat (Proa), llega a una conclusi\u00f3n: la importancia de revisarse el ego. \u201cA m\u00ed tampoco me ha gustado cuando no he recibido una invitaci\u00f3n, pero cada vez m\u00e1s comprendo la importancia de dejarlo a un lado, por los lectores y por mi salud mental\u201d.<\/p>\n<p>Autores invitados al programa literario de la FIL de Guadalajara<\/p>\n<p class=\"module-text\">Montse Albets, Kiko Amat, Rafel Argullol, Santi Balmes, Sergi Belbel, Roc\u00edo Bonilla, Xavier Bosch, Marta Buchaca, N\u00faria Cadenes, Mireia Calafell, Maria Canelles, Oriol Canosa, Maite Carranza, Javier Cercas, Toni Clap\u00e9s. \u00c1lvaro Colomer, Alba Dedeu, Juana Dolores, Txell Feixas, Cristina Fern\u00e1ndez Cubas, Merc\u00e8 Gal\u00ed, Ferran Garcia, Mar Garcia Puig, Bego\u00f1a G\u00f3mez Urzaiz, Anna Gual, Carlota Gurt, Merc\u00e8 Ibarz, Ramon Mas, Craviotto, Anna Manso, Txell Mart\u00ed, Andreu Mart\u00edn, Pablo Mart\u00edn S\u00e1nchez, Xavier Mas, Eduardo Mendoza, Josep Maria Mir\u00f3, Alba Mu\u00f1oz, Eduard Olest\u00ed, Bel Olid, Marta Orriols, Miqui Otero, Miquel Pajares, Miquel de Palol, Anna Pazos, Josep Pedrals, Irene Pujadas, Adri\u00e0 Pujol, Jordi Punt\u00ed, Susanna Rafart, Carme Riera, Elisabet Riera, Fer Rivas, Maria Carme Roca, Regina Rodr\u00edguez Sirvent, Gemma Ruiz, Xavier Salom\u00f3, M\u00e0rius Serra, Jordi Soler, S\u00edlvia Soler, Elisenda Solsona, Victoria Szpunberg, Adri\u00e0 Targa, Colm T\u00f3ibin, Clara Us\u00f3n, Daniel V\u00e1zquez Sall\u00e9s, Tina Vall\u00e8s, Sergio Vila-Sanju\u00e1n, Laia Vilaseca, Juan Pablo Villalobos, Carlos Zan\u00f3n.<\/p>\n","protected":false},"excerpt":{"rendered":"A poco menos de sesenta d\u00edas para que se celebre la Feria Internacional del Libro (FIL) de Guadalajara,&hellip;\n","protected":false},"author":2,"featured_media":154128,"comment_status":"","ping_status":"","sticky":false,"template":"","format":"standard","meta":{"footnotes":""},"categories":[172],"tags":[224,146,147,25,24,225,23],"class_list":{"0":"post-154127","1":"post","2":"type-post","3":"status-publish","4":"format-standard","5":"has-post-thumbnail","7":"category-libros","8":"tag-books","9":"tag-entertainment","10":"tag-entretenimiento","11":"tag-es","12":"tag-espana","13":"tag-libros","14":"tag-spain"},"share_on_mastodon":{"url":"","error":""},"_links":{"self":[{"href":"https:\/\/www.europesays.com\/es\/wp-json\/wp\/v2\/posts\/154127","targetHints":{"allow":["GET"]}}],"collection":[{"href":"https:\/\/www.europesays.com\/es\/wp-json\/wp\/v2\/posts"}],"about":[{"href":"https:\/\/www.europesays.com\/es\/wp-json\/wp\/v2\/types\/post"}],"author":[{"embeddable":true,"href":"https:\/\/www.europesays.com\/es\/wp-json\/wp\/v2\/users\/2"}],"replies":[{"embeddable":true,"href":"https:\/\/www.europesays.com\/es\/wp-json\/wp\/v2\/comments?post=154127"}],"version-history":[{"count":0,"href":"https:\/\/www.europesays.com\/es\/wp-json\/wp\/v2\/posts\/154127\/revisions"}],"wp:featuredmedia":[{"embeddable":true,"href":"https:\/\/www.europesays.com\/es\/wp-json\/wp\/v2\/media\/154128"}],"wp:attachment":[{"href":"https:\/\/www.europesays.com\/es\/wp-json\/wp\/v2\/media?parent=154127"}],"wp:term":[{"taxonomy":"category","embeddable":true,"href":"https:\/\/www.europesays.com\/es\/wp-json\/wp\/v2\/categories?post=154127"},{"taxonomy":"post_tag","embeddable":true,"href":"https:\/\/www.europesays.com\/es\/wp-json\/wp\/v2\/tags?post=154127"}],"curies":[{"name":"wp","href":"https:\/\/api.w.org\/{rel}","templated":true}]}}