{"id":154182,"date":"2025-10-03T05:08:13","date_gmt":"2025-10-03T05:08:13","guid":{"rendered":"https:\/\/www.europesays.com\/es\/154182\/"},"modified":"2025-10-03T05:08:13","modified_gmt":"2025-10-03T05:08:13","slug":"pierdo-el-conocimiento-me-caigo-redonda-alla-donde-este","status":"publish","type":"post","link":"https:\/\/www.europesays.com\/es\/154182\/","title":{"rendered":"Pierdo el conocimiento, me caigo redonda all\u00e1 donde est\u00e9"},"content":{"rendered":"<p id=\"er4Jze_HUl\" data-wc=\"111\"><strong>Silvia Alonso<\/strong> ha compartido un problema de salud que, sin duda, puede llegar a condicionar algunos momentos de su vida. La propia actriz lo contaba en el p\u00f3dcast de la Cadena Ser \u2018Me pasa una cosa\u2019, presentado por Manuel Burque y que se define a s\u00ed mismo como \u201cuna terapia en grupo donde se analizan neuras, man\u00edas y gustos un poco raritos\u201d. Ella misma explicaba en primera persona cu\u00e1l es la consecuencia directa y llamativa que le motiva <strong>una fobia que padece\u00a0<\/strong>y que es complicada de gestionar. As\u00ed, reconoce que tiene un <strong>miedo irracional a las agujas que le genera un s\u00edncope vasovagal,<\/strong> es decir que hace que se desmaye.\u00a0<\/p>\n<p id=\"e4ftVCRqoh4\" data-wc=\"51\">A nadie le agrada el pinchazo en un an\u00e1lisis, pero en su caso, lo que podr\u00eda parecer una simple aversi\u00f3n se convierte en un verdadero reto para su salud, ya que le provoca estos <strong>desmayos s\u00fabitos<\/strong> cada vez que se enfrenta a una situaci\u00f3n m\u00e9dica que implique el uso de agujas.<\/p>\n<p> <img src=\"https:\/\/www.europesays.com\/es\/wp-content\/uploads\/2025\/10\/68fd47051202-me-ha-faltado-el-panetone-del-otro-da-dlarevuelta-silviaalons.jpg\"   width=\"1024\" height=\"1024\" loading=\"lazy\" decoding=\"async\" alt=\"Silvia Alonso en La Revuelta\" fetchpriority=\"auto\" class=\"image ho-image\"\/>\u00a9 larevuelta_tveSilvia Alonso en La Revuelta<br \/>\nLa fobia y el s\u00edncope, dos problemas de salud relacionados<\/p>\n<p id=\"eelvfjM_aTx\" data-wc=\"43\">La actriz comienza hablando de su fobia. \u00abMucha gente tiene fobia a las agujas. Es muy com\u00fan, te mareas un poco, te da angustia\u00bb, apunta la actriz, pareja del presentador David Broncano. Pero en su caso, <strong>su cuerpo reacciona de una forma imprevista.<\/strong><\/p>\n<p id=\"evHVdMTdecA\" data-wc=\"70\">\u00abPara m\u00ed, la reacci\u00f3n que yo tengo ante estas cosas es que me da un s\u00edncope vasovagal. <strong>Pierdo el conocimiento, me caigo redonda all\u00e1 donde est\u00e9<\/strong>. Ojos en blanco, convulsiones, tensi\u00f3n, me muerdo la lengua. Luego estoy dos d\u00edas vomitando. O sea, muy mal. No es una experiencia buena. Yo nunca me he visto, la verdad, pero como luego me han descrito, como es, no debe ser muy agradable\u00bb, explicaba.<\/p>\n<p>Qu\u00e9 es y c\u00f3mo se manifiesta el s\u00edncope vasovagal<\/p>\n<p id=\"e_MbeBYpjjd\" data-wc=\"102\">Un s\u00edncope implica una p\u00e9rdida temporal de la conciencia debido a un flujo sangu\u00edneo insuficiente en el cerebro. Hay diferentes tipos, pero el s\u00edncope vasovagal es el t\u00e9rmino m\u00e9dico para el <strong>tipo de desmayo m\u00e1s benigno.<\/strong> \u00abEl s\u00edncope vasovagal consiste en una p\u00e9rdida de de conciencia y del tono postural secundaria a una disminuci\u00f3n del riego sangu\u00edneo cerebral y que suele ser de un inicio m\u00e1s bien r\u00e1pido, de una duraci\u00f3n corta y que se recupera de forma completa y espont\u00e1nea sin m\u00e1s intervenciones\u00bb, nos comenta el doctor <strong>Jos\u00e9 Javier Varo<\/strong>, director del Servicio de Urgencias de la Cl\u00ednica Universidad de Navarra.\u00a0<\/p>\n<p> <img src=\"https:\/\/www.europesays.com\/es\/wp-content\/uploads\/2025\/10\/b83ad2cd100a-20201119-009-.jpg\"   width=\"1024\" height=\"682\" loading=\"lazy\" decoding=\"async\" alt=\"Dr. Jos\u00e9 Javier Varo, director del Servicio de Urgencias de la Cl\u00ednica Universidad de Navarra\" fetchpriority=\"auto\" class=\"image ho-image\"\/>\u00a9 CUNDr. Jos\u00e9 Javier Varo, director del Servicio de Urgencias de la Cl\u00ednica Universidad de Navarra<br \/>\nCu\u00e1les son las causas de que se produzca este s\u00edncope<\/p>\n<p id=\"eAVmgcJqiB\" data-wc=\"122\">El especialista nos explica que puede estar desencadenado por varios factores como <strong>permanecer mucho tiempo de pie o exponernos a una situaci\u00f3n emocional intensa<\/strong>: el p\u00e1nico el miedo, la fobia a la sangre. \u00abEn otras ocasiones se produce en situaciones como una tos intensa, la risa, la micci\u00f3n o comprimir el cuello (por ejemplo, corbatas o camisas apretadas)\u00bb, indica el experto de la CUN. Las fobias pueden estar en la base de este problema de salud: \u00abLa exposici\u00f3n a alg\u00fan elemento al que tenemos fobia (la sangre, las agujas, ara\u00f1as, etc.) o est\u00edmulos emocionales, muy intensos (p\u00e1nico, un susto importante) pueden producir una p\u00e9rdida de conciencia, que siempre ser\u00e1 transitoria y recuperada de forma completa en pocos segundos\u00bb, apunta el doctor Varo.<\/p>\n<blockquote data-wc=\"21\" id=\"blockquote-17i9v4mgaczp0o\">\n<p id=\"eZ50RL6YuV\" data-wc=\"21\">El s\u00edncope vasovagal es el t\u00e9rmino m\u00e9dico para el tipo de desmayo m\u00e1s benigno, que sucede sin una causa subyacente grave<\/p>\n<\/blockquote>\n<p>C\u00f3mo se manifiesta este s\u00edncope<\/p>\n<p id=\"eBL5dRcuGdi\" data-wc=\"55\">Los s\u00edntomas m\u00e1s habituales, seg\u00fan el director del Servicio de Urgencias son la aparici\u00f3n de <strong data-gid=\"epTB5mS8PT\">sensaci\u00f3n de mareo y posibilidad de p\u00e9rdida de conciencia<\/strong>, malestar, sudoraci\u00f3n, palidez de piel y mucosas, o incluso n\u00e1useas, y posteriormente se pierde el conocimiento, recuper\u00e1ndose cuando el paciente permanece tumbado durante unos segundos, o se le levantan las piernas.<\/p>\n<p>Qu\u00e9 hacer ante un desmayo<\/p>\n<ul data-wc=\"99\" id=\"ul-17i9v4mgaczp0r\">\n<li>Tal y como nos explica el doctor, la forma de actuar ante alguien que ha perdido el conocimiento o que est\u00e1 a punto de hacerlo, es <strong>tumbarle inmediatamente y levantarle las piernas<\/strong>. \u00abCon esto se recuperar\u00e1 en unos segundos\u00bb, nos dice.<\/li>\n<li>Si esto no fuera posible y est\u00e1 sentado en una silla,<strong>\u00a0flexionar el tronco<\/strong> para que la cabeza est\u00e9 por debajo de la altura del coraz\u00f3n.<\/li>\n<li>Puede ayudar tambi\u00e9n <strong>aflojar un poco el cuello de la camisa o el cintur\u00f3n<\/strong> si estuviera apretado.\u00a0<\/li>\n<li><strong>No conviene abrigarle en exceso<\/strong>, colocarle \u201calmohadas\u201d, <strong>ni darle a beber\u00a0<\/strong>ning\u00fan l\u00edquido ni agua con az\u00facar.<\/li>\n<\/ul>\n<blockquote data-wc=\"31\" id=\"blockquote-17i9v4mgaczp0s\">\n<p id=\"es0vmUU8LGf\" data-wc=\"31\">Las personas que sufren de tripanofobia experimentan una intensa ansiedad, angustia o p\u00e1nico solo ante la idea de ser pinchadas con una aguja, incluso si es para un procedimiento m\u00e9dico necesario<\/p>\n<\/blockquote>\n<p>Miedo a las agujas o tripanofobia<\/p>\n<p id=\"eIgi6_eI5niE\" data-wc=\"171\">Tambi\u00e9n es importante analizar la causa que, en el caso concreto de Silvia Alonso, le motiva dicho s\u00edncope que hace que se desmaye. Ella misma ha comentado que se trata del miedo a las agujas. <a class=\"hm-link ho-link\" href=\"https:\/\/www.hola.com\/estar-bien\/20240229250088\/miedo-a-las-agujas-tripanofobia\/\" data-mrf-recirculation=\"article-body-link\" rel=\"nofollow noopener\" target=\"_blank\">Esta fobia, conocida como tripanofobia,<\/a> es un trastorno de ansiedad caracterizado por un miedo extremo e irracional a las agujas, inyecciones o procedimientos m\u00e9dicos que implican el uso de estos dispositivos. \u201cLas personas que sufren de tripanofobia experimentan una <strong>intensa ansiedad, angustia o p\u00e1nico solo ante la idea de ser pinchadas con una aguja,<\/strong> incluso si es para un procedimiento m\u00e9dico necesario\u201d, nos explicaba al respecto <strong>Marc Rodr\u00edguez,\u00a0<\/strong>Psic\u00f3logo Especialista en Inteligencia Emocional (@rodriemocion), quien a\u00f1ade que<strong>\u00a0no es nada raro que estas personas sufran desmayos<\/strong> durante anal\u00edticas o procedimientos que impliquen el uso de agujas en alg\u00fan caso, como es el caso de la actriz. \u201cEste miedo puede interferir significativamente en la vida diaria de la persona, evitando que busquen atenci\u00f3n m\u00e9dica necesaria o participen en actividades que podr\u00edan exponerlos a agujas\u201d, a\u00f1ade el experto.<\/p>\n<p id=\"ebcQlQbXp9O1\" data-wc=\"103\">Ante la presencia de una fobia, toca buscar las causas, y pueden variar en funci\u00f3n de cada persona, pero el psic\u00f3logo nos explica que generalmente se cree que esta fobia puede desarrollarse debido a una<strong>\u00a0combinaci\u00f3n de factores gen\u00e9ticos, ambientales y psicol\u00f3gicos<\/strong>. \u201cImagina esto: eres un ni\u00f1o peque\u00f1o y, durante una visita al m\u00e9dico, te toca recibir una vacuna. El pinchazo de la aguja te resulta doloroso y aterrador, y desde ese momento, desarrollas un miedo intenso a cualquier cosa que tenga que ver con agujas. Esta experiencia traum\u00e1tica podr\u00eda ser el desencadenante inicial de la tripanofobia en algunas personas\u201d, comenta el experto.<\/p>\n<p>C\u00f3mo tratar la fobia a las agujas<\/p>\n<p id=\"egYG-3Hl4Qxl\" data-wc=\"86\">Una vez que se determina la causa, hay que poner en marcha el tratamiento de la fobia, que generalmente implica una combinaci\u00f3n de <strong>t\u00e9cnicas de terapia conductual y cognitiva, as\u00ed como enfoques de apoyo emocional<\/strong>. \u201cSi bien puede ser desafiante, no necesariamente es complicado de\u00a0afrontar con la ayuda adecuada. Al final no deja de ser el tipo de tratamiento que podr\u00edamos aplicar a otros tipos de fobias. Suelen variar muy poco, lo \u00fanico que var\u00eda es el objeto de la propia fobia\u201d, explica el psic\u00f3logo.<\/p>\n<p id=\"e0uc1DslOkNa\" data-wc=\"47\">En ese proceso se encuentra precisamente la actriz. \u00abAfirmo con orgullo que, despu\u00e9s de mucha terapia, era lo que m\u00e1s miedo me daba del mundo. Me ayud\u00f3 a superar un poco esto, aunque es un miedo que siempre va a tener ah\u00ed, pero lo vas manejando\u00bb, relataba.<\/p>\n","protected":false},"excerpt":{"rendered":"Silvia Alonso ha compartido un problema de salud que, sin duda, puede llegar a condicionar algunos momentos de&hellip;\n","protected":false},"author":2,"featured_media":154183,"comment_status":"","ping_status":"","sticky":false,"template":"","format":"standard","meta":{"footnotes":""},"categories":[91],"tags":[146,147,25,24,5816,46362,1600,23],"class_list":{"0":"post-154182","1":"post","2":"type-post","3":"status-publish","4":"format-standard","5":"has-post-thumbnail","7":"category-entretenimiento","8":"tag-entertainment","9":"tag-entretenimiento","10":"tag-es","11":"tag-espana","12":"tag-estar-bien","13":"tag-problemas-de-salud","14":"tag-psicologia","15":"tag-spain"},"share_on_mastodon":{"url":"","error":""},"_links":{"self":[{"href":"https:\/\/www.europesays.com\/es\/wp-json\/wp\/v2\/posts\/154182","targetHints":{"allow":["GET"]}}],"collection":[{"href":"https:\/\/www.europesays.com\/es\/wp-json\/wp\/v2\/posts"}],"about":[{"href":"https:\/\/www.europesays.com\/es\/wp-json\/wp\/v2\/types\/post"}],"author":[{"embeddable":true,"href":"https:\/\/www.europesays.com\/es\/wp-json\/wp\/v2\/users\/2"}],"replies":[{"embeddable":true,"href":"https:\/\/www.europesays.com\/es\/wp-json\/wp\/v2\/comments?post=154182"}],"version-history":[{"count":0,"href":"https:\/\/www.europesays.com\/es\/wp-json\/wp\/v2\/posts\/154182\/revisions"}],"wp:featuredmedia":[{"embeddable":true,"href":"https:\/\/www.europesays.com\/es\/wp-json\/wp\/v2\/media\/154183"}],"wp:attachment":[{"href":"https:\/\/www.europesays.com\/es\/wp-json\/wp\/v2\/media?parent=154182"}],"wp:term":[{"taxonomy":"category","embeddable":true,"href":"https:\/\/www.europesays.com\/es\/wp-json\/wp\/v2\/categories?post=154182"},{"taxonomy":"post_tag","embeddable":true,"href":"https:\/\/www.europesays.com\/es\/wp-json\/wp\/v2\/tags?post=154182"}],"curies":[{"name":"wp","href":"https:\/\/api.w.org\/{rel}","templated":true}]}}