{"id":154210,"date":"2025-10-03T05:27:20","date_gmt":"2025-10-03T05:27:20","guid":{"rendered":"https:\/\/www.europesays.com\/es\/154210\/"},"modified":"2025-10-03T05:27:20","modified_gmt":"2025-10-03T05:27:20","slug":"lady-gaga-y-tony-bennett-doce-anos-de-genuina-amistad-entre-el-crooner-y-la-picasso-de-america","status":"publish","type":"post","link":"https:\/\/www.europesays.com\/es\/154210\/","title":{"rendered":"Lady Gaga y Tony Bennett: Doce a\u00f1os de genuina amistad entre el \u2018crooner\u2019 y \u201cla Picasso de Am\u00e9rica\u201d"},"content":{"rendered":"<p>Los dos neoyorkinos.<a href=\"https:\/\/los40.com\/los40\/2021\/02\/01\/los40classic\/1612194987_171896.html\" target=\"_blank\" rel=\"nofollow noopener\" title=\"https:\/\/los40.com\/los40\/2021\/02\/01\/los40classic\/1612194987_171896.html\"> <b>\u00c9l, 60 a\u00f1os m\u00e1s que ella<\/b>.<\/a> Formaron una <b>pareja singular y genuina<\/b>. Durante 12 a\u00f1os mantuvieron un <b>estrecho v\u00ednculo<\/b> art\u00edstico. Pero, sobre todo,<a href=\"https:\/\/los40.com\/los40\/2016\/08\/08\/actualidad\/1470649350_899178.html\" target=\"_blank\" rel=\"nofollow noopener\" title=\"https:\/\/los40.com\/los40\/2016\/08\/08\/actualidad\/1470649350_899178.html\"> <b>de admiraci\u00f3n mutua y de amistad<\/b><\/a>. \u00c9l dijo de ella:<b> <\/b>\u00abEs tan buena como Ella Fitzgerald\u2026 podr\u00eda convertirse en <b>la Picasso de Am\u00e9rica<\/b>\u00ab. Ella dijo de \u00e9l: \u00abEs una de mis personas favoritas de todo el planeta y le amo con todo mi coraz\u00f3n\u00bb. El <b>30 de Septiembre de 2021<\/b>, <b>Tony Bennett y Lady Gaga<\/b><a href=\"https:\/\/los40.com\/los40\/2021\/08\/04\/musica\/1628031822_351102.html\" target=\"_blank\" rel=\"nofollow noopener\" title=\"https:\/\/los40.com\/los40\/2021\/08\/04\/musica\/1628031822_351102.html\"> lanzaron \u2018<b>Love for sale\u2019<\/b>, <\/a>su <b>segundo \u00e1lbum de &#8216;standards&#8217; despu\u00e9s de<\/b><a href=\"https:\/\/los40.com\/los40\/2015\/02\/10\/musica\/1423565228_671918.html\" target=\"_blank\" rel=\"nofollow noopener\" title=\"https:\/\/los40.com\/los40\/2015\/02\/10\/musica\/1423565228_671918.html\"><b> \u2018Cheek to cheek\u2019<\/b>,<\/a> el <a href=\"https:\/\/eur01.safelinks.protection.outlook.com\/?url=https%3A%2F%2Flos40.com%2F2023%2F07%2F21%2Fmuere-tony-bennett-a-los-96-anos%2F&amp;data=05%7C02%7Capalao%40prisaradio.com%7C9576c01557704094f05108de003bbd06%7Cc4fd49f3e15a44d882e2c909735d2e45%7C0%7C0%7C638948453769866447%7CUnknown%7CTWFpbGZsb3d8eyJFbXB0eU1hcGkiOnRydWUsIlYiOiIwLjAuMDAwMCIsIlAiOiJXaW4zMiIsIkFOIjoiTWFpbCIsIldUIjoyfQ%3D%3D%7C0%7C%7C%7C&amp;sdata=lR5Gb34kg8FFevGFAhNuIYserdW4YxHHmwB7%2FoicnGk%3D&amp;reserved=0\" target=\"_blank\" rel=\"nofollow noopener\" title=\"https:\/\/eur01.safelinks.protection.outlook.com\/?url=https%3A%2F%2Flos40.com%2F2023%2F07%2F21%2Fmuere-tony-bennett-a-los-96-anos%2F&amp;data=05%7C02%7Capalao%40prisaradio.com%7C9576c01557704094f05108de003bbd06%7Cc4fd49f3e15a44d882e2c909735d2e45%7C0%7C0%7C638948453769866447%7CUnknown%7CTWFpbGZsb3d8eyJFbXB0eU1hcGkiOnRydWUsIlYiOiIwLjAuMDAwMCIsIlAiOiJXaW4zMiIsIkFOIjoiTWFpbCIsIldUIjoyfQ%3D%3D%7C0%7C%7C%7C&amp;sdata=lR5Gb34kg8FFevGFAhNuIYserdW4YxHHmwB7%2FoicnGk%3D&amp;reserved=0\"><b>\u00faltimo de Bennett antes de fallecer<\/b><\/a><b> <\/b>y el disco con el que bati\u00f3 <b>el r\u00e9cord Guinness<\/b>: se convirti\u00f3 en la <b>persona de m\u00e1s edad que lanzaba nuevo material ya que ten\u00eda entonces 95 a\u00f1os y 60 d\u00edas.<\/b><\/p>\n<p><b>Lady Gaga<\/b> <b>ya era una estrella del pop &#8211; <\/b>su<b> <\/b>debut <b>\u2018The fame\u2019 (2008) <\/b>alcanz\u00f3 ventas millonarias gracias sobre<a href=\"https:\/\/los40.com\/2024\/03\/21\/poker-face-el-himno-a-la-bisexualidad-de-lady-gaga-estar-con-un-hombre-y-tener-fantasias-con-una-mujer\/\" target=\"_blank\" rel=\"nofollow noopener\" title=\"https:\/\/los40.com\/2024\/03\/21\/poker-face-el-himno-a-la-bisexualidad-de-lady-gaga-estar-con-un-hombre-y-tener-fantasias-con-una-mujer\/\"> todo a \u2018Poker face\u2019<\/a> &#8211; <b>cuando su camino se cruz\u00f3 por primera vez con el de su \u00eddolo Tony Bennett. <\/b>Fue en mayo de 2011, <b>en la memorable gala ben\u00e9fica Robin Hood Foundation<\/b> en Nueva York, en la que Gaga interpret\u00f3, entre otros temas, <b>una versi\u00f3n del tema de Nat King Cole<\/b> <b>\u2018Orange colored sky\u2019. <\/b>Despu\u00e9s del show, <b>le transmitieron un mensaje de Bennett<\/b> que estaba entre el p\u00fablico: <b>quer\u00eda conocerla<\/b>. Le hab\u00eda impactado <b>su voz y su talento<\/b>.<\/p>\n<p>Bennett recordaba en Parade: \u00abEra la primera vez que escuchaba una actuaci\u00f3n de Lady <b>y no pod\u00eda daba cr\u00e9dito a la reacci\u00f3n del p\u00fablico<\/b>. Lo primero que le dije fue <b>&#8216;Hagamos un \u00e1lbum juntos&#8217;,<\/b> y ella dijo \u2018<b>Okay<\/b>\u2019. <b>As\u00ed de r\u00e1pido<\/b>\u00ab.<\/p>\n<p><img decoding=\"async\" src=\"https:\/\/los40.com\/pf\/resources\/img\/logo-40-v-c.svg?d=883\" alt=\"LOS40 Classic\" class=\"i-pro\" width=\"68\" height=\"68\" loading=\"lazy\"\/><\/p>\n<p>Por su parte, Gaga detallaba en Rolling Stone: \u201cCant\u00e9 un par de n\u00fameros de jazz esa noche, as\u00ed que <b>estaba verdaderamente nerviosa de conocer a Tony Bennett<\/b>, adem\u00e1s <b>yo parec\u00eda una loca<\/b>. Ten\u00eda el pelo rubio y negro, pintalabios rojo, y ten\u00eda cuatro grandes lunares de terciopelo en mi cara\u2026 \u00e9l me dijo, <b>\u2018se\u00f1ora, es usted una cantante de jazz\u2019.<\/b> <b>Nos hicimos amigos r\u00e1pidamente<\/b>\u201d<\/p>\n<p>Efectivamente. A a partir de entonces naci\u00f3 una relaci\u00f3n art\u00edstica y se estableci\u00f3 un entra\u00f1able <b>v\u00ednculo personal de amistad y admiraci\u00f3n entre el veterano crooner y la diva<\/b> que se prolong\u00f3 <b>hasta julio de 2023<\/b>, <a href=\"https:\/\/los40.com\/2023\/07\/31\/lady-gaga-logra-despedirse-de-tony-bennett-en-redes-sociales-diez-dias-despues-de-su-muerte-tuvimos-un-adios-muy-largo\/\" target=\"_blank\" rel=\"nofollow noopener\" title=\"https:\/\/los40.com\/2023\/07\/31\/lady-gaga-logra-despedirse-de-tony-bennett-en-redes-sociales-diez-dias-despues-de-su-muerte-tuvimos-un-adios-muy-largo\/\"><b>cuando falleci\u00f3 el artista a los 96 a\u00f1os<\/b>.<\/a><\/p>\n<p>La primera canci\u00f3n que grabaron juntos fue \u2018<b>The lady is a tramp\u2019<\/b>, un cl\u00e1sico que terminar\u00eda abriendo el \u00e1lbum <b>\u2018Duets II\u2019 (2011).<\/b> Ya desde el minuto uno, en una entrevista con Rolling Stone, Bennet manifestaba su admiraci\u00f3n: \u00ab<b>Lleg\u00f3 tan preparada y conocedora de lo que ten\u00eda que hacer. <\/b>Ella es <b>tan buena como Ella Fitzgerald<\/b>\u2026 <b>podr\u00eda convertirse en la Picasso de Am\u00e9rica<\/b> si la dejan sola y <b>la dejan simplemente hacer lo que ella tiene que hacer. Es muy, muy talentosa<\/b>\u00ab.<\/p>\n<p>Era solo el comienzo. A lo largo de la siguiente d\u00e9cada lanzaron dos \u00e1lbumes. El primero de ellos, <b>\u2018Cheek to Cheek\u2019 (2014),<\/b> que presentaron en <b>una extensa gira<\/b> con fechas en Estados Unidos y Europa. Seg\u00fan declar\u00f3 Gaga en PBS: \u201ces el \u00e1lbum m\u00e1s importante de mi carrera\u201d.<\/p>\n<p>\u00ab<b>Tony es una de mis personas favoritas de todo el planeta<\/b> y <b>le amo con todo mi coraz\u00f3n<\/b>\u00ab, dijo entonces Gaga en BBC Radio 2. \u00abNo tengo palabras para explicar <b>lo mucho que he aprendido de \u00e9l o c\u00f3mo es cantar con una leyenda como \u00e9l<\/b>\u201d. Y a\u00f1adi\u00f3 en Vogue: \u201cTrabajar con Tony ha sido una <b>absoluta lecci\u00f3n de humildad<\/b>\u201d.<\/p>\n<p>Bennett, que sol\u00eda referirse a Gaga como <b>\u2018Lady\u2019<\/b>, valoraba a la cantante <b>tal y como era<\/b>, con su inclinaci\u00f3n hacia <b>los atuendos extravagantes y las pelucas imponentes<\/b>. \u201cCuando llegu\u00e9 a hacer esto con Tony, <b>\u00e9l no me dijo, \u2018Tienes que desprenderte de todo ese vestuario loco y limitarte a cantar\u201d,<\/b> declaro en Parade en 2014. <b>\u201c\u00c9l solo dijo, \u2018s\u00e9 t\u00fa misma\u2019\u201d.<\/b><\/p>\n<p>En Diciembre de 2016, <b>Lady Gaga se uni\u00f3 a Billy Joel, Elton John, Diana Krall, k.d. Lang o Stevie Wonder<\/b>, entre otros muchos para celebrar <b>el 90\u00ba cumplea\u00f1os de Tony<\/b> en un macroconcierto homenaje. Gaga cant\u00f3 \u2018The lady is a tramp\u2019 y una versi\u00f3n del cl\u00e1sico de \u00c9dith Piaf \u2018La Vie en Rose\u2019. <\/p>\n<p>Despu\u00e9s de la etapa \u2018Cheek to Cheek\u2019, Bennett y Gaga siguieron sus caminos por separado. <b>Hasta 2018<\/b>, cuando se reunieron para grabar un nuevo \u00e1lbum, el tributo a Cole Porter <b>\u2018Love for sale\u2019.<\/b> Se public\u00f3 el <b>30 de Septiembre de 2021<\/b> y lleg\u00f3 acompa\u00f1ado de una mala noticia. <b>A Tony le hab\u00edan diagnosticado Alzheimer.<\/b> Danny, su hijo y tambi\u00e9n m\u00e1nager, pidi\u00f3 consejo a Lady: \u00bfDeb\u00edan hacer p\u00fablica la enfermedad?. \u201cElla dijo, \u2018<b>por supuesto, ser\u00e1 otro regalo que puede darle al mundo\u2019\u201d, <\/b>revel\u00f3 en Rolling Stone<b>.<\/b><\/p>\n<p>Bennett sigui\u00f3 actuando. Apareci\u00f3 con Gaga <b>en Agosto de 2021<\/b> en Radio City Music Hall. Celebraba su 95\u00ba cumplea\u00f1os y <b>presentaba el que ser\u00eda su \u00faltimo \u00e1lbum con dos conciertos<\/b>. <b>Los \u00faltimos del icono del jazz<\/b>. Se filmaron y se emitieron con el t\u00edtulo de &#8216;One Last Time: An Evening with Tony Bennett and Lady Gaga&#8217;.<\/p>\n<p><img decoding=\"async\" src=\"https:\/\/www.europesays.com\/es\/wp-content\/uploads\/2025\/10\/1759469240_478_JSGK3L6FQ5GVFK5SDMV7FVSQVY.jpg\" alt=\"Muere Jane Goodall, pionera en el estudio de los chimpanc\u00e9s y defensora del medioambiente, a los 91 a\u00f1os\" width=\"165\" height=\"138\"  loading=\"lazy\"\/><\/p>\n<p>La neoyorkina tem\u00eda, durante los ensayos, que Bennett no pudiera recordar su nombre. Pero actuar era algo natural para \u00e9l y ni siquiera olvido una letra. \u201cSab\u00eda exactamente lo que estaba haciendo\u00bb, declar\u00f3 en 60 Minutes. Cuando salieron al escenario, inesperadamente, <b>\u00e9l la present\u00f3 con su nombre. <\/b>Era <b>la primera vez que lo hac\u00eda en mucho tiempo<\/b>. \u00abCuando sal\u00ed al escenario y \u00e9l dijo <b>&#8216;Aqu\u00ed esta Lady Gaga&#8217;<\/b>&#8230; <b>fue muy especial\u00bb.<\/b><\/p>\n","protected":false},"excerpt":{"rendered":"Los dos neoyorkinos. \u00c9l, 60 a\u00f1os m\u00e1s que ella. Formaron una pareja singular y genuina. Durante 12 a\u00f1os&hellip;\n","protected":false},"author":2,"featured_media":154211,"comment_status":"","ping_status":"","sticky":false,"template":"","format":"standard","meta":{"footnotes":""},"categories":[170],"tags":[46366,46367,46368,25470,1765,255,146,147,25,24,5952,184,185,32210,23,46369,14995,1766,35619,35620],"class_list":{"0":"post-154210","1":"post","2":"type-post","3":"status-publish","4":"format-standard","5":"has-post-thumbnail","7":"category-musica","8":"tag-46366","9":"tag-57th-grammy-awards","10":"tag-arrival","11":"tag-award","12":"tag-bestof","13":"tag-celebrities","14":"tag-entertainment","15":"tag-entretenimiento","16":"tag-es","17":"tag-espana","18":"tag-grammys","19":"tag-music","20":"tag-musica","21":"tag-red-carpet-event","22":"tag-spain","23":"tag-staples-center","24":"tag-topics","25":"tag-topix","26":"tag-toppics","27":"tag-toppix"},"share_on_mastodon":{"url":"","error":""},"_links":{"self":[{"href":"https:\/\/www.europesays.com\/es\/wp-json\/wp\/v2\/posts\/154210","targetHints":{"allow":["GET"]}}],"collection":[{"href":"https:\/\/www.europesays.com\/es\/wp-json\/wp\/v2\/posts"}],"about":[{"href":"https:\/\/www.europesays.com\/es\/wp-json\/wp\/v2\/types\/post"}],"author":[{"embeddable":true,"href":"https:\/\/www.europesays.com\/es\/wp-json\/wp\/v2\/users\/2"}],"replies":[{"embeddable":true,"href":"https:\/\/www.europesays.com\/es\/wp-json\/wp\/v2\/comments?post=154210"}],"version-history":[{"count":0,"href":"https:\/\/www.europesays.com\/es\/wp-json\/wp\/v2\/posts\/154210\/revisions"}],"wp:featuredmedia":[{"embeddable":true,"href":"https:\/\/www.europesays.com\/es\/wp-json\/wp\/v2\/media\/154211"}],"wp:attachment":[{"href":"https:\/\/www.europesays.com\/es\/wp-json\/wp\/v2\/media?parent=154210"}],"wp:term":[{"taxonomy":"category","embeddable":true,"href":"https:\/\/www.europesays.com\/es\/wp-json\/wp\/v2\/categories?post=154210"},{"taxonomy":"post_tag","embeddable":true,"href":"https:\/\/www.europesays.com\/es\/wp-json\/wp\/v2\/tags?post=154210"}],"curies":[{"name":"wp","href":"https:\/\/api.w.org\/{rel}","templated":true}]}}