{"id":154214,"date":"2025-10-03T05:31:13","date_gmt":"2025-10-03T05:31:13","guid":{"rendered":"https:\/\/www.europesays.com\/es\/154214\/"},"modified":"2025-10-03T05:31:13","modified_gmt":"2025-10-03T05:31:13","slug":"la-distancia-siempre-esta-presente-pero-no-ha-sido-un-mal-mes","status":"publish","type":"post","link":"https:\/\/www.europesays.com\/es\/154214\/","title":{"rendered":"\u201cLa distancia siempre est\u00e1 presente, pero no ha sido un mal mes\u201d"},"content":{"rendered":"<p data-gtm-element-container=\"modulo-texto-link\" class=\"paragraph\">Blanca Su\u00e1rez fue una de las protagonistas de la \u00faltima entrega de La Revuelta. La actriz acudi\u00f3 al programa de David Broncano junto a Eduardo Noriega para hablar de su nueva pel\u00edcula, Parecido a un asesinato.<\/p>\n<p data-gtm-element-container=\"modulo-texto-link\" class=\"paragraph\">Broncano, fiel a su estilo, no se conform\u00f3 con preguntar por el rodaje o el estreno en cines. Y, en las cl\u00e1sicas cuestiones sobre dinero y sexo, la madrile\u00f1a se permiti\u00f3 una peque\u00f1a confesi\u00f3n que enseguida capt\u00f3 la atenci\u00f3n del p\u00fablico: \u201cLa distancia siempre est\u00e1 presente, pero no ha sido un mal mes\u201d, asegur\u00f3 con naturalidad, entre risas, en clara referencia a su pareja.<\/p>\n<p>                <img loading=\"lazy\" decoding=\"async\" data-full-src=\"https:\/\/www.lavanguardia.com\/uploads\/2025\/10\/03\/68def8482b442.png\" alt=\"Blanca Su\u00e1rez contestando a las preguntas de Broncano (RTVE)\" width=\"449\" height=\"251\" src=\"https:\/\/www.europesays.com\/es\/wp-content\/uploads\/2025\/10\/68def8482b442.png\" class=\"lazy\"\/><\/p>\n<p class=\"caption-title \">Blanca Su\u00e1rez contestando a las preguntas de Broncano (RTVE)<\/p>\n<p data-gtm-element-container=\"modulo-texto-link\" class=\"paragraph\">Su\u00e1rez y Rey forman una de las parejas m\u00e1s consolidadas del cine espa\u00f1ol actual. Se conocieron durante el rodaje de El verano que vivimos y, desde entonces, mantienen una relaci\u00f3n estable alejada de los focos. Apenas comparten fotos juntos ni hacen alarde de su vida privada en redes sociales, aunque en entrevistas puntuales se han dedicado palabras de cari\u00f1o y complicidad.<\/p>\n<p data-gtm-element-container=\"modulo-texto-link\" class=\"paragraph\">Con proyectos en marcha y una presencia constante en la gran pantalla, tanto Su\u00e1rez como Rey lidian con los retos habituales de dos carreras en pleno auge.\u00a0<\/p>\n<blockquote>\n<p>        La distancia siempre est\u00e1 presente<\/p>\n<\/blockquote>\n<p>        Lee tambi\u00e9n<\/p>\n<p>    Nerea Parraga Frutos<\/p>\n<p>             <img loading=\"lazy\" decoding=\"async\" data-full-src=\"https:\/\/www.lavanguardia.com\/uploads\/2024\/10\/21\/67166f2379b13.jpeg\" alt=\"Blanca Su\u00e1rez y Javier Rey\" width=\"104\" height=\"108\" src=\"https:\/\/www.europesays.com\/es\/wp-content\/uploads\/2025\/10\/67166f2379b13.jpeg\" class=\"lazy\"\/><\/p>\n<p data-gtm-element-container=\"modulo-texto-link\" class=\"paragraph\">La actriz no ocult\u00f3 que la distancia es un factor inevitable, pero tambi\u00e9n dej\u00f3 claro que la pareja atraviesa un buen momento. Su frase, sencilla y directa, fue suficiente para generar complicidad con los espectadores de La Revuelta, que celebraron su naturalidad.<\/p>\n<p data-gtm-element-container=\"modulo-texto-link\" class=\"paragraph\">Blanca Su\u00e1rez no solo es una de las int\u00e9rpretes m\u00e1s reconocibles de su generaci\u00f3n, sino tambi\u00e9n una figura capaz de conectar con la audiencia cuando decide abrir, aunque sea por unos segundos, la puerta a su vida personal.<\/p>\n","protected":false},"excerpt":{"rendered":"Blanca Su\u00e1rez fue una de las protagonistas de la \u00faltima entrega de La Revuelta. La actriz acudi\u00f3 al&hellip;\n","protected":false},"author":2,"featured_media":154215,"comment_status":"","ping_status":"","sticky":false,"template":"","format":"standard","meta":{"footnotes":""},"categories":[91],"tags":[146,147,25,24,23],"class_list":{"0":"post-154214","1":"post","2":"type-post","3":"status-publish","4":"format-standard","5":"has-post-thumbnail","7":"category-entretenimiento","8":"tag-entertainment","9":"tag-entretenimiento","10":"tag-es","11":"tag-espana","12":"tag-spain"},"share_on_mastodon":{"url":"","error":""},"_links":{"self":[{"href":"https:\/\/www.europesays.com\/es\/wp-json\/wp\/v2\/posts\/154214","targetHints":{"allow":["GET"]}}],"collection":[{"href":"https:\/\/www.europesays.com\/es\/wp-json\/wp\/v2\/posts"}],"about":[{"href":"https:\/\/www.europesays.com\/es\/wp-json\/wp\/v2\/types\/post"}],"author":[{"embeddable":true,"href":"https:\/\/www.europesays.com\/es\/wp-json\/wp\/v2\/users\/2"}],"replies":[{"embeddable":true,"href":"https:\/\/www.europesays.com\/es\/wp-json\/wp\/v2\/comments?post=154214"}],"version-history":[{"count":0,"href":"https:\/\/www.europesays.com\/es\/wp-json\/wp\/v2\/posts\/154214\/revisions"}],"wp:featuredmedia":[{"embeddable":true,"href":"https:\/\/www.europesays.com\/es\/wp-json\/wp\/v2\/media\/154215"}],"wp:attachment":[{"href":"https:\/\/www.europesays.com\/es\/wp-json\/wp\/v2\/media?parent=154214"}],"wp:term":[{"taxonomy":"category","embeddable":true,"href":"https:\/\/www.europesays.com\/es\/wp-json\/wp\/v2\/categories?post=154214"},{"taxonomy":"post_tag","embeddable":true,"href":"https:\/\/www.europesays.com\/es\/wp-json\/wp\/v2\/tags?post=154214"}],"curies":[{"name":"wp","href":"https:\/\/api.w.org\/{rel}","templated":true}]}}