{"id":154220,"date":"2025-10-03T05:34:10","date_gmt":"2025-10-03T05:34:10","guid":{"rendered":"https:\/\/www.europesays.com\/es\/154220\/"},"modified":"2025-10-03T05:34:10","modified_gmt":"2025-10-03T05:34:10","slug":"bukele-prohibe-el-lenguaje-inclusivo-en-las-escuelas-publicas","status":"publish","type":"post","link":"https:\/\/www.europesays.com\/es\/154220\/","title":{"rendered":"Bukele proh\u00edbe el \u00ablenguaje inclusivo\u00bb en las escuelas p\u00fablicas"},"content":{"rendered":"<p>El Gobierno de El Salvador <strong>ha prohibido el uso del \u00ablenguaje inclusivo\u00bb en todas las escuelas p\u00fablicas<\/strong> del pa\u00eds. As\u00ed, palabras como \u00abni\u00f1e\u00bb o \u00abalumn@\u00bb y expresiones como \u00abtodos y todas\u00bb no ser\u00e1n admitidas \u00abpor ninguna circunstancia\u00bb. <\/p>\n<p>\u00abDesde hoy queda prohibido el mal llamado &#8216;lenguaje inclusivo&#8217; en todos los centros educativos p\u00fablicos de nuestro pa\u00eds\u00bb, ha informado su presidente, Nayib Bukele, en un mensaje en la red social X.<\/p>\n<p>En la misma red social, la ministra de Educaci\u00f3n, la militar Karla Trigueros, ha apuntado que con esta medida se garantiza a su juicio \u00ab<strong>el buen uso de nuestro idioma<\/strong> en todo material y contenido, adem\u00e1s de proteger a la primera infancia, ni\u00f1ez y adolescencia de injerencias ideol\u00f3gicas que afecten su desarrollo integral\u00bb.<\/p>\n<p>\u00abHoy gir\u00e9 la instrucci\u00f3n para prohibir el llamado &#8216;lenguaje inclusivo&#8217; en todos los centros educativos p\u00fablicos y dependencias de nuestra instituci\u00f3n\u00bb, ha sostenido la ministra. <\/p>\n<p>La medida afectar\u00e1 a todos los colegios p\u00fablicos<\/p>\n<p>De acuerdo con un memor\u00e1ndum compartido en X por la capitana del Ej\u00e9rcito, la prohibici\u00f3n abarca \u00abtodos los centros educativos p\u00fablicos y dependencias de esa cartera de Estado\u00bb para \u00abconsolidar una comunicaci\u00f3n institucional <strong>clara, uniforme y respetuosa<\/strong>\u00ab.<\/p>\n<p>As\u00ed, ha explicado, \u00abpalabras como &#8216;amigue, compa\u00f1ere, ni\u00f1e, todos y todas, alumn@, j\u00f3venxs, nosotras&#8217; o cualquier otra deformaci\u00f3n ling\u00fc\u00edstica que aluda a la ideolog\u00eda de g\u00e9nero <strong>no ser\u00e1 admitida por ninguna circunstancia<\/strong>\u00ab. <\/p>\n<p>En febrero de 2024, el entonces ministro de Educaci\u00f3n, Jos\u00e9 Mauricio Pineda, anunci\u00f3 en X que \u00abtodo uso de la ideolog\u00eda de g\u00e9nero\u00bb lo \u00absacaron de las escuelas p\u00fablicas\u00bb, despu\u00e9s de que el presidente Nayib Bukele abordara este tema en Estados Unidos.<\/p>\n<p>Bukele dijo en Maryland (EE.UU.), en el marco de la <strong>Conferencia de Acci\u00f3n Pol\u00edtica Conservadora<\/strong>, en respuesta a una pregunta de la coordinadora hispana de la organizaci\u00f3n Moms for Liberty, Catalina Stubbe, que para \u00e9l \u00abno solo es importante que la curr\u00edcula no lleve esta ideolog\u00eda de g\u00e9nero y todas estas cosas, sino que tambi\u00e9n los padres est\u00e9n informados y tengan voz y voto en lo que van aprender sus hijos\u00bb. <\/p>\n","protected":false},"excerpt":{"rendered":"El Gobierno de El Salvador ha prohibido el uso del \u00ablenguaje inclusivo\u00bb en todas las escuelas p\u00fablicas del&hellip;\n","protected":false},"author":2,"featured_media":154221,"comment_status":"","ping_status":"","sticky":false,"template":"","format":"standard","meta":{"footnotes":""},"categories":[42],"tags":[17,18,13,14,11,61,62,63,64,19,20,9,10,15,16,12,21,22,65,66,67],"class_list":{"0":"post-154220","1":"post","2":"type-post","3":"status-publish","4":"format-standard","5":"has-post-thumbnail","7":"category-internacional","8":"tag-breaking-news","9":"tag-breakingnews","10":"tag-featured-news","11":"tag-featurednews","12":"tag-headlines","13":"tag-internacional","14":"tag-international","15":"tag-international-news","16":"tag-internationalnews","17":"tag-latest-news","18":"tag-latestnews","19":"tag-news","20":"tag-noticias","21":"tag-noticias-destacadas","22":"tag-noticiasdestacadas","23":"tag-titulares","24":"tag-ultimas-noticias","25":"tag-ultimasnoticias","26":"tag-world","27":"tag-world-news","28":"tag-worldnews"},"share_on_mastodon":{"url":"","error":""},"_links":{"self":[{"href":"https:\/\/www.europesays.com\/es\/wp-json\/wp\/v2\/posts\/154220","targetHints":{"allow":["GET"]}}],"collection":[{"href":"https:\/\/www.europesays.com\/es\/wp-json\/wp\/v2\/posts"}],"about":[{"href":"https:\/\/www.europesays.com\/es\/wp-json\/wp\/v2\/types\/post"}],"author":[{"embeddable":true,"href":"https:\/\/www.europesays.com\/es\/wp-json\/wp\/v2\/users\/2"}],"replies":[{"embeddable":true,"href":"https:\/\/www.europesays.com\/es\/wp-json\/wp\/v2\/comments?post=154220"}],"version-history":[{"count":0,"href":"https:\/\/www.europesays.com\/es\/wp-json\/wp\/v2\/posts\/154220\/revisions"}],"wp:featuredmedia":[{"embeddable":true,"href":"https:\/\/www.europesays.com\/es\/wp-json\/wp\/v2\/media\/154221"}],"wp:attachment":[{"href":"https:\/\/www.europesays.com\/es\/wp-json\/wp\/v2\/media?parent=154220"}],"wp:term":[{"taxonomy":"category","embeddable":true,"href":"https:\/\/www.europesays.com\/es\/wp-json\/wp\/v2\/categories?post=154220"},{"taxonomy":"post_tag","embeddable":true,"href":"https:\/\/www.europesays.com\/es\/wp-json\/wp\/v2\/tags?post=154220"}],"curies":[{"name":"wp","href":"https:\/\/api.w.org\/{rel}","templated":true}]}}