{"id":154224,"date":"2025-10-03T05:36:13","date_gmt":"2025-10-03T05:36:13","guid":{"rendered":"https:\/\/www.europesays.com\/es\/154224\/"},"modified":"2025-10-03T05:36:13","modified_gmt":"2025-10-03T05:36:13","slug":"la-ultima-opcion-de-curro-para-evitar-la-boda-de-angela-y-lorenzo","status":"publish","type":"post","link":"https:\/\/www.europesays.com\/es\/154224\/","title":{"rendered":"la \u00faltima opci\u00f3n de Curro para evitar la boda de \u00c1ngela y Lorenzo"},"content":{"rendered":"<p data-gtm-element-container=\"modulo-texto-link\" class=\"paragraph\"><strong>\u2018La Promesa\u2019<\/strong> regresa con un nuevo episodio. <strong>La 1<\/strong> de Televisi\u00f3n Espa\u00f1ola emite un \u00fanico cap\u00edtulo de la serie, justo despu\u00e9s de &#8216;Valle Salvaje&#8217; y antes de &#8216;Malas lenguas&#8217;. La ficci\u00f3n es un aut\u00e9ntico fen\u00f3meno y lidera todas las tardes frente a la telenovela de Antena 3 y los magacines de Telecinco.<\/p>\n<p>As\u00ed es &#8216;La Promesa&#8217;<\/p>\n<p data-gtm-element-container=\"modulo-texto-link\" class=\"paragraph\"><strong>1913<\/strong>. El mundo entero est\u00e1 al borde del abismo, pero hay remansos de paz aislados de los conflictos. Como el<strong> Palacio La Promesa<\/strong>, en el valle de Los Pedroches, propiedad de los Marqueses de Luj\u00e1n, uno de los mayores terratenientes del pa\u00eds.<\/p>\n<p>                <img loading=\"lazy\" decoding=\"async\" data-full-src=\"https:\/\/www.mundodeportivo.com\/uploads\/2025\/09\/28\/68d99ae7e2702.jpeg\" alt=\"'La Promesa'\" width=\"449\" height=\"253\" src=\"https:\/\/www.europesays.com\/es\/wp-content\/uploads\/2025\/10\/68d99ae7e2702.r_d.450-254.jpeg\" class=\"lazy\"\/><\/p>\n<p class=\"caption-title \">&#8216;La Promesa&#8217;<\/p>\n<p>                    RTVE<\/p>\n<p data-gtm-element-container=\"modulo-texto-link\" class=\"paragraph\">Ese d\u00eda el Palacio se viste de gala para celebrar la boda del heredero, Tom\u00e1s. Reci\u00e9n terminado el convite, la aparici\u00f3n de un aeroplano atrae la atenci\u00f3n de todos. Lo pilota Manuel, hijo de los Marqueses. De repente,<strong> el aparato pierde altura hasta estrellarse.<\/strong> Manuel est\u00e1 a punto de ser consumido por las llamas; pero alguien consigue salvarlo: Jana.<\/p>\n<p>Avance del cap\u00edtulo 689 del viernes 3 de octubre<\/p>\n<p data-gtm-element-container=\"modulo-texto-link\" class=\"paragraph\">La marcha de Adriano ser\u00eda terrible para todos despu\u00e9s de lo de Catalina, por lo que Martina har\u00e1 un \u00faltimo intento de convencerlo para que se quede. Petra sigue empeorando y ninguno de los tratamientos parece hacer efecto&#8230; Sin efecto qued\u00f3 la orden del marqu\u00e9s para que P\u00eda volviese; Ricardo se da cuenta de que se queda sin opciones. Sin opciones de volver a casa se queda Vera, despu\u00e9s de que Lope y Federico trabajen juntos para impedirlo.<\/p>\n<p>                <img loading=\"lazy\" decoding=\"async\" data-full-src=\"https:\/\/www.mundodeportivo.com\/uploads\/2025\/09\/28\/68d99a2ea4861.jpeg\" alt=\"'La Promesa'\" width=\"449\" height=\"253\" src=\"https:\/\/www.europesays.com\/es\/wp-content\/uploads\/2025\/10\/68d99a2ea4861.jpeg\" class=\"lazy\"\/><\/p>\n<p class=\"caption-title \">&#8216;La Promesa&#8217;<\/p>\n<p>                    RTVE<\/p>\n<p data-gtm-element-container=\"modulo-texto-link\" class=\"paragraph\">Petra no aparece a trabajar y todos se temen lo peor: nadie se atreve a comprobar si el ama de llaves sigue con vida.<strong> Curro, totalmente desesperado, ya no sabe qu\u00e9 m\u00e1s hacer para evitar la boda de \u00c1ngela y Lorenzo<\/strong>: solo le queda una opci\u00f3n.<\/p>\n","protected":false},"excerpt":{"rendered":"\u2018La Promesa\u2019 regresa con un nuevo episodio. La 1 de Televisi\u00f3n Espa\u00f1ola emite un \u00fanico cap\u00edtulo de la&hellip;\n","protected":false},"author":2,"featured_media":154225,"comment_status":"","ping_status":"","sticky":false,"template":"","format":"standard","meta":{"footnotes":""},"categories":[5],"tags":[17,18,25,24,13,14,11,19,20,9,10,15,16,23,12,21,22],"class_list":{"0":"post-154224","1":"post","2":"type-post","3":"status-publish","4":"format-standard","5":"has-post-thumbnail","7":"category-titulares","8":"tag-breaking-news","9":"tag-breakingnews","10":"tag-es","11":"tag-espana","12":"tag-featured-news","13":"tag-featurednews","14":"tag-headlines","15":"tag-latest-news","16":"tag-latestnews","17":"tag-news","18":"tag-noticias","19":"tag-noticias-destacadas","20":"tag-noticiasdestacadas","21":"tag-spain","22":"tag-titulares","23":"tag-ultimas-noticias","24":"tag-ultimasnoticias"},"share_on_mastodon":{"url":"","error":""},"_links":{"self":[{"href":"https:\/\/www.europesays.com\/es\/wp-json\/wp\/v2\/posts\/154224","targetHints":{"allow":["GET"]}}],"collection":[{"href":"https:\/\/www.europesays.com\/es\/wp-json\/wp\/v2\/posts"}],"about":[{"href":"https:\/\/www.europesays.com\/es\/wp-json\/wp\/v2\/types\/post"}],"author":[{"embeddable":true,"href":"https:\/\/www.europesays.com\/es\/wp-json\/wp\/v2\/users\/2"}],"replies":[{"embeddable":true,"href":"https:\/\/www.europesays.com\/es\/wp-json\/wp\/v2\/comments?post=154224"}],"version-history":[{"count":0,"href":"https:\/\/www.europesays.com\/es\/wp-json\/wp\/v2\/posts\/154224\/revisions"}],"wp:featuredmedia":[{"embeddable":true,"href":"https:\/\/www.europesays.com\/es\/wp-json\/wp\/v2\/media\/154225"}],"wp:attachment":[{"href":"https:\/\/www.europesays.com\/es\/wp-json\/wp\/v2\/media?parent=154224"}],"wp:term":[{"taxonomy":"category","embeddable":true,"href":"https:\/\/www.europesays.com\/es\/wp-json\/wp\/v2\/categories?post=154224"},{"taxonomy":"post_tag","embeddable":true,"href":"https:\/\/www.europesays.com\/es\/wp-json\/wp\/v2\/tags?post=154224"}],"curies":[{"name":"wp","href":"https:\/\/api.w.org\/{rel}","templated":true}]}}