{"id":154257,"date":"2025-10-03T05:59:15","date_gmt":"2025-10-03T05:59:15","guid":{"rendered":"https:\/\/www.europesays.com\/es\/154257\/"},"modified":"2025-10-03T05:59:15","modified_gmt":"2025-10-03T05:59:15","slug":"portal-de-noticias-del-gobierno-de-canarias-162","status":"publish","type":"post","link":"https:\/\/www.europesays.com\/es\/154257\/","title":{"rendered":"Portal de Noticias del Gobierno de Canarias"},"content":{"rendered":"<blockquote>\n<p>Pablo Rodr\u00edguez lamenta que, una vez m\u00e1s, el Estado no atienda las especificidades de un territorio como el canario y subraya la necesidad de un plan flexible y consensuado con las comunidades aut\u00f3nomas<\/p>\n<p>El consejero y el director del Instituto Canario de la Vivienda, Antonio Ortega, han participado en la sexta Conferencia Sectorial de Vivienda y Agenda Urbana celebrada esta ma\u00f1ana en el Ministerio<\/p>\n<p>El Ejecutivo insiste en la propuesta ya planteada al Estado para que permita el uso de remanentes y super\u00e1vits de las administraciones p\u00fablicas, que en el caso de Canarias asciende hasta los 2.000 millones de euros, para dar respuesta a la emergencia habitacional<\/p>\n<\/blockquote>\n<p><strong>El consejero de Obras P\u00fablicas, Vivienda y Movilidad del Gobierno de Canarias, Pablo Rodr\u00edguez, ha exigido al Ministerio que contemple las singularidades de las islas en el pr\u00f3ximo Plan Estatal de Vivienda (2026-2030), a la vez que ha incidido en la necesidad de que este sea flexible y atienda a las propuestas y mejoras planteadas por las comunidades aut\u00f3nomas.<\/strong><\/p>\n<p>Rodr\u00edguez ha realizado estas declaraciones durante la sexta Conferencia Sectorial de Vivienda y Agenda Urbana, celebrada esta ma\u00f1ana en el Ministerio, en la que ha estado acompa\u00f1ado por el director del Instituto Canario de la Vivienda, Antonio Ortega.<\/p>\n<p>Durante la sesi\u00f3n, el consejero Rodr\u00edguez ha subrayado la necesidad de di\u00e1logo y consenso: \u201cEl plan comienza sin el consenso necesario. Desde Canarias estamos a disposici\u00f3n del Ministerio para trabajar de manera conjunta y que sea un plan compartido por todos y \u00fatil para dar respuesta a la emergencia habitacional\u201d, ha indicado.<\/p>\n<p>Asimismo, el consejero ha destacado que Canarias ha aprovechado esta cita para adelantar las alegaciones y propuestas que plantear\u00e1 el Ejecutivo \u201ccon el objetivo de elaborar un plan que pueda aprobarse antes de final de a\u00f1o y que no sea impuesto, sino que integre las realidades y particularidades de todas las comunidades aut\u00f3nomas\u201d.<\/p>\n<p>En esta l\u00ednea, Canarias busca garantizar que el Plan del Gobierno de Espa\u00f1a se adapte a la realidad del archipi\u00e9lago y sea efectivo en la respuesta a la emergencia habitacional. Entre estas propuestas, destaca la utilizaci\u00f3n de los remanentes y super\u00e1vits de las administraciones p\u00fablicas, una iniciativa que ya el Gobierno canario present\u00f3 en la Conferencia de Presidentes y que permitir\u00eda destinar de manera temporal recursos extraordinarios a pol\u00edticas de vivienda. \u201cAunque por el momento el Ministerio de Vivienda no ha dado respuesta definitiva, derivando en gran parte la cuesti\u00f3n al Ministerio de Hacienda, el Gobierno canario considera\u00a0 que esta medida\u00a0 es viable y necesaria para aportar un plus a la financiaci\u00f3n auton\u00f3mica en la materia\u201d, ha explicado Rodr\u00edguez.<\/p>\n<p>Asimismo, el consejero responsable del \u00e1rea ha detallado que \u201cla mayor parte de nuestras mejoras se centran en la b\u00fasqueda de flexibilizaci\u00f3n del Plan Estatal para que se convierta en un marco de coordinaci\u00f3n entre las pol\u00edticas del Estado y las ya implementadas por Canarias, sin imponer medidas que puedan perjudicar los avances locales. Es importante contemplar la singularidad de las islas no capitalinas, donde las dificultades para la construcci\u00f3n y promoci\u00f3n de vivienda son mayores debido a la escasez de mano de obra, la falta de materiales y el encarecimiento de los costes\u201d, ha insistido.<\/p>\n<p>En este sentido, el consejero ha subrayado tambi\u00e9n que Canarias destina actualmente m\u00e1s recursos a vivienda de los que exige el Plan Estatal, movilizando herramientas, instrumentos y fondos p\u00fablicos \u201csin precedentes en la historia de Canarias, con cerca de 200 millones de euros destinados a las pol\u00edticas p\u00fablicas de vivienda\u201d.<\/p>\n<p>Rodr\u00edguez tambi\u00e9n se ha referido a la exigencia del Ejecutivo estatal sobre compartir datos, y ha destacado que las islas ya cuentan con un Observatorio Canario de Vivienda, que proporciona datos p\u00fablicos y rigurosos para evaluar la eficacia de las pol\u00edticas y permitir una planificaci\u00f3n m\u00e1s precisa. Adem\u00e1s, ha recordado que Canarias fue la primera comunidad aut\u00f3noma en garantizar la permanencia de la vivienda p\u00fablica, mediante el decreto-ley 1\/2024.<\/p>\n<p>\u201cLas propuestas canarias combinan flexibilidad, innovaci\u00f3n y adaptaci\u00f3n a la singularidad territorial, buscando un Plan Estatal que sea realmente un plus a todo lo que ya estamos impulsando desde Canarias\u201d ha insistido, a la vez que ha se\u00f1alado que en estos dos a\u00f1os, \u201chemos impulsado una estrategia 360\u00ba, que contempla diferentes impulsos normativos para reducir las trabajos y acelerar procesos con dos decretos leyes, que han permitido reactivar la construcci\u00f3n de vivienda p\u00fablica con cifras in\u00e9ditas en los \u00faltimos a\u00f1os y movilizar promociones paralizadas desde hace una d\u00e9cada. Este esfuerzo tambi\u00e9n ha buscado generar un cambio estructural que permita avanzar de manera sostenida en el \u00e1mbito de la vivienda, dejando atr\u00e1s el inmovilismo normativo que hab\u00eda limitado el desarrollo en los \u00faltimos a\u00f1os\u201d.<\/p>\n<p>Rodr\u00edguez ha recordado que la prioridad debe ser \u201cgarantizar pol\u00edticas eficaces y eficientes que respondan a esta situaci\u00f3n\u201d. Asimismo, ha hecho hincapi\u00e9 en la necesidad de asegurar la financiaci\u00f3n de las pol\u00edticas de vivienda m\u00e1s all\u00e1 de 2026, cuando finalizan los fondos europeos del Plan de Recuperaci\u00f3n.<\/p>\n<p>\u00a0<\/p>\n<p>\u00a0<\/p>\n","protected":false},"excerpt":{"rendered":"Pablo Rodr\u00edguez lamenta que, una vez m\u00e1s, el Estado no atienda las especificidades de un territorio como el&hellip;\n","protected":false},"author":2,"featured_media":154258,"comment_status":"","ping_status":"","sticky":false,"template":"","format":"standard","meta":{"footnotes":""},"categories":[5],"tags":[17,18,25,24,13,14,11,19,20,9,10,15,16,23,12,21,22],"class_list":{"0":"post-154257","1":"post","2":"type-post","3":"status-publish","4":"format-standard","5":"has-post-thumbnail","7":"category-titulares","8":"tag-breaking-news","9":"tag-breakingnews","10":"tag-es","11":"tag-espana","12":"tag-featured-news","13":"tag-featurednews","14":"tag-headlines","15":"tag-latest-news","16":"tag-latestnews","17":"tag-news","18":"tag-noticias","19":"tag-noticias-destacadas","20":"tag-noticiasdestacadas","21":"tag-spain","22":"tag-titulares","23":"tag-ultimas-noticias","24":"tag-ultimasnoticias"},"share_on_mastodon":{"url":"","error":""},"_links":{"self":[{"href":"https:\/\/www.europesays.com\/es\/wp-json\/wp\/v2\/posts\/154257","targetHints":{"allow":["GET"]}}],"collection":[{"href":"https:\/\/www.europesays.com\/es\/wp-json\/wp\/v2\/posts"}],"about":[{"href":"https:\/\/www.europesays.com\/es\/wp-json\/wp\/v2\/types\/post"}],"author":[{"embeddable":true,"href":"https:\/\/www.europesays.com\/es\/wp-json\/wp\/v2\/users\/2"}],"replies":[{"embeddable":true,"href":"https:\/\/www.europesays.com\/es\/wp-json\/wp\/v2\/comments?post=154257"}],"version-history":[{"count":0,"href":"https:\/\/www.europesays.com\/es\/wp-json\/wp\/v2\/posts\/154257\/revisions"}],"wp:featuredmedia":[{"embeddable":true,"href":"https:\/\/www.europesays.com\/es\/wp-json\/wp\/v2\/media\/154258"}],"wp:attachment":[{"href":"https:\/\/www.europesays.com\/es\/wp-json\/wp\/v2\/media?parent=154257"}],"wp:term":[{"taxonomy":"category","embeddable":true,"href":"https:\/\/www.europesays.com\/es\/wp-json\/wp\/v2\/categories?post=154257"},{"taxonomy":"post_tag","embeddable":true,"href":"https:\/\/www.europesays.com\/es\/wp-json\/wp\/v2\/tags?post=154257"}],"curies":[{"name":"wp","href":"https:\/\/api.w.org\/{rel}","templated":true}]}}