{"id":154286,"date":"2025-10-03T06:19:09","date_gmt":"2025-10-03T06:19:09","guid":{"rendered":"https:\/\/www.europesays.com\/es\/154286\/"},"modified":"2025-10-03T06:19:09","modified_gmt":"2025-10-03T06:19:09","slug":"el-valor-que-pasa-del-suelo-al-cielo-en-el-ibex-35-esta-semana-nuevo-potencial-de-solaria","status":"publish","type":"post","link":"https:\/\/www.europesays.com\/es\/154286\/","title":{"rendered":"El valor que pasa del suelo al cielo en el Ibex 35 esta semana: nuevo potencial de Solaria"},"content":{"rendered":"<p>    <img fetchpriority=\"high\" decoding=\"async\" src=\"data:image\/gif;base64,R0lGODlhAQABAIAAAAAAAP\/\/\/ywAAAAAAQABAAACAUwAOw==\" alt=\"El valor que pasa del suelo al cielo en el Ibex 35 esta semana: nuevo potencial de Solaria\" loading=\"eager\" height=\"540\" width=\"960\" class=\"yf-1gfnohs loader\"\/> El valor que pasa del suelo al cielo en el Ibex 35 esta semana: nuevo potencial de Solaria      <\/p>\n<p class=\"yf-1090901\">Al mercado le gustaron y mucho las cuentas de <a class=\"link \" href=\"https:\/\/www.estrategiasdeinversion.com\/cotizaciones\/indices\/mercado-continuo\/solaria\" rel=\"nofollow noopener\" target=\"_blank\" data-ylk=\"slk:Solaria;elm:context_link;itc:0;sec:content-canvas\">Solaria<\/a>. Y sin ser habitual, se publicaron a primera hora de la ma\u00f1ana, pero con el mercado ya abierto. Y es que la tendencia bajista,<strong> tras 12 sesiones a la baja y ca\u00eddas acumuladas del 15,5%<\/strong> para el peor valor del Ibex 35 en el mes de septiembre se manten\u00eda. Pero el efecto resultados hizo florecer en bolsa al valor.<\/p>\n<p class=\"yf-1090901\">Solaria doblaba <strong>su resultado neto a los 82 millones con subida del 97% en el primer semestre del a\u00f1o, <\/strong>con EBITDA de 144 millones de euros, un 66% mientras reafirmaba su compromiso de alcanzar a final de a\u00f1o un resultado bruto de explotaci\u00f3n de 255 millones de euros. todo a cuenta de la aceleraci\u00f3n en su apuesta por los centros de datos sostenibles.<\/p>\n<p class=\"yf-1090901\">Y se convirti\u00f3 en el primer catalizador del valor, <strong>que ha escalado cerca de un 20% en apenas tres sesiones en bolsa.\u00a0<\/strong><\/p>\n<p class=\"yf-1090901\">Ese fue el revulsivo, pero la cuant\u00eda a doble d\u00edgito de sus subidas verticales, viene propiciado por esas subidas iniciales. Y es que Solaria es un caso claramente particular en el mercado. En foto fija de ayer mismo, <strong>Solaria tiene en su capital posiciones cortas por valor de casi 123 millones de euros, y engloban el 7,93% de su capital.\u00a0<\/strong><\/p>\n<p>    <img decoding=\"async\" src=\"data:image\/gif;base64,R0lGODlhAQABAIAAAAAAAP\/\/\/ywAAAAAAQABAAACAUwAOw==\" alt=\"El valor que pasa del suelo al cielo en el Ibex 35 esta semana: nuevo potencial de Solaria\" loading=\"lazy\" height=\"474\" width=\"960\" class=\"yf-1gfnohs loader\"\/> El valor que pasa del suelo al cielo en el Ibex 35 esta semana: nuevo potencial de Solaria      <\/p>\n<p class=\"yf-1090901\">En sus cambios de posiciones, todas variadas desde el pasado mes de junio, y m\u00e1s de la mitad de ellas con cambios en septiembre, vemos como los movimientos de cierre ante las subidas, han propiciado nuevos repuntes. Es decir, <strong>el movimiento &#8216;short squeeze&#8217; <\/strong>propicia que los fondos con posiciones cortas de cuant\u00eda, ante la aceleraci\u00f3n del precio del valor, cierran posiciones inmediatas, bajan su apuesta a la baja y esa recompra, provoca subidas espectaculares para el valor.<\/p>\n<p class=\"yf-1090901\">Y es la segunda vez en el a\u00f1o que ocurre en <strong>un valor que hab\u00eda bajado un 27% desde los m\u00e1ximos de agosto<\/strong> pero que sube en el a\u00f1o m\u00e1s de un 50%, a pesar de la evoluci\u00f3n claramente negativa a dos y tres a\u00f1os vista, con recortes del 20 y superiores al 27% respectivamente para Solaria.<\/p>\n<p class=\"yf-1090901\">Estos bruscos movimientos llevan al valor, a corregir con fuerza tras la subida vertical, tal y como ha ocurrido en septiembre y a subir como la espuma cuando el cierre de cortos se produce.<\/p>\n<p class=\"yf-1090901\">A pesar de ello, <strong>los resultados y el Capital Day con las expectativas presentadas a los inversores prevista para el pr\u00f3ximo 17 de noviembre en Londres, <\/strong>han elevado el inter\u00e9s de los analistas, lo que afianza sus avances.<\/p>\n<p class=\"yf-1090901\">Es el caso de <strong>Bank of America que ha cambiado de neutral a comprar su recomendaci\u00f3n <\/strong>o Alantra que ve a Solaria cotizando con <strong>un descuento del 20% <\/strong>y eleva su precio objetivo hasta los 14,16 euros por acci\u00f3n.<\/p>\n<p>    <img decoding=\"async\" src=\"data:image\/gif;base64,R0lGODlhAQABAIAAAAAAAP\/\/\/ywAAAAAAQABAAACAUwAOw==\" alt=\"El valor que pasa del suelo al cielo en el Ibex 35 esta semana: nuevo potencial de Solaria\" loading=\"lazy\" height=\"463\" width=\"960\" class=\"yf-1gfnohs loader\"\/> El valor que pasa del suelo al cielo en el Ibex 35 esta semana: nuevo potencial de Solaria      <\/p>\n<p class=\"yf-1090901\">La media del mercado que recoge Reuters tambi\u00e9n le es favorable con niveles de compra de consenso entre los analistas y <strong>precio objetivo de 12,94 euros que le otorgan un posible recorrido alcista del 4,4%.\u00a0<\/strong><\/p>\n<p class=\"yf-1090901\">Desde BofA, esperan que el precio de la acci\u00f3n siga subiendo gracias al esperado Capital Markets Day que se celebrar\u00e1 en Londres, ya centrado en las cifras de noviembre.<\/p>\n<p class=\"yf-1090901\">Adem\u00e1s destaca que su reciente asociaci\u00f3n con el inversor especializado en centros de datos Stoneshield \u00abpodr\u00eda acelerar la ejecuci\u00f3n y cristalizar el potencial alcista de los centros de datos, dado el solapamiento geogr\u00e1fico\u00bb.<\/p>\n<p class=\"yf-1090901\">Resaltan desde el banco americano que <strong>\u00abla relaci\u00f3n riesgo-recompensa es m\u00e1s atractiva tras una correcci\u00f3n del -27% desde el pico de finales de agosto,<\/strong> motivo por el que \u201cel impulso positivo continuar\u00e1\u201d. El potencial de crecimiento de los centros de datos es m\u00e1s probable con la incorporaci\u00f3n de un socio industrial y con avances tangibles en renovables, auguran.<\/p>\n<p class=\"yf-1090901\">Y se\u00f1alan adem\u00e1s que \u201c<strong>la valoraci\u00f3n no es exigente<\/strong>, con un EV\/EBITDA 2026-27 de 8x frente a la energ\u00eda limpia de 9x + un convincente potencial alcista-bajista de entre el 95 % y el -40 %\u201d.<\/p>\n","protected":false},"excerpt":{"rendered":"El valor que pasa del suelo al cielo en el Ibex 35 esta semana: nuevo potencial de Solaria&hellip;\n","protected":false},"author":2,"featured_media":154287,"comment_status":"","ping_status":"","sticky":false,"template":"","format":"standard","meta":{"footnotes":""},"categories":[80],"tags":[82,95,94,36187,25,24,3501,23],"class_list":{"0":"post-154286","1":"post","2":"type-post","3":"status-publish","4":"format-standard","5":"has-post-thumbnail","7":"category-economia","8":"tag-business","9":"tag-economia","10":"tag-economy","11":"tag-el-valor","12":"tag-es","13":"tag-espana","14":"tag-ibex-35","15":"tag-spain"},"share_on_mastodon":{"url":"","error":""},"_links":{"self":[{"href":"https:\/\/www.europesays.com\/es\/wp-json\/wp\/v2\/posts\/154286","targetHints":{"allow":["GET"]}}],"collection":[{"href":"https:\/\/www.europesays.com\/es\/wp-json\/wp\/v2\/posts"}],"about":[{"href":"https:\/\/www.europesays.com\/es\/wp-json\/wp\/v2\/types\/post"}],"author":[{"embeddable":true,"href":"https:\/\/www.europesays.com\/es\/wp-json\/wp\/v2\/users\/2"}],"replies":[{"embeddable":true,"href":"https:\/\/www.europesays.com\/es\/wp-json\/wp\/v2\/comments?post=154286"}],"version-history":[{"count":0,"href":"https:\/\/www.europesays.com\/es\/wp-json\/wp\/v2\/posts\/154286\/revisions"}],"wp:featuredmedia":[{"embeddable":true,"href":"https:\/\/www.europesays.com\/es\/wp-json\/wp\/v2\/media\/154287"}],"wp:attachment":[{"href":"https:\/\/www.europesays.com\/es\/wp-json\/wp\/v2\/media?parent=154286"}],"wp:term":[{"taxonomy":"category","embeddable":true,"href":"https:\/\/www.europesays.com\/es\/wp-json\/wp\/v2\/categories?post=154286"},{"taxonomy":"post_tag","embeddable":true,"href":"https:\/\/www.europesays.com\/es\/wp-json\/wp\/v2\/tags?post=154286"}],"curies":[{"name":"wp","href":"https:\/\/api.w.org\/{rel}","templated":true}]}}