{"id":154290,"date":"2025-10-03T06:21:08","date_gmt":"2025-10-03T06:21:08","guid":{"rendered":"https:\/\/www.europesays.com\/es\/154290\/"},"modified":"2025-10-03T06:21:08","modified_gmt":"2025-10-03T06:21:08","slug":"las-tres-noticias-de-carlos-alsina-para-empezar-el-dia-varios-miles-de-personas-protestan-en-madrid-y-barcelona-contra-israel-tres-historias-para-empezar-el-dia-mas-de-uno","status":"publish","type":"post","link":"https:\/\/www.europesays.com\/es\/154290\/","title":{"rendered":"Las tres noticias de Carlos Alsina para empezar el d\u00eda: \u00abVarios miles de personas protestan en Madrid y Barcelona contra Israel\u00bb &#8211; Tres historias para empezar el d\u00eda &#8211; M\u00e1s de uno"},"content":{"rendered":"<p class=\"article-preTitle\"> 10:59 MIN<\/p>\n<p><img loading=\"lazy\" decoding=\"async\" title=\"Tres historias para empezar el d\u00eda, con Carlos Alsina\" alt=\"Tres historias para empezar el d\u00eda, con Carlos Alsina\" width=\"480\" height=\"270\" src=\"https:\/\/www.europesays.com\/es\/wp-content\/uploads\/2025\/10\/tres-historias-empezar-dia-carlos-alsina_70.jpg\"\/> Las tres noticias de Carlos Alsina para empezar el d\u00eda: \u00abVarios miles de personas protestan en Madrid y Barcelona contra Israel\u00bb <\/p>\n<p class=\"description\"><a href=\"https:\/\/www.ondacero.es\/podcast\/programas\/mas-de-uno\/tres-historias-empezar-dia\/tres-noticias-carlos-alsina-empezar-dia-varios-miles-personas-protestan-madrid-barcelona-israel_2025100368df5d96e4da770006513bd7.html\" class=\"link link--description\" title=\"Ir al detalle de audio\" rel=\"nofollow noopener\" target=\"_blank\">M\u00e1s de uno<\/a><\/p>\n<p>Las tres noticias de Carlos Alsina para empezar el d\u00eda: \u00abVarios miles de personas protestan en Madrid y Barcelona contra Israel\u00bb<a href=\"https:\/\/www.ondacero.es\/noticias\/espana\/tres-noticias-carlos-alsina-empezar-dia-varios-miles-personas-protestan-madrid-barcelona-israel_2025100368df5e542aac281a5cba529b.html\" class=\"podcast-card-button\" title=\"Ir a la noticia\" rel=\"nofollow noopener\" target=\"_blank\"><\/a><\/p>\n<p class=\"article-subtitle\">Como cada ma\u00f1ana, este viernes 3 de octubre, Carlos Alsina nos trae las historias para empezar la ma\u00f1ana: De las manifestaciones por la intercepci\u00f3n de la flotilla a la nueva informaci\u00f3n sobre el caso Koldo.<\/p>\n","protected":false},"excerpt":{"rendered":"10:59 MIN Las tres noticias de Carlos Alsina para empezar el d\u00eda: \u00abVarios miles de personas protestan en&hellip;\n","protected":false},"author":2,"featured_media":154291,"comment_status":"","ping_status":"","sticky":false,"template":"","format":"standard","meta":{"footnotes":""},"categories":[8],"tags":[17,18,25,24,13,14,11,19,20,9,10,15,16,23,12,21,22],"class_list":{"0":"post-154290","1":"post","2":"type-post","3":"status-publish","4":"format-standard","5":"has-post-thumbnail","7":"category-espana","8":"tag-breaking-news","9":"tag-breakingnews","10":"tag-es","11":"tag-espana","12":"tag-featured-news","13":"tag-featurednews","14":"tag-headlines","15":"tag-latest-news","16":"tag-latestnews","17":"tag-news","18":"tag-noticias","19":"tag-noticias-destacadas","20":"tag-noticiasdestacadas","21":"tag-spain","22":"tag-titulares","23":"tag-ultimas-noticias","24":"tag-ultimasnoticias"},"share_on_mastodon":{"url":"","error":""},"_links":{"self":[{"href":"https:\/\/www.europesays.com\/es\/wp-json\/wp\/v2\/posts\/154290","targetHints":{"allow":["GET"]}}],"collection":[{"href":"https:\/\/www.europesays.com\/es\/wp-json\/wp\/v2\/posts"}],"about":[{"href":"https:\/\/www.europesays.com\/es\/wp-json\/wp\/v2\/types\/post"}],"author":[{"embeddable":true,"href":"https:\/\/www.europesays.com\/es\/wp-json\/wp\/v2\/users\/2"}],"replies":[{"embeddable":true,"href":"https:\/\/www.europesays.com\/es\/wp-json\/wp\/v2\/comments?post=154290"}],"version-history":[{"count":0,"href":"https:\/\/www.europesays.com\/es\/wp-json\/wp\/v2\/posts\/154290\/revisions"}],"wp:featuredmedia":[{"embeddable":true,"href":"https:\/\/www.europesays.com\/es\/wp-json\/wp\/v2\/media\/154291"}],"wp:attachment":[{"href":"https:\/\/www.europesays.com\/es\/wp-json\/wp\/v2\/media?parent=154290"}],"wp:term":[{"taxonomy":"category","embeddable":true,"href":"https:\/\/www.europesays.com\/es\/wp-json\/wp\/v2\/categories?post=154290"},{"taxonomy":"post_tag","embeddable":true,"href":"https:\/\/www.europesays.com\/es\/wp-json\/wp\/v2\/tags?post=154290"}],"curies":[{"name":"wp","href":"https:\/\/api.w.org\/{rel}","templated":true}]}}