{"id":154300,"date":"2025-10-03T06:28:26","date_gmt":"2025-10-03T06:28:26","guid":{"rendered":"https:\/\/www.europesays.com\/es\/154300\/"},"modified":"2025-10-03T06:28:26","modified_gmt":"2025-10-03T06:28:26","slug":"hautacam-y-la-quimera-de-la-igualdad-pogacar-vingegaard-del-tour","status":"publish","type":"post","link":"https:\/\/www.europesays.com\/es\/154300\/","title":{"rendered":"Hautacam y la quimera de la igualdad Pogacar-Vingegaard del Tour"},"content":{"rendered":"<p>\t\t\t\t\t\t\t\t\t\t\t\t\t\t<strong><a href=\"https:\/\/www.dtswiss.com\/es\" rel=\"nofollow noopener\" target=\"_blank\"><img loading=\"lazy\" decoding=\"async\" class=\"aligncenter wp-image-65007 size-full\" src=\"data:image\/svg+xml,%3Csvg%20xmlns=\" http:=\"\" alt=\"\" width=\"1024\" height=\"140\" data-lazy- data-lazy- data-lazy-src=\"https:\/\/www.europesays.com\/es\/wp-content\/uploads\/2025\/08\/joanseguidor-1024x140px-es-erc1100.png\"\/><\/a><\/strong><br \/>\nHautacam rompe el sue\u00f1o de la igualdad Pogacar-Vingegaard en el Tour<\/p>\n<p data-start=\"175\" data-end=\"406\">S\u00ed, claro, somos conscientes. <a href=\"https:\/\/joanseguidor.com\/tour-no-hay-nada-escrito-entre-pogacar-y-vingegaard\/\" target=\"_blank\" rel=\"noopener nofollow\">Hemos vendido la moto de la igualdad entre Pogacar y Vingegaard<\/a> durante d\u00edas. Hemos analizado cada gesto, cada momento entre ambos en esta primera semana del Tour, hasta las mismas puertas de Hautacam.<\/p>\n<p data-start=\"408\" data-end=\"544\">Hemos querido creer en ello, m\u00e1s que nada porque nos gusta la rivalidad, y la que mantienen el dan\u00e9s y el esloveno ha marcado una \u00e9poca.<\/p>\n<p data-start=\"546\" data-end=\"807\">Pero <strong>algo se ha roto esta tarde en Hautacam<\/strong>. El duelo se ha desequilibrado, la balanza ha perdido el oremus. Lo que Pogacar ha firmado en la primera llegada en alto del Tour \u2014en el \u201cmomento de la verdad\u201d, como dir\u00eda Flecha\u2014 excede todo lo que pod\u00edamos imaginar.<\/p>\n<p><a class=\"wppaslink\" href=\"https:\/\/joanseguidor.com\/pas\/ccmm-valenciana\/44016\/0\" target=\"_blank\" rel=\"nofollow noopener\"><img decoding=\"async\" src=\"data:image\/svg+xml,%3Csvg%20xmlns=\" http:=\"\" alt=\"CCMM Valenciana\" border=\"0\" data-lazy-src=\"https:\/\/www.europesays.com\/es\/wp-content\/uploads\/2025\/10\/1759472904_584_tl-joanseguidorcom-1024x140-1.png\"\/><\/a><\/p>\n<p data-start=\"809\" data-end=\"1043\">Es cierto, Pogacar nunca dej\u00f3 de ser el favorito. Pero el juego al caos que ha propuesto Visma, el buen estado de forma de su l\u00edder, el mal momento del UAE \u2014sin Almeida, con Sivakov tocado\u2026\u2014, hac\u00eda pensar en una batalla m\u00e1s cerrada.<\/p>\n<p data-start=\"1045\" data-end=\"1290\">En fin, ya lo hab\u00e9is visto: <strong>Tadej Pogacar le ha dado un golpe hist\u00f3rico al Tour<\/strong>. Una carrera que puede caer por cuarta vez de su lado, con unas diferencias demenciales, absolutamente brutales, hist\u00f3ricas. De otra \u00e9poca, quiz\u00e1. Pero inigualables.<\/p>\n<p data-start=\"1292\" data-end=\"1448\">Antes de Hautacam \u2014donde Pogacar claudic\u00f3 ante Vingegaard hace tres a\u00f1os\u2014, el Tour viv\u00eda de un duelo que dese\u00e1bamos ver. Ahora, sencillamente, no hay duelo.<\/p>\n<p data-start=\"1450\" data-end=\"1566\">Pogacar se ha cobrado todas las facturas de golpe. Ha lanzado el pu\u00f1etazo, todos los pu\u00f1etazos, en un solo cap\u00edtulo.<\/p>\n<p data-start=\"1568\" data-end=\"1688\">Atac\u00f3 desde abajo de Hautacam, a doce jodidos kil\u00f3metros, con la ayuda de Narv\u00e1ez, una vez hab\u00eda desmantelado al Visma.<\/p>\n<p data-start=\"1690\" data-end=\"1824\">Jorgenson no es Roglic, nunca lo fue. Es un tipo apreciable, que cae bien, pero el Tour le qued\u00f3 grande el a\u00f1o pasado, y este tambi\u00e9n.<a href=\"https:\/\/bestcyclingbrands.com\/brand\/741-castelli?utm_source=banner&amp;utm_medium=verano-castelli&amp;utm_campaign=elcuadernodejoanseguidor&amp;temporada=castelli-ss25\" rel=\"nofollow noopener\" target=\"_blank\"><img loading=\"lazy\" decoding=\"async\" class=\"aligncenter wp-image-65014 size-full\" src=\"data:image\/svg+xml,%3Csvg%20xmlns=\" http:=\"\" alt=\"\" width=\"1024\" height=\"300\" data-lazy- data-lazy- data-lazy-src=\"https:\/\/www.europesays.com\/es\/wp-content\/uploads\/2025\/07\/1753913948_280_joan-seguidor.jpg\"\/><\/a><\/p>\n<p><a href=\"https:\/\/www.turismodecastellon.com\/es\/que-hacer\/rutaCicloturismo\" rel=\"nofollow noopener\" target=\"_blank\"><img loading=\"lazy\" decoding=\"async\" class=\"aligncenter size-full wp-image-63764\" src=\"data:image\/svg+xml,%3Csvg%20xmlns=\" http:=\"\" alt=\"\" width=\"1024\" height=\"300\" data-lazy-src=\"https:\/\/www.europesays.com\/es\/wp-content\/uploads\/2025\/07\/1753913949_224_bn-cycling-1024x300-1.gif\"\/><\/a><\/p>\n<p data-start=\"1826\" data-end=\"1999\">Pogacar se deshizo r\u00e1pido de Vingegaard. Le fue abriendo hueco, poco al principio, mucho al final, dejando en la cuneta todas esas historias sobre la recuperaci\u00f3n del dan\u00e9s.<\/p>\n<p data-start=\"2001\" data-end=\"2040\"><strong>El UAE le ha ganado la partida a Visma.<\/strong><\/p>\n<p data-start=\"2042\" data-end=\"2187\">Y luego est\u00e1 el contexto: el d\u00eda despu\u00e9s de una ca\u00edda, cuando sus rivales no quisieron mostrarse, pero que sin duda debi\u00f3 dejarle una mala noche.<\/p>\n<p data-start=\"2189\" data-end=\"2312\">Ni por esas. Este hombre, este ciclista de leyenda, se cae, se hace heridas, se lleva moratones\u2026 pero se levanta y sigue.<\/p>\n<p data-start=\"2314\" data-end=\"2327\">Como si nada.<\/p>\n<p data-start=\"2329\" data-end=\"2557\"><strong>El Tour est\u00e1 sentenciado. Yo creo que s\u00ed<\/strong>. Nos queda la \u00e9pica, lo heroico. Pero ni eso. Ni Pogacar parece abordable, ni Visma es lo que era. Porque m\u00e1s all\u00e1 est\u00e1 el abismo. Un abismo del que, ojo, Vingegaard ya no est\u00e1 tan lejos.<\/p>\n<p data-start=\"2559\" data-end=\"2567\">Veremos\u2026<\/p>\n<p>Imagen: A.S.O.\/Billy Ceusters<\/p>\n<p><a href=\"https:\/\/terresdelebre.travel\/cycling\/es\/deportivo\" target=\"_blank\" rel=\"noopener nofollow\"><img loading=\"lazy\" decoding=\"async\" class=\"aligncenter\" src=\"data:image\/svg+xml,%3Csvg%20xmlns=\" http:=\"\" alt=\"\" width=\"1024\" height=\"400\" data-lazy-src=\"https:\/\/www.europesays.com\/es\/wp-content\/uploads\/2025\/07\/1753913949_219_1024x400-cicloturisme-joanseguidor.jpg\"\/><\/a><\/p>\n","protected":false},"excerpt":{"rendered":"Hautacam rompe el sue\u00f1o de la igualdad Pogacar-Vingegaard en el Tour S\u00ed, claro, somos conscientes. Hemos vendido la&hellip;\n","protected":false},"author":2,"featured_media":154301,"comment_status":"","ping_status":"","sticky":false,"template":"","format":"standard","meta":{"footnotes":""},"categories":[273],"tags":[313,312,168,25,24,2548,2945,23,167,463,2550],"class_list":{"0":"post-154300","1":"post","2":"type-post","3":"status-publish","4":"format-standard","5":"has-post-thumbnail","7":"category-ciclismo","8":"tag-ciclismo","9":"tag-cycling","10":"tag-deportes","11":"tag-es","12":"tag-espana","13":"tag-featured","14":"tag-jonas-vingegaard","15":"tag-spain","16":"tag-sports","17":"tag-tadej-pogacar","18":"tag-tourfrancia"},"share_on_mastodon":{"url":"","error":""},"_links":{"self":[{"href":"https:\/\/www.europesays.com\/es\/wp-json\/wp\/v2\/posts\/154300","targetHints":{"allow":["GET"]}}],"collection":[{"href":"https:\/\/www.europesays.com\/es\/wp-json\/wp\/v2\/posts"}],"about":[{"href":"https:\/\/www.europesays.com\/es\/wp-json\/wp\/v2\/types\/post"}],"author":[{"embeddable":true,"href":"https:\/\/www.europesays.com\/es\/wp-json\/wp\/v2\/users\/2"}],"replies":[{"embeddable":true,"href":"https:\/\/www.europesays.com\/es\/wp-json\/wp\/v2\/comments?post=154300"}],"version-history":[{"count":0,"href":"https:\/\/www.europesays.com\/es\/wp-json\/wp\/v2\/posts\/154300\/revisions"}],"wp:featuredmedia":[{"embeddable":true,"href":"https:\/\/www.europesays.com\/es\/wp-json\/wp\/v2\/media\/154301"}],"wp:attachment":[{"href":"https:\/\/www.europesays.com\/es\/wp-json\/wp\/v2\/media?parent=154300"}],"wp:term":[{"taxonomy":"category","embeddable":true,"href":"https:\/\/www.europesays.com\/es\/wp-json\/wp\/v2\/categories?post=154300"},{"taxonomy":"post_tag","embeddable":true,"href":"https:\/\/www.europesays.com\/es\/wp-json\/wp\/v2\/tags?post=154300"}],"curies":[{"name":"wp","href":"https:\/\/api.w.org\/{rel}","templated":true}]}}