{"id":154313,"date":"2025-10-03T06:36:25","date_gmt":"2025-10-03T06:36:25","guid":{"rendered":"https:\/\/www.europesays.com\/es\/154313\/"},"modified":"2025-10-03T06:36:25","modified_gmt":"2025-10-03T06:36:25","slug":"radio-arrebato-inicia-su-38a-temporada-con-cinco-nuevos-programas-y-35-espacios-semanales-nuevaalcarria","status":"publish","type":"post","link":"https:\/\/www.europesays.com\/es\/154313\/","title":{"rendered":"Radio Arrebato inicia su 38\u00aa temporada con cinco nuevos programas y 35 espacios semanales | NuevaAlcarria"},"content":{"rendered":"<p data-end=\"529\" data-start=\"97\">Radio Arrebato comienza hoy su 38\u00aa temporada con una parrilla compuesta por 35 programas semanales, emitidos en directo desde el estudio Fernando Borl\u00e1n del IES Brianda de Mendoza. La programaci\u00f3n podr\u00e1 escucharse de lunes a viernes, entre las 14:30 y las 21:30, a trav\u00e9s del 107.4 FM y en streaming en <a data-end=\"468\" data-start=\"447\" href=\"http:\/\/www.radioarrebato.net\" rel=\"noopener nofollow\" target=\"_new\">www.radioarrebato.net<\/a>, con reposiciones hasta completar las 24 horas de emisi\u00f3n.<\/p>\n<p data-end=\"908\" data-start=\"531\">Esta temporada incorpora cinco nuevos espacios: Por si nos vemos luego (cine y videojuegos), Jazz con cosas (m\u00fasica, literatura y cine), el magazine cultural Subtus, Cocofresh (salud mental, m\u00fasica y actualidad) y La Onda de Bharat, impulsado por la ONG Bharat Te Shayaha. Tambi\u00e9n regresa Radio Hayelaida, realizado por usuarios de la Vivienda Tutelada El Hayedo.<\/p>\n<p data-end=\"1348\" data-start=\"910\">La emisora mantiene la colaboraci\u00f3n con asociaciones locales como Ecologistas en Acci\u00f3n, AFAUS Pro Salud Mental, ALCER, la Asociaci\u00f3n de Mujeres Minerva o la Asociaci\u00f3n Intercultural de Mujeres de Guadalajara, que conservan sus programas. Adem\u00e1s, Radio Arrebato participa en la Feria de Asociaciones y retransmite en directo eventos como el aniversario del IES Brianda de Mendoza, el D\u00eda Mundial de la Radio o el Marat\u00f3n de los Cuentos.<\/p>\n<p data-end=\"1582\" data-start=\"1350\">Durante la pasada temporada, la emisora registr\u00f3 178.478 sesiones y 12.632 oyentes \u00fanicos en su emisi\u00f3n online, adem\u00e1s de m\u00e1s de 50.000 reproducciones de sus p\u00f3dcast. La web oficial contabiliz\u00f3 118.000 impresiones y 6.590 clics.<\/p>\n<p data-end=\"1768\" data-is-last-node=\"\" data-is-only-node=\"\" data-start=\"1584\">Radio Arrebato es una iniciativa de la Asociaci\u00f3n de Amigos del Instituto Brianda de Mendoza (AIBM), con la colaboraci\u00f3n del propio centro educativo y el Ayuntamiento de Guadalajara.<\/p>\n","protected":false},"excerpt":{"rendered":"Radio Arrebato comienza hoy su 38\u00aa temporada con una parrilla compuesta por 35 programas semanales, emitidos en directo&hellip;\n","protected":false},"author":2,"featured_media":154314,"comment_status":"","ping_status":"","sticky":false,"template":"","format":"standard","meta":{"footnotes":""},"categories":[170],"tags":[442,146,147,25,24,439,441,184,185,443,440,46407,23],"class_list":{"0":"post-154313","1":"post","2":"type-post","3":"status-publish","4":"format-standard","5":"has-post-thumbnail","7":"category-musica","8":"tag-actualidad-guadalajara","9":"tag-entertainment","10":"tag-entretenimiento","11":"tag-es","12":"tag-espana","13":"tag-guadalajara","14":"tag-informacion-guadalajara","15":"tag-music","16":"tag-musica","17":"tag-noticias-guadalajara","18":"tag-nueva-alcarria","19":"tag-radio-arrebato","20":"tag-spain"},"share_on_mastodon":{"url":"","error":""},"_links":{"self":[{"href":"https:\/\/www.europesays.com\/es\/wp-json\/wp\/v2\/posts\/154313","targetHints":{"allow":["GET"]}}],"collection":[{"href":"https:\/\/www.europesays.com\/es\/wp-json\/wp\/v2\/posts"}],"about":[{"href":"https:\/\/www.europesays.com\/es\/wp-json\/wp\/v2\/types\/post"}],"author":[{"embeddable":true,"href":"https:\/\/www.europesays.com\/es\/wp-json\/wp\/v2\/users\/2"}],"replies":[{"embeddable":true,"href":"https:\/\/www.europesays.com\/es\/wp-json\/wp\/v2\/comments?post=154313"}],"version-history":[{"count":0,"href":"https:\/\/www.europesays.com\/es\/wp-json\/wp\/v2\/posts\/154313\/revisions"}],"wp:featuredmedia":[{"embeddable":true,"href":"https:\/\/www.europesays.com\/es\/wp-json\/wp\/v2\/media\/154314"}],"wp:attachment":[{"href":"https:\/\/www.europesays.com\/es\/wp-json\/wp\/v2\/media?parent=154313"}],"wp:term":[{"taxonomy":"category","embeddable":true,"href":"https:\/\/www.europesays.com\/es\/wp-json\/wp\/v2\/categories?post=154313"},{"taxonomy":"post_tag","embeddable":true,"href":"https:\/\/www.europesays.com\/es\/wp-json\/wp\/v2\/tags?post=154313"}],"curies":[{"name":"wp","href":"https:\/\/api.w.org\/{rel}","templated":true}]}}