{"id":154315,"date":"2025-10-03T06:37:10","date_gmt":"2025-10-03T06:37:10","guid":{"rendered":"https:\/\/www.europesays.com\/es\/154315\/"},"modified":"2025-10-03T06:37:10","modified_gmt":"2025-10-03T06:37:10","slug":"netflix-impacta-con-su-trailer-con-jacob-elordi-como-el-iconico-monstruo","status":"publish","type":"post","link":"https:\/\/www.europesays.com\/es\/154315\/","title":{"rendered":"Netflix impacta con su tr\u00e1iler con Jacob Elordi como el ic\u00f3nico monstruo"},"content":{"rendered":"<p class=\"c-paragraph\">No deber\u00eda ser una sorpresa para nadie\u00a0 que<b> Guillermo del Toro <\/b>haya estado a\u00f1os obsesionado\u00a0con llevar al cine<b> Frankenstein o el moderno Prometeo<\/b>. Es decir, una de las novelas fundacionales de la ficci\u00f3n de terror, publicada en 1818 por<b> Mary Shelley<\/b> y convertida casi de forma autom\u00e1tica en un mito cultural. Finalmente lo ha conseguido en colaboraci\u00f3n con <b>Netflix, <\/b>y este mismo a\u00f1o veremos el resultado.<\/p>\n<p class=\"c-paragraph\"><b>Oscar Isaac <\/b>encarna al doctor Victor Frankenstein mientras que <b>Jacob Elordi <\/b>da vida a su criatura en una superproducci\u00f3n de terror g\u00f3tico con uno de los repartos m\u00e1s apabullantes que se han visto recientemente en el g\u00e9nero. Completan el elenco <b>Mia Goth, Christoph Waltz, Charles Dance,\u00a0Felix Kammerer,\u00a0David Bradley,\u00a0Lars Mikkelsen\u00a0<\/b>y<b>\u00a0Christian Convery.<\/b><\/p>\n<p class=\"c-paragraph\">Alexandre Desplat colabora una vez m\u00e1s con Del Toro encarg\u00e1ndose de la banda sonora, con el dan\u00e9s Dan Laustsen en la direcci\u00f3n de fotograf\u00eda, Brandt Gordon en la direcci\u00f3n art\u00edstica, decorados de Shane Vieau y vestuario de Kate Hawley. Es decir, el imbatible equipo habitual de Del Toro. Ahora, <b>el gigante rojo del streaming\u00a0<\/b>estrena un el <b>tr\u00e1iler definitivo<\/b>.<b\/><\/p>\n<p>Tr\u00e1iler final de &#8216;Frankenstein&#8217;<\/p>\n<p>Sinopsis de &#8216;Frankenstein&#8217;<\/p>\n<p class=\"c-paragraph\">El argumento de\u00a0Frankenstein\u00a0es bien conocido, con lo que solo cabe apuntar que Del Toro respetar\u00e1 la ambientaci\u00f3n original de Shelley en el siglo XIX as\u00ed como, al parecer, su estructura narrativa (en forma de un largo\u00a0flashback\u00a0donde el protagonista explica su tr\u00e1gica historia).<\/p>\n<p class=\"c-paragraph\">La sinopsis oficial apunta a que \u201cDel Toro adapta el relato cl\u00e1sico de Mary Shelley sobre<b><b>\u00a0Victor Frankenstein<\/b><\/b>, un cient\u00edfico brillante pero ego\u00edsta que da vida a una criatura en un experimento monstruoso que finalmente lleva a la perdici\u00f3n tanto del creador como de su tr\u00e1gica creaci\u00f3n\u201d.<\/p>\n<p>Fecha de estreno de &#8216;Frankenstein&#8217;<\/p>\n<p class=\"c-paragraph\"><b>Frankenstein en versi\u00f3n de Guillermo del Toro<\/b> era uno de los platos fuertes del Festival de Venecia, donde compet\u00eda por darle su segundo Le\u00f3n de Oro al cineasta mexicano, que ya consigui\u00f3 el m\u00e1ximo galard\u00f3n hace ocho a\u00f1os por <a href=\"https:\/\/www.20minutos.es\/cinemania\/criticas\/la-forma-del-agua-97591\/\" title=\"La forma del agua\" rel=\"nofollow noopener\" target=\"_blank\"><b>La forma del agua<\/b> <\/a>(2017), lo que impuls\u00f3 la pel\u00edcula hasta un triunfo hist\u00f3rico en los premios Oscar.<\/p>\n<p class=\"c-paragraph\">Despu\u00e9s de la ciudad de los canales, Frankenstein llegar\u00e1 a las<b> salas de cine el 24 de octubre <\/b>y, posteriormente, estar\u00e1 <b>disponible en Netflix a partir del 7 de noviembre.<\/b><\/p>\n<p class=\"c-paragraph\"><b>\u00bfQuieres estar a la \u00faltima de todas las novedades de cine y series? <a href=\"https:\/\/www.20minutos.es\/estaticos\/newsletter-de-cinemania\/\" target=\"_blank\" rel=\"nofollow noopener\">Ap\u00fantate a nuestra newsletter.<\/a><\/b><\/p>\n","protected":false},"excerpt":{"rendered":"No deber\u00eda ser una sorpresa para nadie\u00a0 que Guillermo del Toro haya estado a\u00f1os obsesionado\u00a0con llevar al cine&hellip;\n","protected":false},"author":2,"featured_media":154316,"comment_status":"","ping_status":"","sticky":false,"template":"","format":"standard","meta":{"footnotes":""},"categories":[169],"tags":[177,179,178,146,147,25,24,176,4003,175,7759,23],"class_list":{"0":"post-154315","1":"post","2":"type-post","3":"status-publish","4":"format-standard","5":"has-post-thumbnail","7":"category-cine","8":"tag-cine","9":"tag-cinemania-noticias","10":"tag-cinemania-streaming","11":"tag-entertainment","12":"tag-entretenimiento","13":"tag-es","14":"tag-espana","15":"tag-film","16":"tag-guillermo-del-toro","17":"tag-movies","18":"tag-oscar-isaac","19":"tag-spain"},"share_on_mastodon":{"url":"","error":""},"_links":{"self":[{"href":"https:\/\/www.europesays.com\/es\/wp-json\/wp\/v2\/posts\/154315","targetHints":{"allow":["GET"]}}],"collection":[{"href":"https:\/\/www.europesays.com\/es\/wp-json\/wp\/v2\/posts"}],"about":[{"href":"https:\/\/www.europesays.com\/es\/wp-json\/wp\/v2\/types\/post"}],"author":[{"embeddable":true,"href":"https:\/\/www.europesays.com\/es\/wp-json\/wp\/v2\/users\/2"}],"replies":[{"embeddable":true,"href":"https:\/\/www.europesays.com\/es\/wp-json\/wp\/v2\/comments?post=154315"}],"version-history":[{"count":0,"href":"https:\/\/www.europesays.com\/es\/wp-json\/wp\/v2\/posts\/154315\/revisions"}],"wp:featuredmedia":[{"embeddable":true,"href":"https:\/\/www.europesays.com\/es\/wp-json\/wp\/v2\/media\/154316"}],"wp:attachment":[{"href":"https:\/\/www.europesays.com\/es\/wp-json\/wp\/v2\/media?parent=154315"}],"wp:term":[{"taxonomy":"category","embeddable":true,"href":"https:\/\/www.europesays.com\/es\/wp-json\/wp\/v2\/categories?post=154315"},{"taxonomy":"post_tag","embeddable":true,"href":"https:\/\/www.europesays.com\/es\/wp-json\/wp\/v2\/tags?post=154315"}],"curies":[{"name":"wp","href":"https:\/\/api.w.org\/{rel}","templated":true}]}}