{"id":154325,"date":"2025-10-03T06:43:09","date_gmt":"2025-10-03T06:43:09","guid":{"rendered":"https:\/\/www.europesays.com\/es\/154325\/"},"modified":"2025-10-03T06:43:09","modified_gmt":"2025-10-03T06:43:09","slug":"el-aeropuerto-de-munich-suspende-vuelos-tras-avistamiento-de-drones","status":"publish","type":"post","link":"https:\/\/www.europesays.com\/es\/154325\/","title":{"rendered":"El aeropuerto de M\u00fanich suspende vuelos tras avistamiento de drones"},"content":{"rendered":"<p>    <img src=\"https:\/\/www.europesays.com\/es\/wp-content\/uploads\/2025\/10\/2025-10-03T053A053A10Z-90107242.jpg\" width=\"1024\" height=\"677\" alt=\"\" loading=\"eager\" decoding=\"sync\" fetchpriority=\"high\"\/><\/p>\n<p>            afp_tickers        <\/p>\n<p>        Este contenido fue publicado en    <\/p>\n<p>        03 octubre 2025 &#8211; 07:05\n<\/p>\n<p>El aeropuerto de la ciudad alemana de M\u00fanich suspendi\u00f3 la madrugada del viernes sus vuelos tras varios avistamientos de drones, en el \u00faltimo de una serie de incidentes similares que han afectado al tr\u00e1fico a\u00e9reo en toda Europa.<\/p>\n<p>Los aeropuertos en Dinamarca, Noruega y Polonia han suspendido recientemente su tr\u00e1fico a\u00e9reo debido a la presencia de aparatos de ese tipo no identificados, mientras que Ruman\u00eda y Estonia han se\u00f1alado a Rusia, que desestima las acusaciones.\u00a0<\/p>\n<p>La terminal a\u00e9rea indic\u00f3 en un comunicado que casi 3.000 pasajeros se vieron afectados luego de 17 vuelos que sal\u00edan desde el jueves por la noche fueran cancelados.\u00a0Otros 15 fueron desviados a ciudades como Stuttgart, N\u00faremberg, Viena y Fr\u00e1ncfort.<\/p>\n<p>Diecinueve vuelos de la aerol\u00ednea Lufthansa fueron desviados o cancelados, incluidos tres de larga distancia, debido al sobrevuelo de drones, inform\u00f3 un portavoz de esa compa\u00f1\u00eda alemana, quien precis\u00f3 que las operaciones se reanudaron el viernes por la ma\u00f1ana.<\/p>\n<p>\u00abEl aeropuerto instal\u00f3 camas plegables y proporcion\u00f3 mantas, bebidas y refrigerios\u00bb a los pasajeros afectados en M\u00fanich, agreg\u00f3 la nota.<\/p>\n<p>Varias personas avistaron drones alrededor del aeropuerto sobre las 19H30 GMT del jueves y de nuevo minutos m\u00e1s tarde, lo que provoc\u00f3 el cierre de ambas pistas durante una hora, inform\u00f3 un portavoz de la polic\u00eda a la AFP.<\/p>\n<p>Las autoridades alemanas iniciaron una b\u00fasqueda para identificar el origen de los aparatos.<\/p>\n<p>\u2013 \u00abMuro de drones\u00bb \u2013<\/p>\n<p>Los avistamientos de drones en Dinamarca y las incursiones a\u00e9reas por parte de Mosc\u00fa en Estonia y Polonia han intensificado los temores de que la ofensiva de Rusia contra Ucrania pueda extenderse m\u00e1s all\u00e1 de las fronteras europeas.<\/p>\n<p>El presidente ucraniano, Volodimir Zelenski, advirti\u00f3 el jueves a Europa que las recientes incursiones con drones muestran que Mosc\u00fa busca \u00abescalar\u00bb su agresi\u00f3n.<\/p>\n<p>Alemania est\u00e1 en m\u00e1xima alerta luego de afirmar que una oleada de drones sobrevol\u00f3 el pa\u00eds la semana pasada, incluso sobre sitios militares e industriales.<\/p>\n<p>El ministro del Interior, Alexander Dobrindt, declar\u00f3 que Berl\u00edn necesita \u00abencontrar nuevas respuestas a esta amenaza h\u00edbrida\u00bb, incluyendo la posibilidad de derribar los drones.<\/p>\n<p>Dinamarca tambi\u00e9n encendi\u00f3 las alarmas, con la primera ministra Mette Frederiksen reiterando la semana pasada que solo hay un pa\u00eds que \u00abrepresenta una amenaza para la seguridad de Europa, y ese es Rusia\u00bb.<\/p>\n<p>Mosc\u00fa rechaz\u00f3 \u00abfirmemente\u00bb cualquier insinuaci\u00f3n de implicaci\u00f3n, mientras que el presidente ruso, Vladimir Putin, acus\u00f3 a Europa de fomentar la \u00abhisteria\u00bb para justificar el aumento del gasto militar.<\/p>\n<p>Los 27 Estados miembros de la Uni\u00f3n Europea se reunieron el jueves en Copenhague para debatir el refuerzo de las defensas del bloque con el establecimiento de un \u00abmuro antidrones\u00bb.<\/p>\n<p>Mientras tanto, Estados Unidos dijo que enviar\u00e1 sistemas de defensa contra drones a Dinamarca, inform\u00f3 el Ministerio de Defensa de Copenhague.<\/p>\n<p>La OTAN ha dicho que \u00abintensific\u00f3 la vigilancia\u00bb en el B\u00e1ltico tras las intrusiones en el espacio a\u00e9reo.<\/p>\n<p>bur-dhw\/tc\/ad\/cr\/arm<\/p>\n","protected":false},"excerpt":{"rendered":"afp_tickers Este contenido fue publicado en 03 octubre 2025 &#8211; 07:05 El aeropuerto de la ciudad alemana de&hellip;\n","protected":false},"author":2,"featured_media":154326,"comment_status":"","ping_status":"","sticky":false,"template":"","format":"standard","meta":{"footnotes":""},"categories":[42],"tags":[22914,17,18,82,11643,13,14,4437,11,61,62,63,64,19,20,26533,9,10,15,16,88,26534,90,12,22917,21,22,65,66,67],"class_list":{"0":"post-154325","1":"post","2":"type-post","3":"status-publish","4":"format-standard","5":"has-post-thumbnail","7":"category-internacional","8":"tag-air-transport","9":"tag-breaking-news","10":"tag-breakingnews","11":"tag-business","12":"tag-defence","13":"tag-featured-news","14":"tag-featurednews","15":"tag-government","16":"tag-headlines","17":"tag-internacional","18":"tag-international","19":"tag-international-news","20":"tag-internationalnews","21":"tag-latest-news","22":"tag-latestnews","23":"tag-national-security","24":"tag-news","25":"tag-noticias","26":"tag-noticias-destacadas","27":"tag-noticiasdestacadas","28":"tag-politics","29":"tag-security-measures","30":"tag-ticker","31":"tag-titulares","32":"tag-transport","33":"tag-ultimas-noticias","34":"tag-ultimasnoticias","35":"tag-world","36":"tag-world-news","37":"tag-worldnews"},"share_on_mastodon":{"url":"","error":""},"_links":{"self":[{"href":"https:\/\/www.europesays.com\/es\/wp-json\/wp\/v2\/posts\/154325","targetHints":{"allow":["GET"]}}],"collection":[{"href":"https:\/\/www.europesays.com\/es\/wp-json\/wp\/v2\/posts"}],"about":[{"href":"https:\/\/www.europesays.com\/es\/wp-json\/wp\/v2\/types\/post"}],"author":[{"embeddable":true,"href":"https:\/\/www.europesays.com\/es\/wp-json\/wp\/v2\/users\/2"}],"replies":[{"embeddable":true,"href":"https:\/\/www.europesays.com\/es\/wp-json\/wp\/v2\/comments?post=154325"}],"version-history":[{"count":0,"href":"https:\/\/www.europesays.com\/es\/wp-json\/wp\/v2\/posts\/154325\/revisions"}],"wp:featuredmedia":[{"embeddable":true,"href":"https:\/\/www.europesays.com\/es\/wp-json\/wp\/v2\/media\/154326"}],"wp:attachment":[{"href":"https:\/\/www.europesays.com\/es\/wp-json\/wp\/v2\/media?parent=154325"}],"wp:term":[{"taxonomy":"category","embeddable":true,"href":"https:\/\/www.europesays.com\/es\/wp-json\/wp\/v2\/categories?post=154325"},{"taxonomy":"post_tag","embeddable":true,"href":"https:\/\/www.europesays.com\/es\/wp-json\/wp\/v2\/tags?post=154325"}],"curies":[{"name":"wp","href":"https:\/\/api.w.org\/{rel}","templated":true}]}}