{"id":154327,"date":"2025-10-03T06:44:13","date_gmt":"2025-10-03T06:44:13","guid":{"rendered":"https:\/\/www.europesays.com\/es\/154327\/"},"modified":"2025-10-03T06:44:13","modified_gmt":"2025-10-03T06:44:13","slug":"yolanda-diaz-se-revuelve-contra-la-tibieza-del-psoe-a-la-hora-de-condenar-a-israel","status":"publish","type":"post","link":"https:\/\/www.europesays.com\/es\/154327\/","title":{"rendered":"Yolanda D\u00edaz se revuelve contra la \u00abtibieza\u00bb del PSOE a la hora de condenar a Israel"},"content":{"rendered":"<p style=\"\">Podemos no ha sido el \u00fanico en revolverse contra el Gobierno de Pedro S\u00e1nchez por su papel a la hora de condenar \u2014o m\u00e1s bien, no condenar\u2014 el que considera la izquierda el \u00absecuestro ilegal\u00bb por parte de Israel de los tripulantes de la llamada  &#8230; flotilla de libertad. Con menor contundencia que los morados, eso s\u00ed, en Sumar ha sido la vicepresidenta segunda, Yolanda D\u00edaz, la encargada de exigir este jueves la \u00abinmediata\u00bb liberaci\u00f3n de todas las personas detenidas, as\u00ed como de pedir protecci\u00f3n para ellas. \u00abLa Uni\u00f3n Europea (UE) ha de romper todas las relaciones con Israel\u00bb, ha pedido la tambi\u00e9n ministra de Trabajo en declaraciones a los medios durante su visita a la Ecuela de la Inspecci\u00f3n de Trabajo y Seguridad Social de la capital. <\/p>\n<p class=\"voc-p\" style=\"\">Horas antes, en una entrevista al programa &#8216;La Cafetera&#8217; de Radiocable hab\u00eda ido m\u00e1s all\u00e1, afeando al PSOE, por primera vez, su \u00abtibieza\u00bb frente la Administraci\u00f3n de Benjamin Netanyahu, a la que acusa la tambi\u00e9n ministra de Trabajo de \u00abviolentar la legalidad internacional todos los d\u00edas\u00bb. \u00abNo s\u00e9 las razones que la motivan\u00bb, ha expresado, sentenciando que, aqu\u00ed, \u00abel \u00fanico ilegal ha sido el del Gobierno de Israel\u00bb y no la flotilla.<\/p>\n<p class=\"voc-p\" style=\"\">A los socialistas, sus socios de Gobierno, les pide que alcen \u00abm\u00e1s\u00bb la voz contra el Ejecutivo \u00abcriminal\u00bb de Netanyahu: \u00ab. Algo que ha provocado, seg\u00fan ha vuelto ha reconocer la vicepresidenta segunda del Gobierno, que existan \u00abdiscrepancias\u00bb entre los dos socios del Ejecutivo de coalici\u00f3n en torno a Gaza, especialmente, en todo lo referido a \u00bbdesmontar la econom\u00eda del genocidio\u00ab o su posici\u00f3n en torno al plan de paz para la franja pactado entre el presidente de los Estados Unidos, Donald Trump, y Netanyahu, pero sin contar con Palestina. El PSOE lo ve con buenos ojos, mientras Sumar lo rechaza frontalmente. \u00bbNo es un plan de paz, es una imposici\u00f3n. El objetivo de Trump es convertir Gaza en un gran resort de lujo\u00ab, ha denunciado.<\/p>\n<p class=\"voc-p\" style=\"\">\u00abConseguimos muchos avances y el Gobierno tiene un punto referencial en el mundo, pero nos cuesta mucho y tenemos discrepancias\u00bb, ha admitido D\u00edaz, al tiempo que ha invitado al presidente del Gobierno a \u00abmaterializar\u00bb todos los compromisos que pronunci\u00f3 la pasada semana durante la Asamblea de la ONU en Nueva York. Entre ellos, romper \u00abya todo tipo de relaciones\u00bb con Tel Aviv. \u00abHay que aplicar la misma medicina que con Rusia porque, si no, lo que hay es una doble vara de medir\u00bb, explica la l\u00edder de Sumar.<\/p>\n<p class=\"voc-p\" style=\"\">A\u00fan as\u00ed, y pese a haber pronunciado estas palabras, no considera que Pedro S\u00e1nchez est\u00e9 siendo hip\u00f3crita al contrario que la UE. As\u00ed lo ha dicho en otra entrevista este jueves, en esta ocasi\u00f3n, en la televisi\u00f3n p\u00fablica. <\/p>\n","protected":false},"excerpt":{"rendered":"Podemos no ha sido el \u00fanico en revolverse contra el Gobierno de Pedro S\u00e1nchez por su papel a&hellip;\n","protected":false},"author":2,"featured_media":154328,"comment_status":"","ping_status":"","sticky":false,"template":"","format":"standard","meta":{"footnotes":""},"categories":[8],"tags":[17,18,793,779,25,24,13,14,11,74,19,20,9,10,15,16,1699,14337,23,46409,12,21,22,12392],"class_list":{"0":"post-154327","1":"post","2":"type-post","3":"status-publish","4":"format-standard","5":"has-post-thumbnail","7":"category-espana","8":"tag-breaking-news","9":"tag-breakingnews","10":"tag-condena","11":"tag-diaz","12":"tag-es","13":"tag-espana","14":"tag-featured-news","15":"tag-featurednews","16":"tag-headlines","17":"tag-israel","18":"tag-latest-news","19":"tag-latestnews","20":"tag-news","21":"tag-noticias","22":"tag-noticias-destacadas","23":"tag-noticiasdestacadas","24":"tag-psoe","25":"tag-revuelve","26":"tag-spain","27":"tag-tibieza","28":"tag-titulares","29":"tag-ultimas-noticias","30":"tag-ultimasnoticias","31":"tag-yolanda"},"share_on_mastodon":{"url":"","error":""},"_links":{"self":[{"href":"https:\/\/www.europesays.com\/es\/wp-json\/wp\/v2\/posts\/154327","targetHints":{"allow":["GET"]}}],"collection":[{"href":"https:\/\/www.europesays.com\/es\/wp-json\/wp\/v2\/posts"}],"about":[{"href":"https:\/\/www.europesays.com\/es\/wp-json\/wp\/v2\/types\/post"}],"author":[{"embeddable":true,"href":"https:\/\/www.europesays.com\/es\/wp-json\/wp\/v2\/users\/2"}],"replies":[{"embeddable":true,"href":"https:\/\/www.europesays.com\/es\/wp-json\/wp\/v2\/comments?post=154327"}],"version-history":[{"count":0,"href":"https:\/\/www.europesays.com\/es\/wp-json\/wp\/v2\/posts\/154327\/revisions"}],"wp:featuredmedia":[{"embeddable":true,"href":"https:\/\/www.europesays.com\/es\/wp-json\/wp\/v2\/media\/154328"}],"wp:attachment":[{"href":"https:\/\/www.europesays.com\/es\/wp-json\/wp\/v2\/media?parent=154327"}],"wp:term":[{"taxonomy":"category","embeddable":true,"href":"https:\/\/www.europesays.com\/es\/wp-json\/wp\/v2\/categories?post=154327"},{"taxonomy":"post_tag","embeddable":true,"href":"https:\/\/www.europesays.com\/es\/wp-json\/wp\/v2\/tags?post=154327"}],"curies":[{"name":"wp","href":"https:\/\/api.w.org\/{rel}","templated":true}]}}