{"id":154360,"date":"2025-10-03T07:06:04","date_gmt":"2025-10-03T07:06:04","guid":{"rendered":"https:\/\/www.europesays.com\/es\/154360\/"},"modified":"2025-10-03T07:06:04","modified_gmt":"2025-10-03T07:06:04","slug":"mas-de-3-000-pasajeros-afectados-en-munich","status":"publish","type":"post","link":"https:\/\/www.europesays.com\/es\/154360\/","title":{"rendered":"m\u00e1s de 3.000 pasajeros afectados en M\u00fanich"},"content":{"rendered":"<p>El aeropuerto de M\u00fanich ha tenido que suspender operaciones este jueves por la noche despu\u00e9s de detectar la presencia de varios drones en su espacio a\u00e9reo. El cierre, que se inici\u00f3 a las 22:18 horas, ha obligado a cancelar 17 vuelos y a desviar otros 15 a Stuttgart, N\u00faremberg, Viena y Fr\u00e1ncfort, medida que ha afectado a unos 3.000 pasajeros.<\/p>\n<p>El cierre del segundo mayor aeropuerto de Alemania se ha producido despu\u00e9s de que los controladores a\u00e9reos confirmasen la presencia de drones en el espacio a\u00e9reo germano, lo que supone un nuevo sobresalto en una semana marcada por los incidentes en M\u00fanich: el lunes, en el inicio del <a href=\"https:\/\/www.huffingtonpost.es\/sociedad\/cierran-oktoberfest-munich-alerta-explosivosbr.html\" title=\"El Oktoberfest de M\u00fanich reabre tras descartar riesgos para trabajadores y visitantes\" rel=\"nofollow noopener\" target=\"_blank\">Oktoberfest<\/a>, la mayor fiesta de la cerveza del mundo, tambi\u00e9n tuvo que cerrarse durante m\u00e1s de ocho horas por<b> una amenaza de bomba<\/b> vinculada a un caso de violencia familiar en el norte de la ciudad.<\/p>\n<p>Un fen\u00f3meno que se repite en toda Europa<\/p>\n<p>Lo ocurrido en Baviera no se trata de un hecho aislado. Europa lleva meses encadenando incidentes con aeronaves no tripuladas que sobrevuelan aeropuertos, bases militares y edificios oficiales. Hace unas semanas, Dinamarca y Noruega<a href=\"https:\/\/www.huffingtonpost.es\/global\/graban-video-aparicion-drones-identificados-aeropuertos-dinamarca.html\" title=\"Graban en v\u00eddeo la aparici\u00f3n de los drones no identificados en los aeropuertos de Dinamarca\" rel=\"nofollow noopener\" target=\"_blank\"> cerraron durante horas sus aeropuertos<\/a> ante la presencia de drones en su espacio a\u00e9reo que se atribuy\u00f3 a un ataque coordinado. Y no son los \u00fanicos: al menos diez pa\u00edses europeos, desde Lituania y Polonia hasta Francia y Ruman\u00eda, han registrado episodios similares.<\/p>\n<p>La primera ministra danesa, Mette Frederiksen, sugiri\u00f3 que Rusia podr\u00eda estar detr\u00e1s de estas incursiones, aunque Copenhague no ha se\u00f1alado oficialmente ning\u00fan responsable. Mosc\u00fa, por su parte, lo niega. El propio Vlad\u00edmir Putin ironiz\u00f3 este jueves asegurando que \u201cno volar\u00e1 m\u00e1s drones sobre Dinamarca\u201d, en una broma que apenas rebaj\u00f3 la tensi\u00f3n.<\/p>\n<p>La amenaza de los drones tambi\u00e9n ha llegado a la agenda internacional y en Copenhague, en la cumbre de la Comunidad Pol\u00edtica Europea, el foro que re\u00fane a los l\u00edderes de la UE y a otra veintena de pa\u00edses del continente, ha respaldado la creaci\u00f3n del\u00a0<a href=\"https:\/\/www.huffingtonpost.es\/global\/europa-tendra-muro-antidrones-asia-proteccion-nuevas-incursiones-rusas.html\" title=\"Europa tendr\u00e1 su muro antidrones: as\u00ed ser\u00e1 la protecci\u00f3n ante nuevas incursiones rusas\" rel=\"nofollow noopener\" target=\"_blank\">\u00abmuro antidrones\u00bb<\/a> contra los procedentes de Rusia, as\u00ed como el refuerzo de la capacidad de defensa a\u00e9rea, con Ucrania como primera l\u00ednea de protecci\u00f3n. \u201cCada euro o d\u00f3lar enviado a Kiev es una inversi\u00f3n directa en seguridad para Europa\u201d, defendi\u00f3 la primera ministra danesa, Mette Frederiksen, en una comparecencia junto a Volod\u00edmir Zelenski, protagonista de la cita.<\/p>\n<p>El cierre del aeropuerto de M\u00fanich confirma que la aparici\u00f3n de los drones en el espacio a\u00e9reo europeo, han pasado de ser un problema aislado a todo un desaf\u00edo continental. De los pa\u00edses b\u00e1lticos hasta Alemania, pasando por el norte de Europa, la amenaza se repite y fuerza a los gobiernos a acelerar la creaci\u00f3n de un escudo com\u00fan. Baviera solo ha sido la \u00faltima pieza de un tablero europeo en el que los cielos ya no se dan por seguros.<\/p>\n","protected":false},"excerpt":{"rendered":"El aeropuerto de M\u00fanich ha tenido que suspender operaciones este jueves por la noche despu\u00e9s de detectar la&hellip;\n","protected":false},"author":2,"featured_media":154361,"comment_status":"","ping_status":"","sticky":false,"template":"","format":"standard","meta":{"footnotes":""},"categories":[42],"tags":[46419,1660,17,18,46422,46420,13,14,7419,11,61,62,63,64,19,20,9,10,15,16,46421,1614,46423,12,21,22,1617,7083,65,66,67],"class_list":{"0":"post-154360","1":"post","2":"type-post","3":"status-publish","4":"format-standard","5":"has-post-thumbnail","7":"category-internacional","8":"tag-aeropuerto-de-munich","9":"tag-alemania","10":"tag-breaking-news","11":"tag-breakingnews","12":"tag-comunidad-politica-europea","13":"tag-drones-en-europa","14":"tag-featured-news","15":"tag-featurednews","16":"tag-guerra-en-ucrania","17":"tag-headlines","18":"tag-internacional","19":"tag-international","20":"tag-international-news","21":"tag-internationalnews","22":"tag-latest-news","23":"tag-latestnews","24":"tag-news","25":"tag-noticias","26":"tag-noticias-destacadas","27":"tag-noticiasdestacadas","28":"tag-oktoberfest","29":"tag-rusia","30":"tag-seguridad-aerea","31":"tag-titulares","32":"tag-ultimas-noticias","33":"tag-ultimasnoticias","34":"tag-union-europea","35":"tag-vladimir-putin","36":"tag-world","37":"tag-world-news","38":"tag-worldnews"},"share_on_mastodon":{"url":"","error":""},"_links":{"self":[{"href":"https:\/\/www.europesays.com\/es\/wp-json\/wp\/v2\/posts\/154360","targetHints":{"allow":["GET"]}}],"collection":[{"href":"https:\/\/www.europesays.com\/es\/wp-json\/wp\/v2\/posts"}],"about":[{"href":"https:\/\/www.europesays.com\/es\/wp-json\/wp\/v2\/types\/post"}],"author":[{"embeddable":true,"href":"https:\/\/www.europesays.com\/es\/wp-json\/wp\/v2\/users\/2"}],"replies":[{"embeddable":true,"href":"https:\/\/www.europesays.com\/es\/wp-json\/wp\/v2\/comments?post=154360"}],"version-history":[{"count":0,"href":"https:\/\/www.europesays.com\/es\/wp-json\/wp\/v2\/posts\/154360\/revisions"}],"wp:featuredmedia":[{"embeddable":true,"href":"https:\/\/www.europesays.com\/es\/wp-json\/wp\/v2\/media\/154361"}],"wp:attachment":[{"href":"https:\/\/www.europesays.com\/es\/wp-json\/wp\/v2\/media?parent=154360"}],"wp:term":[{"taxonomy":"category","embeddable":true,"href":"https:\/\/www.europesays.com\/es\/wp-json\/wp\/v2\/categories?post=154360"},{"taxonomy":"post_tag","embeddable":true,"href":"https:\/\/www.europesays.com\/es\/wp-json\/wp\/v2\/tags?post=154360"}],"curies":[{"name":"wp","href":"https:\/\/api.w.org\/{rel}","templated":true}]}}