{"id":154364,"date":"2025-10-03T07:08:09","date_gmt":"2025-10-03T07:08:09","guid":{"rendered":"https:\/\/www.europesays.com\/es\/154364\/"},"modified":"2025-10-03T07:08:09","modified_gmt":"2025-10-03T07:08:09","slug":"actualidad-el-profesor-de-la-upna-alvaro-saavedra-accesit-a-la-mejor-tesis-doctoral-en-marketing-2025-en-el-congreso-internacional-aemark","status":"publish","type":"post","link":"https:\/\/www.europesays.com\/es\/154364\/","title":{"rendered":"Actualidad &#8211; El profesor de la UPNA \u00c1lvaro Saavedra, acc\u00e9sit a la mejor tesis doctoral en marketing 2025 en el congreso internacional AEMARK"},"content":{"rendered":"<p>El profesor del Departamento de Gesti\u00f3n de Empresas de la Universidad P\u00fablica de Navarra (UPNA) \u00c1lvaro Saavedra Montejo ha obtenido el acc\u00e9sit en el Premio AEMARK\u2013ESIC University a la Mejor Tesis Doctoral en Marketing 2025, concedido en el XXXVI Congreso Internacional de Marketing AEMARK (Asociaci\u00f3n Espa\u00f1ola de Marketing Acad\u00e9mico y Profesional) 2025, celebrado en Murcia en septiembre.<\/p>\n<p><a href=\"https:\/\/www2.unavarra.es\/gesadj\/seccionActualidad\/Fotos-Notas-Prensa\/2025\/10\/03\/Alvaro_saavedra\/alvaro-saavedra-grande.jpg\" rel=\"nofollow noopener\" target=\"_blank\"><img decoding=\"async\" alt=\"zoom\" src=\"https:\/\/www.europesays.com\/es\/wp-content\/uploads\/2025\/10\/bt.zoom.png\"\/><\/a> <img decoding=\"async\" alt=\"\u00c1lvaro Saavedra, en la UPNA.\" src=\"https:\/\/www.europesays.com\/es\/wp-content\/uploads\/2025\/10\/alvaro-saaedra-pequena.jpg\"\/><\/p>\n<p style=\"clear:both;\">\u00c1lvaro Saavedra, en la UPNA.<\/p>\n<p>La <a href=\"https:\/\/www.unavarra.es\/sites\/actualidad\/contents\/noticias\/2024\/12\/20\/1220_Tesis_Alvaro_Saavedra.html\" rel=\"nofollow noopener\" target=\"_blank\">tesis de \u00c1lvaro Saavedra<\/a> estudia la interacci\u00f3n con asistentes virtuales basados en inteligencia artificial (IA) y c\u00f3mo ello afecta a la productividad, emociones y relaciones sociales de las personas. La tesis doctoral est\u00e1 dirigida por las profesoras de la UPNA e investigadoras de INARBE Raquel Chocarro Eguaras y M\u00f3nica Corti\u00f1as Ugalde y por la profesora Natalia Rubio Benito, de la Universidad Aut\u00f3noma de Madrid. Adem\u00e1s de este premio, \u00c1lvaro Saavedra obtuvo en 2024, y relacionado con la misma tesis, el reconocimiento al <a href=\"https:\/\/www.unavarra.es\/sites\/actualidad\/contents\/noticias\/2024\/10\/04\/premio-alvaro-saavedra.html\" rel=\"nofollow noopener\" target=\"_blank\">mejor trabajo en curso<\/a> y a la mejor divulgaci\u00f3n en redes sociales, ambos otorgados en el marco del mismo congreso.<\/p>\n<p>El congreso internacional AEMARK cuenta con 500 socios y es referente en marketing a nivel nacional. El objetivo de la asociaci\u00f3n es ofrecer un \u00e1mbito para estimular, promover, divulgar y aplicar la ense\u00f1anza y la investigaci\u00f3n de esta disciplina, tanto en el \u00e1mbito te\u00f3rico como en el aplicado.<\/p>\n<p>Art\u00edculos publicados a ra\u00edz de la tesis<\/p>\n<p>La tesis dio adem\u00e1s origen a tres art\u00edculos, dos de ellos ya publicados. El primero de ellos, \u201c<a href=\"https:\/\/academica-e.unavarra.es\/entities\/publication\/10599f08-251e-42bf-84ce-7a0b623c8ed0\" rel=\"nofollow noopener\" target=\"_blank\">Impact of process and outcome quality on intention for continued use of voice assistant<\/a>\u201d, persigue entender c\u00f3mo la utilidad percibida de los Asistentes de Voz (AV) se ve afectada por la calidad percibida del proceso (interacci\u00f3n) y el resultado (informaci\u00f3n). El segundo, \u201c<a href=\"https:\/\/academica-e.unavarra.es\/entities\/publication\/5dd98e73-947b-44e1-bc61-6cd66bfd7a15\" rel=\"nofollow noopener\" target=\"_blank\">Exploring unconscious user responses to affective computing in interactive prototypes: a consumer neuroscience study<\/a>\u201d, se centra en la respuesta de las personas consumidoras y usuarias a dos prototipos que utilizan la computaci\u00f3n afectiva con t\u00e9cnicas de neurociencia del consumidor. Adem\u00e1s, ha contribuido a la \u201cInternational Encyclopedia of Business Management\u201d con un cap\u00edtulo sobre la conceptualizaci\u00f3n de los asistentes de voz titulado \u201c<a href=\"https:\/\/www.sciencedirect.com\/science\/article\/abs\/pii\/B9780443137013003650?via%3Dihub\" rel=\"nofollow noopener\" target=\"_blank\">Voice Assistants: Harmonizing Human-Computer Interactions<\/a>\u201d.<br \/>\u00a0<\/p>\n","protected":false},"excerpt":{"rendered":"El profesor del Departamento de Gesti\u00f3n de Empresas de la Universidad P\u00fablica de Navarra (UPNA) \u00c1lvaro Saavedra Montejo&hellip;\n","protected":false},"author":2,"featured_media":154365,"comment_status":"","ping_status":"","sticky":false,"template":"","format":"standard","meta":{"footnotes":""},"categories":[5],"tags":[17,18,25,24,13,14,11,19,20,9,10,15,16,23,12,21,22],"class_list":{"0":"post-154364","1":"post","2":"type-post","3":"status-publish","4":"format-standard","5":"has-post-thumbnail","7":"category-titulares","8":"tag-breaking-news","9":"tag-breakingnews","10":"tag-es","11":"tag-espana","12":"tag-featured-news","13":"tag-featurednews","14":"tag-headlines","15":"tag-latest-news","16":"tag-latestnews","17":"tag-news","18":"tag-noticias","19":"tag-noticias-destacadas","20":"tag-noticiasdestacadas","21":"tag-spain","22":"tag-titulares","23":"tag-ultimas-noticias","24":"tag-ultimasnoticias"},"share_on_mastodon":{"url":"","error":""},"_links":{"self":[{"href":"https:\/\/www.europesays.com\/es\/wp-json\/wp\/v2\/posts\/154364","targetHints":{"allow":["GET"]}}],"collection":[{"href":"https:\/\/www.europesays.com\/es\/wp-json\/wp\/v2\/posts"}],"about":[{"href":"https:\/\/www.europesays.com\/es\/wp-json\/wp\/v2\/types\/post"}],"author":[{"embeddable":true,"href":"https:\/\/www.europesays.com\/es\/wp-json\/wp\/v2\/users\/2"}],"replies":[{"embeddable":true,"href":"https:\/\/www.europesays.com\/es\/wp-json\/wp\/v2\/comments?post=154364"}],"version-history":[{"count":0,"href":"https:\/\/www.europesays.com\/es\/wp-json\/wp\/v2\/posts\/154364\/revisions"}],"wp:featuredmedia":[{"embeddable":true,"href":"https:\/\/www.europesays.com\/es\/wp-json\/wp\/v2\/media\/154365"}],"wp:attachment":[{"href":"https:\/\/www.europesays.com\/es\/wp-json\/wp\/v2\/media?parent=154364"}],"wp:term":[{"taxonomy":"category","embeddable":true,"href":"https:\/\/www.europesays.com\/es\/wp-json\/wp\/v2\/categories?post=154364"},{"taxonomy":"post_tag","embeddable":true,"href":"https:\/\/www.europesays.com\/es\/wp-json\/wp\/v2\/tags?post=154364"}],"curies":[{"name":"wp","href":"https:\/\/api.w.org\/{rel}","templated":true}]}}