{"id":154375,"date":"2025-10-03T07:16:21","date_gmt":"2025-10-03T07:16:21","guid":{"rendered":"https:\/\/www.europesays.com\/es\/154375\/"},"modified":"2025-10-03T07:16:21","modified_gmt":"2025-10-03T07:16:21","slug":"tenerife-bnei-herzliya-israeli-puede-ser-a-puerta-cerrada-un-dia-antes-de-valencia-hapoel","status":"publish","type":"post","link":"https:\/\/www.europesays.com\/es\/154375\/","title":{"rendered":"Tenerife-Bnei Herzliya israel\u00ed puede ser a puerta cerrada un d\u00eda antes de Valencia-Hapoel"},"content":{"rendered":"<p class=\"ft-text\"><strong> La directiva de<\/strong><a class=\"ft-link ft-link--decoration\" href=\"https:\/\/www.superdeporte.es\/tags\/la-laguna\/\" rel=\"nofollow noopener\" target=\"_blank\"><strong> La Laguna Tenerife<\/strong><\/a><strong> sopesa celebrar a puerta cerrada el partido de la Liga de Campeones de Baloncesto contra el Bnei Herzliya israel<\/strong>\u00ed, el pr\u00f3ximo 14 de octubre, un d\u00eda antes de que el<a class=\"ft-link ft-link--decoration\" href=\"https:\/\/www.superdeporte.es\/valencia-basket\/2025\/09\/15\/preocupacion-valencia-basket-visita-hapoel-tel-aviv-israel-euroliga-121604714.html\" rel=\"nofollow noopener\" target=\"_blank\"> Valencia Basket reciba al Hapoel Tel Aviv en el Roig Arena en la Euroliga.<\/a><\/p>\n<p>El Valencia BC tambi\u00e9n estudia medidas especiales<\/p>\n<p class=\"ft-text\">El club valenciano, seg\u00fan explicaron sus dirigentes hace unos d\u00edas, <a class=\"ft-link ft-link--decoration\" href=\"https:\/\/www.superdeporte.es\/valencia-basket\/2025\/09\/18\/valencia-basket-entradas-hapoel-tel-aviv-euroliga-121704166.html\" rel=\"nofollow noopener\" target=\"_blank\">contempla por su parte ceder al equipo israel\u00ed el cupo m\u00ednimo de entradas y no poner entradas a la venta para ese encuentro.<\/a><\/p>\n<p>M\u00e1xima seguridad<\/p>\n<p class=\"ft-text\"><strong>El presidente de la entidad aurinegra, Aniano Cabrera, se\u00f1al\u00f3 este mi\u00e9rcoles en la cadena Cope <\/strong>que el consejo de administraci\u00f3n se inclinar\u00e1 por la medida que \u00abmayor seguridad\u00bb pueda garantizar, y en estos momentos \u00abno descartamos ning\u00fan escenario\u00bb salvo jugar en una cancha neutral.<\/p>\n<p class=\"ft-text\">Abund\u00f3 en que pretenden \u00abapurar al m\u00e1ximo -la elecci\u00f3n del- mejor escenario posible\u00bb, pues su prioridad es velar por la seguridad ciudadana, pues \u00abhay muchos aficionados que se desplazan con sus hijos, y de una edad, que se pueden ver envueltos en una situaci\u00f3n que puede que no pase nada o que pase\u00bb.<\/p>\n<p class=\"ft-text\">Cabrera indic\u00f3 que el club estar\u00e1 a disposici\u00f3n de lo que dictaminen la<a class=\"ft-link ft-link--decoration\" href=\"https:\/\/www.fiba.basketball\/en\" rel=\"nofollow noopener\" target=\"_blank\"> FIBA<\/a> y la Subdelegaci\u00f3n del Gobierno.<\/p>\n","protected":false},"excerpt":{"rendered":"La directiva de La Laguna Tenerife sopesa celebrar a puerta cerrada el partido de la Liga de Campeones&hellip;\n","protected":false},"author":2,"featured_media":154376,"comment_status":"","ping_status":"","sticky":false,"template":"","format":"standard","meta":{"footnotes":""},"categories":[269],"tags":[299,298,45786,168,25,24,833,36978,39298,46425,703,20465,740,23,167,1370,2916],"class_list":{"0":"post-154375","1":"post","2":"type-post","3":"status-publish","4":"format-standard","5":"has-post-thumbnail","7":"category-baloncesto","8":"tag-baloncesto","9":"tag-basketball","10":"tag-bnei","11":"tag-deportes","12":"tag-es","13":"tag-espana","14":"tag-euroliga","15":"tag-hapoel","16":"tag-hapoel-tel-aviv","17":"tag-herzliya","18":"tag-israeli","19":"tag-la-laguna-tenerife","20":"tag-puerta","21":"tag-spain","22":"tag-sports","23":"tag-tenerife","24":"tag-valencia-basket"},"share_on_mastodon":{"url":"","error":""},"_links":{"self":[{"href":"https:\/\/www.europesays.com\/es\/wp-json\/wp\/v2\/posts\/154375","targetHints":{"allow":["GET"]}}],"collection":[{"href":"https:\/\/www.europesays.com\/es\/wp-json\/wp\/v2\/posts"}],"about":[{"href":"https:\/\/www.europesays.com\/es\/wp-json\/wp\/v2\/types\/post"}],"author":[{"embeddable":true,"href":"https:\/\/www.europesays.com\/es\/wp-json\/wp\/v2\/users\/2"}],"replies":[{"embeddable":true,"href":"https:\/\/www.europesays.com\/es\/wp-json\/wp\/v2\/comments?post=154375"}],"version-history":[{"count":0,"href":"https:\/\/www.europesays.com\/es\/wp-json\/wp\/v2\/posts\/154375\/revisions"}],"wp:featuredmedia":[{"embeddable":true,"href":"https:\/\/www.europesays.com\/es\/wp-json\/wp\/v2\/media\/154376"}],"wp:attachment":[{"href":"https:\/\/www.europesays.com\/es\/wp-json\/wp\/v2\/media?parent=154375"}],"wp:term":[{"taxonomy":"category","embeddable":true,"href":"https:\/\/www.europesays.com\/es\/wp-json\/wp\/v2\/categories?post=154375"},{"taxonomy":"post_tag","embeddable":true,"href":"https:\/\/www.europesays.com\/es\/wp-json\/wp\/v2\/tags?post=154375"}],"curies":[{"name":"wp","href":"https:\/\/api.w.org\/{rel}","templated":true}]}}