{"id":154379,"date":"2025-10-03T07:18:08","date_gmt":"2025-10-03T07:18:08","guid":{"rendered":"https:\/\/www.europesays.com\/es\/154379\/"},"modified":"2025-10-03T07:18:08","modified_gmt":"2025-10-03T07:18:08","slug":"alejandro-sanz-emociona-en-mexico-al-bailar-con-una-trabajadora-de-la-limpieza-durante-su-concierto","status":"publish","type":"post","link":"https:\/\/www.europesays.com\/es\/154379\/","title":{"rendered":"Alejandro Sanz emociona en M\u00e9xico al bailar con una trabajadora de la limpieza durante su concierto"},"content":{"rendered":"<p class=\"c-paragraph\"><a href=\"https:\/\/www.20minutos.es\/tags\/personas\/alejandro-sanz.html\" title=\"Alejandro Sanz\" rel=\"nofollow noopener\" target=\"_blank\"><b>Alejandro Sanz<\/b><\/a> volvi\u00f3 a demostrar por qu\u00e9 es uno de los artistas m\u00e1s queridos del panorama musical. En uno de sus conciertos en el Auditorio Telmex de Guadalajara, M\u00e9xico,<b> protagoniz\u00f3 un gesto que ha conmovido en las redes sociales<\/b>.<\/p>\n<p class=\"c-paragraph\">Durante la interpretaci\u00f3n de No es lo mismo, el madrile\u00f1o sorprendi\u00f3 al <b>acercarse a la trabajadora de limpieza del recinto<\/b>. Con una sonrisa, le tendi\u00f3 la mano y se puso a bailar con ella, desatando una oleada de aplausos.<\/p>\n<p class=\"c-paragraph\">La escena, que r\u00e1pidamente se ha viralizado en redes, termin\u00f3 con un c\u00e1lido abrazo entre Sanz y <b>la empleada, que no pudo ocultar la emoci\u00f3n<\/b>. Este momento demuestra la cercan\u00eda del artista con sus admiradores.<\/p>\n<p class=\"c-paragraph\">No es la primera vez que Alejandro Sanz protagoniza episodios de este tipo durante sus conciertos. A lo largo de su carrera, <b>ha mostrado en reiteradas ocasiones una gran complicidad con su p\u00fablico<\/b>.<\/p>\n<p class=\"c-paragraph\">En la secci\u00f3n de comentarios del v\u00eddeo, que acumula miles de reproducciones en TikTok, la gente ha aplaudido la actitud de Sanz: \u00abTan bello mi Alejandro. <b>Fan o no, ella se llev\u00f3 una experiencia con un gran ser humano<\/b>, \u00a1qu\u00e9 suerte!\u00bb, \u00abFue un momento muy bonito. La verdad, que lindo fue Alejandro. Yo estaba all\u00ed y me emocion\u00f3 tanto el momento&#8230;\u00bb<\/p>\n","protected":false},"excerpt":{"rendered":"Alejandro Sanz volvi\u00f3 a demostrar por qu\u00e9 es uno de los artistas m\u00e1s queridos del panorama musical. En&hellip;\n","protected":false},"author":2,"featured_media":154380,"comment_status":"","ping_status":"","sticky":false,"template":"","format":"standard","meta":{"footnotes":""},"categories":[174],"tags":[10114,16731,255,14733,146,147,25,24,256,1906,7457,23],"class_list":{"0":"post-154379","1":"post","2":"type-post","3":"status-publish","4":"format-standard","5":"has-post-thumbnail","7":"category-famosos","8":"tag-alejandro","9":"tag-bailar","10":"tag-celebrities","11":"tag-emociona","12":"tag-entertainment","13":"tag-entretenimiento","14":"tag-es","15":"tag-espana","16":"tag-famosos","17":"tag-mexico","18":"tag-sanz","19":"tag-spain"},"share_on_mastodon":{"url":"","error":""},"_links":{"self":[{"href":"https:\/\/www.europesays.com\/es\/wp-json\/wp\/v2\/posts\/154379","targetHints":{"allow":["GET"]}}],"collection":[{"href":"https:\/\/www.europesays.com\/es\/wp-json\/wp\/v2\/posts"}],"about":[{"href":"https:\/\/www.europesays.com\/es\/wp-json\/wp\/v2\/types\/post"}],"author":[{"embeddable":true,"href":"https:\/\/www.europesays.com\/es\/wp-json\/wp\/v2\/users\/2"}],"replies":[{"embeddable":true,"href":"https:\/\/www.europesays.com\/es\/wp-json\/wp\/v2\/comments?post=154379"}],"version-history":[{"count":0,"href":"https:\/\/www.europesays.com\/es\/wp-json\/wp\/v2\/posts\/154379\/revisions"}],"wp:featuredmedia":[{"embeddable":true,"href":"https:\/\/www.europesays.com\/es\/wp-json\/wp\/v2\/media\/154380"}],"wp:attachment":[{"href":"https:\/\/www.europesays.com\/es\/wp-json\/wp\/v2\/media?parent=154379"}],"wp:term":[{"taxonomy":"category","embeddable":true,"href":"https:\/\/www.europesays.com\/es\/wp-json\/wp\/v2\/categories?post=154379"},{"taxonomy":"post_tag","embeddable":true,"href":"https:\/\/www.europesays.com\/es\/wp-json\/wp\/v2\/tags?post=154379"}],"curies":[{"name":"wp","href":"https:\/\/api.w.org\/{rel}","templated":true}]}}