{"id":154401,"date":"2025-10-03T07:29:07","date_gmt":"2025-10-03T07:29:07","guid":{"rendered":"https:\/\/www.europesays.com\/es\/154401\/"},"modified":"2025-10-03T07:29:07","modified_gmt":"2025-10-03T07:29:07","slug":"masacre-en-gaza-flotilla-y-manifestaciones-en-directo-hoy","status":"publish","type":"post","link":"https:\/\/www.europesays.com\/es\/154401\/","title":{"rendered":"Masacre en Gaza, flotilla y manifestaciones, en directo hoy"},"content":{"rendered":"<p><strong>Jaume Asens, abogado de la flotilla, denuncia la \u00abestrategia\u00bb de Israel para \u00abintimidar\u00bb<\/strong><\/p>\n<p>\u00a0<\/p>\n<p>El abogado de la flotilla, <strong>Jaume Asens<\/strong>, ha denunciado la estrategia de Israel para \u00abintimidar\u00bb a los integrantes de la flotilla que han sido detenidos, despu\u00e9s de que se hayan visto im\u00e1genes de un ministro israel\u00ed calific\u00e1ndolos de\u00a0\u00abterroristas\u00bb. \u00abNo creo que suceda pero ser\u00eda un salto cualitativo nunca habia sucedido antes una acusaci\u00f3n de estas carateristicas pero forma parte del relato de la\u00a0sem\u00e1ntica invertida de israel darle y sentido disintos a las palabras y presentarse como vitimas, presentan a estos actividas coo alguien que les est\u00e1 agrediendo en el mundo paralelo de isael esa es su versi\u00f3n\u00bb.<br \/>&#13;<br \/>\n\u00a0<\/p>\n<p>El tambi\u00e9n\u00a0eurodiputado de los &#8216;comunes&#8217; ha explicado sobre las manifestaciones ante aquellos que critican que no salieran a manifestarse contra Ham\u00e1s cuando se produjo el atentado que \u00abla gente sale a la calle para intentar mover a alguien a cambiar su complrtamiento, m\u00e1s que a Israel porque es una causa perdida\u00bb. El cambio, ha dicho, \u00abtendr\u00e1 que venir desde fuera es muy dif\u00edcil que venga desde dentro, si no hay esa presion ISrael no se va a mover\u00bb.\u00a0<\/p>\n","protected":false},"excerpt":{"rendered":"Jaume Asens, abogado de la flotilla, denuncia la \u00abestrategia\u00bb de Israel para \u00abintimidar\u00bb \u00a0 El abogado de la&hellip;\n","protected":false},"author":2,"featured_media":154402,"comment_status":"","ping_status":"","sticky":false,"template":"","format":"standard","meta":{"footnotes":""},"categories":[42],"tags":[17,18,13,14,11,61,62,63,64,19,20,9,10,15,16,12,21,22,65,66,67],"class_list":{"0":"post-154401","1":"post","2":"type-post","3":"status-publish","4":"format-standard","5":"has-post-thumbnail","7":"category-internacional","8":"tag-breaking-news","9":"tag-breakingnews","10":"tag-featured-news","11":"tag-featurednews","12":"tag-headlines","13":"tag-internacional","14":"tag-international","15":"tag-international-news","16":"tag-internationalnews","17":"tag-latest-news","18":"tag-latestnews","19":"tag-news","20":"tag-noticias","21":"tag-noticias-destacadas","22":"tag-noticiasdestacadas","23":"tag-titulares","24":"tag-ultimas-noticias","25":"tag-ultimasnoticias","26":"tag-world","27":"tag-world-news","28":"tag-worldnews"},"share_on_mastodon":{"url":"","error":""},"_links":{"self":[{"href":"https:\/\/www.europesays.com\/es\/wp-json\/wp\/v2\/posts\/154401","targetHints":{"allow":["GET"]}}],"collection":[{"href":"https:\/\/www.europesays.com\/es\/wp-json\/wp\/v2\/posts"}],"about":[{"href":"https:\/\/www.europesays.com\/es\/wp-json\/wp\/v2\/types\/post"}],"author":[{"embeddable":true,"href":"https:\/\/www.europesays.com\/es\/wp-json\/wp\/v2\/users\/2"}],"replies":[{"embeddable":true,"href":"https:\/\/www.europesays.com\/es\/wp-json\/wp\/v2\/comments?post=154401"}],"version-history":[{"count":0,"href":"https:\/\/www.europesays.com\/es\/wp-json\/wp\/v2\/posts\/154401\/revisions"}],"wp:featuredmedia":[{"embeddable":true,"href":"https:\/\/www.europesays.com\/es\/wp-json\/wp\/v2\/media\/154402"}],"wp:attachment":[{"href":"https:\/\/www.europesays.com\/es\/wp-json\/wp\/v2\/media?parent=154401"}],"wp:term":[{"taxonomy":"category","embeddable":true,"href":"https:\/\/www.europesays.com\/es\/wp-json\/wp\/v2\/categories?post=154401"},{"taxonomy":"post_tag","embeddable":true,"href":"https:\/\/www.europesays.com\/es\/wp-json\/wp\/v2\/tags?post=154401"}],"curies":[{"name":"wp","href":"https:\/\/api.w.org\/{rel}","templated":true}]}}