{"id":154411,"date":"2025-10-03T07:34:07","date_gmt":"2025-10-03T07:34:07","guid":{"rendered":"https:\/\/www.europesays.com\/es\/154411\/"},"modified":"2025-10-03T07:34:07","modified_gmt":"2025-10-03T07:34:07","slug":"pronostico-magomed-ankalaev-alex-pereira","status":"publish","type":"post","link":"https:\/\/www.europesays.com\/es\/154411\/","title":{"rendered":"Pron\u00f3stico Magomed Ankalaev Alex Pereira"},"content":{"rendered":"<p class=\"text-xs leading-5 text-gray-400 mb-2\">\n                        Publicado el 03\/10\/25 1:42<br \/>\n                        \u00a0por<br \/>\n                                                            <a href=\"https:\/\/www.sportytrader.com\/es\/autor\/camilo-ochoa-93\/\" rel=\"nofollow noopener\" target=\"_blank\">Camilo Ochoa<\/a><\/p>\n<p>                                                    |<br \/>\n                            Modificado el<br \/>\n                                03\/10\/25<br \/>\n                                a 3:09<\/p>\n<p>                                                                            en<br \/>\n                            <a data-trans=\"tips.published.competition %competition%\" href=\"https:\/\/www.sportytrader.com\/es\/pronosticos\/combate\/mma\/ufc\/\" rel=\"nofollow noopener\" target=\"_blank\"><br \/>\n                                Pron\u00f3stico UFC<br \/>\n                            <\/a><\/p>\n<p style=\"text-align: justify;\">El UFC 320 nos lleva al\u00a0T-Mobile Arena, Las Vegas, Nevada, donde se enfrentar\u00e1n el ruso\u00a0Magomed\u00a0Ankalaev contra el brasile\u00f1o Alex\u00a0Pereira por el t\u00edtulo de los semipesados de la UFC. El nacido en Daguest\u00e1n se planta en este encuentro como el campe\u00f3n de los semipesados en lo que ser\u00e1 su primera defensa luego de haberle arrebatado el t\u00edtulo al brasile\u00f1o. Magomed se ha convertido en uno de los mejores peleadores en el piso, no solo por su racha de 14 peleas sin conocer la derrota, sino que su estilo de pelea asfixiante y met\u00f3dico lo hace ser usualmente ganador por la v\u00eda de los puntos.<\/p>\n<p style=\"text-align: justify;\">Por su lado, el nacido en Sao Paulo tiene enfrente una oportunidad \u00fanica de no solo recuperar su t\u00edtulo de los semipesados luego de 7 meses, sino que se lo podr\u00e1 arrebatar al mismo que se lo quit\u00f3 tras 5 asaltos. Esta derrota signific\u00f3 el fin de su racha de 5 victorias seguidas, donde el brasile\u00f1o ha tenido la posibilidad de mejorar su estilo de lucha de cara a su revancha. Con un r\u00e9cord personal de 12 victorias y 3 derrotas, Alex Perreira ha basado su estilo de pelea en su fuerte strinkg, lo cual le ha atoragdo un gran poder de noacut.<\/p>\n","protected":false},"excerpt":{"rendered":"Publicado el 03\/10\/25 1:42 \u00a0por Camilo Ochoa | Modificado el 03\/10\/25 a 3:09 en Pron\u00f3stico UFC El UFC&hellip;\n","protected":false},"author":2,"featured_media":154412,"comment_status":"","ping_status":"","sticky":false,"template":"","format":"standard","meta":{"footnotes":""},"categories":[276],"tags":[2034,168,25,24,2035,2679,23,167,343,820],"class_list":{"0":"post-154411","1":"post","2":"type-post","3":"status-publish","4":"format-standard","5":"has-post-thumbnail","7":"category-ufc","8":"tag-alex-pereira","9":"tag-deportes","10":"tag-es","11":"tag-espana","12":"tag-magomed-ankalaev","13":"tag-pronostico","14":"tag-spain","15":"tag-sports","16":"tag-ufc","17":"tag-ufc-320"},"share_on_mastodon":{"url":"","error":""},"_links":{"self":[{"href":"https:\/\/www.europesays.com\/es\/wp-json\/wp\/v2\/posts\/154411","targetHints":{"allow":["GET"]}}],"collection":[{"href":"https:\/\/www.europesays.com\/es\/wp-json\/wp\/v2\/posts"}],"about":[{"href":"https:\/\/www.europesays.com\/es\/wp-json\/wp\/v2\/types\/post"}],"author":[{"embeddable":true,"href":"https:\/\/www.europesays.com\/es\/wp-json\/wp\/v2\/users\/2"}],"replies":[{"embeddable":true,"href":"https:\/\/www.europesays.com\/es\/wp-json\/wp\/v2\/comments?post=154411"}],"version-history":[{"count":0,"href":"https:\/\/www.europesays.com\/es\/wp-json\/wp\/v2\/posts\/154411\/revisions"}],"wp:featuredmedia":[{"embeddable":true,"href":"https:\/\/www.europesays.com\/es\/wp-json\/wp\/v2\/media\/154412"}],"wp:attachment":[{"href":"https:\/\/www.europesays.com\/es\/wp-json\/wp\/v2\/media?parent=154411"}],"wp:term":[{"taxonomy":"category","embeddable":true,"href":"https:\/\/www.europesays.com\/es\/wp-json\/wp\/v2\/categories?post=154411"},{"taxonomy":"post_tag","embeddable":true,"href":"https:\/\/www.europesays.com\/es\/wp-json\/wp\/v2\/tags?post=154411"}],"curies":[{"name":"wp","href":"https:\/\/api.w.org\/{rel}","templated":true}]}}