{"id":154413,"date":"2025-10-03T07:36:09","date_gmt":"2025-10-03T07:36:09","guid":{"rendered":"https:\/\/www.europesays.com\/es\/154413\/"},"modified":"2025-10-03T07:36:09","modified_gmt":"2025-10-03T07:36:09","slug":"alcaraz-y-sinner-replican-a-nadal-y-djokovic-en-una-curiosa-estadistica-punto-de-break","status":"publish","type":"post","link":"https:\/\/www.europesays.com\/es\/154413\/","title":{"rendered":"Alcaraz y Sinner replican a Nadal y Djokovic en una curiosa estad\u00edstica &#8211; Punto de Break"},"content":{"rendered":"<ol>\n<li><a href=\"https:\/\/news.google.com\/rss\/articles\/CBMinwFBVV95cUxQbnp2bHpyQUhhVEt4YnRKZTZmSGJOdW92NkNaLW5KS0ItVC1oVmtUcWp6Tm1MYjlyMmdWeHVFOEI1XzlLUEtaODBHR2xRdkJTSmt2bDd6OFdhMWlTRVJfN2VEempPYUlRV3pyTERMOTljeVJiYmJkRkg0d2NvZ2ZZRDRSTmc2eV9NOUcwZ3J4SzlNeUR2WkRaWVN6dGM4dnM?oc=5\" target=\"_blank\" rel=\"nofollow noopener\">Alcaraz y Sinner replican a Nadal y Djokovic en una curiosa estad\u00edstica<\/a>&nbsp;&nbsp;Punto de Break<\/li>\n<li><a href=\"https:\/\/news.google.com\/rss\/articles\/CBMijgFBVV95cUxNU3AtR1hSVHFSTS00Sm8zZHd5TGJXWjRSXy1oa2M2eDhLVDhjS2dlUUxDdms3MVM5X0VlZFNBMThra1Nlck1qN2k5RFI3b0Z5bHNOem53cFk3aWFoRUZPQWdhek5YckQtSmRHZXlqOEYtRnFBWFBmalYxTEg2a1ZTeXZqa1gtR3J1bXJuOTlB?oc=5\" target=\"_blank\" rel=\"nofollow noopener\">Sinner aprieta el pulso con Alcaraz<\/a>&nbsp;&nbsp;ABC<\/li>\n<li><a href=\"https:\/\/news.google.com\/rss\/articles\/CBMi7wFBVV95cUxNV28wbGlSUUpWelo5Yk9aV0JSeTZpMU1scWFqem5VbEl2VzVreFBCOVVCOUx4V3ZYUEMzb3dmMEJhZEk0cGVFWmEtLWd1NTN3bENxUTZocWVsVEVtN0h2eE04RTVJZmNWenZfR1hxOXBFTnExSjN4di1DcUdrd3lmbXNUa0x5U2JOZXJTUVB0aGltUVZqQkgzNXJRR2xEYUVMZDU0T0VFMVZHX0lQU1JQanctc0lZWWw0ZXFIb0VyT3pFenc4T3laSVZWenpPcE9obU5rYkR4cU9sMkxmck9WUjhUZV9Lc2dkekh4blJ4RQ?oc=5\" target=\"_blank\" rel=\"nofollow noopener\">Las cuentas de Jannik Sinner para arrebatarle el n\u00famero 1 a Carlos Alcaraz antes de final de a\u00f1o: Shangh\u00e1i y Viena, la clave<\/a>&nbsp;&nbsp;20Minutos<\/li>\n<li><a href=\"https:\/\/news.google.com\/rss\/articles\/CBMivAFBVV95cUxNMl9xdUctY08xd2h0eHM0eGNycjU4N3FMbkNtbm92c0VXQ29vS1dxd3llZkVsMEsxcVBGcmxCTXNiVDhGMDBYcHZBM0JRWWZ2YUxjMkk4Tjd2OVdiMFo0dm1maTI4WFlDankyU2xoZXhUQnR1Z2JFVUZmNGlQM2d4YkNrMlNkTDA3aXpJU3ZfaEpPTmJibnpKN01uVXVMS092SkdUSFRWTURlVE9jZzRzdzl4Znh3YXB2dzBnNNIBwgFBVV95cUxNWExmb3Z5elk2Z2lZVFNkZWZTYWdCXzdRci1vRWNIcDQwMlFiZmE1SzY5SGlmbXc4QUprNG9xYk9RNXBwWDl5WW5jVGplaFZZRU5yOXI0b3RWbDZIZ0pqZnFoM0xrdm9vdjc0WmNuQWlLMUpRMnV6UHFldFhXcFRBRmJoejMxVUxJYms3TTFDaUNJXzE5N0RPUm4waHVJU2FaNC0yNlk2eDBUSU5qcExjRnVTeS03N1FWT3htZF9jM0JRdw?oc=5\" target=\"_blank\" rel=\"nofollow noopener\">As\u00ed queda el ranking ATP tras la victoria de Alcaraz en la final de ATP Tokio<\/a>&nbsp;&nbsp;El Confidencial<\/li>\n<li><a href=\"https:\/\/news.google.com\/rss\/articles\/CBMi_AFBVV95cUxOYlF6UEVrV1Q1a1YyRnRGOUJ3b3dpVG5zUmlzTU9mY21ZckNMU2xyMVBYTXg2RlZsZ1Frb2F6c00zSjU1MjVsMG1nNUdnTHB6alY4eUZ4Z2tmaVlVcWJxTFlyRDI5b18zRWJkb01PQUs3S09aQjRlakZIVC0wTnZodGRuT3FrQngzakc1ZjRZdlRNRkVaSnNpUGpkRl9FZGFNWkc1N1h6SzFxekJ1cUpsRGhxNG5tV0YzaUxDckxuOUxNckdFR0hfb2ZRZ0xCSkR4TmVxbF9FZ3FqaWdEOWJLdlZPTERsZWRqX3FnQzRRWVNQWmlSSnZWcmhKeWY?oc=5\" target=\"_blank\" rel=\"nofollow noopener\">AN\u00c1LISIS | El dato en el que Alcaraz aplasta a Sinner e incluso mejora al &#8216;Big 3&#8217;<\/a>&nbsp;&nbsp;Eurosport<\/li>\n<\/ol>\n","protected":false},"excerpt":{"rendered":"Alcaraz y Sinner replican a Nadal y Djokovic en una curiosa estad\u00edstica&nbsp;&nbsp;Punto de Break Sinner aprieta el pulso&hellip;\n","protected":false},"author":2,"featured_media":154414,"comment_status":"","ping_status":"","sticky":false,"template":"","format":"standard","meta":{"footnotes":""},"categories":[274],"tags":[168,25,24,23,167,327,326],"class_list":{"0":"post-154413","1":"post","2":"type-post","3":"status-publish","4":"format-standard","5":"has-post-thumbnail","7":"category-tenis","8":"tag-deportes","9":"tag-es","10":"tag-espana","11":"tag-spain","12":"tag-sports","13":"tag-tenis","14":"tag-tennis"},"share_on_mastodon":{"url":"","error":""},"_links":{"self":[{"href":"https:\/\/www.europesays.com\/es\/wp-json\/wp\/v2\/posts\/154413","targetHints":{"allow":["GET"]}}],"collection":[{"href":"https:\/\/www.europesays.com\/es\/wp-json\/wp\/v2\/posts"}],"about":[{"href":"https:\/\/www.europesays.com\/es\/wp-json\/wp\/v2\/types\/post"}],"author":[{"embeddable":true,"href":"https:\/\/www.europesays.com\/es\/wp-json\/wp\/v2\/users\/2"}],"replies":[{"embeddable":true,"href":"https:\/\/www.europesays.com\/es\/wp-json\/wp\/v2\/comments?post=154413"}],"version-history":[{"count":0,"href":"https:\/\/www.europesays.com\/es\/wp-json\/wp\/v2\/posts\/154413\/revisions"}],"wp:featuredmedia":[{"embeddable":true,"href":"https:\/\/www.europesays.com\/es\/wp-json\/wp\/v2\/media\/154414"}],"wp:attachment":[{"href":"https:\/\/www.europesays.com\/es\/wp-json\/wp\/v2\/media?parent=154413"}],"wp:term":[{"taxonomy":"category","embeddable":true,"href":"https:\/\/www.europesays.com\/es\/wp-json\/wp\/v2\/categories?post=154413"},{"taxonomy":"post_tag","embeddable":true,"href":"https:\/\/www.europesays.com\/es\/wp-json\/wp\/v2\/tags?post=154413"}],"curies":[{"name":"wp","href":"https:\/\/api.w.org\/{rel}","templated":true}]}}