{"id":154415,"date":"2025-10-03T07:37:28","date_gmt":"2025-10-03T07:37:28","guid":{"rendered":"https:\/\/www.europesays.com\/es\/154415\/"},"modified":"2025-10-03T07:37:28","modified_gmt":"2025-10-03T07:37:28","slug":"tadej-pogacar-en-la-crono-del-dauphine-ha-sorprendido-para-mal","status":"publish","type":"post","link":"https:\/\/www.europesays.com\/es\/154415\/","title":{"rendered":"Tadej Poga\u010dar en la crono del Dauphin\u00e9 ha sorprendido para mal\u00a0"},"content":{"rendered":"<p><a href=\"https:\/\/www.dtswiss.com\/es\" rel=\"nofollow noopener\" target=\"_blank\"><img loading=\"lazy\" decoding=\"async\" class=\"aligncenter wp-image-65007 size-full\" src=\"data:image\/svg+xml,%3Csvg%20xmlns=\" http:=\"\" alt=\"\" width=\"1024\" height=\"140\" data-lazy- data-lazy- data-lazy-src=\"https:\/\/www.europesays.com\/es\/wp-content\/uploads\/2025\/08\/joanseguidor-1024x140px-es-erc1100.png\"\/><\/a><\/p>\n<p>El rendimiento de Poga\u010dar en la crono del Dauphin\u00e9 ha sorprendido para mal<\/p>\n<p data-start=\"163\" data-end=\"559\">24 horas despu\u00e9s est\u00e1 claro que Poga\u010dar no tuvo su mejor d\u00eda en la crono del Dauphin\u00e9.<\/p>\n<p data-start=\"163\" data-end=\"559\">Fue raro verlo perder tanto tiempo frente a rivales directos como Remco Evenepoel y Jonas Vingegaard, dos corredores con los que suele estar m\u00e1s parejo, salvo la famosa crono del Tour de hace dos a\u00f1os.<\/p>\n<p><a class=\"wppaslink\" href=\"https:\/\/joanseguidor.com\/pas\/ccmm-valenciana\/44016\/0\" target=\"_blank\" rel=\"nofollow noopener\"><img decoding=\"async\" src=\"data:image\/svg+xml,%3Csvg%20xmlns=\" http:=\"\" alt=\"CCMM Valenciana\" border=\"0\" data-lazy-src=\"https:\/\/www.europesays.com\/es\/wp-content\/uploads\/2025\/10\/1759477046_699_tl-joanseguidorcom-1024x140-1.png\"\/><\/a><\/p>\n<p data-start=\"163\" data-end=\"559\">Al final, el esloveno cedi\u00f3 48 segundos con Evenepoel y 28 con Vingegaard.<\/p>\n<p data-start=\"163\" data-end=\"559\">Nada menor, sobre todo en una carrera de una semana donde cada segundo cuenta.<\/p>\n<p data-start=\"561\" data-end=\"1018\">Pero lejos de dramatizar, Poga\u010dar se lo tom\u00f3 con bastante calma.<\/p>\n<p data-start=\"561\" data-end=\"1018\">Reconoci\u00f3 que <strong>no hizo la crono perfecta y que probablemente calcul\u00f3 mal el ritmo<\/strong>.<\/p>\n<p data-start=\"561\" data-end=\"1018\">A\u00f1adi\u00f3 que\u00a0 sali\u00f3 demasiado tranquilo en la primera parte del recorrido y que tal vez tendr\u00eda que haber apretado un poco m\u00e1s desde el inicio.<\/p>\n<p data-start=\"561\" data-end=\"1018\">Aun as\u00ed, no parec\u00eda muy preocupado.<\/p>\n<p data-start=\"561\" data-end=\"1018\">Para \u00e9l, esta carrera es parte de la preparaci\u00f3n para el Tour de Francia, as\u00ed que estos errores tambi\u00e9n le sirven para afinar detalles.<\/p>\n<p data-start=\"561\" data-end=\"1018\">Eso es lo que traslada a la prensa, pero en el fuero interno el Dauphin\u00e9 falta en el palmar\u00e9s de Poga\u010dar, as\u00ed ganar aqu\u00ed tambi\u00e9n se impone.<\/p>\n<p data-start=\"561\" data-end=\"1018\">No s\u00e9 si tendr\u00e1 que ver que sea su segunda vuelta por etapas desde el Tour del a\u00f1o pasado, cosa que, por ejemplo, le ha sacado de competir en cronos mucho tiempo.<\/p>\n<p><a href=\"https:\/\/bestcyclingbrands.com\/brand\/741-castelli?utm_source=banner&amp;utm_medium=verano-castelli&amp;utm_campaign=elcuadernodejoanseguidor&amp;temporada=castelli-ss25\" rel=\"nofollow noopener\" target=\"_blank\"><img loading=\"lazy\" decoding=\"async\" class=\"aligncenter wp-image-65014 size-full\" src=\"data:image\/svg+xml,%3Csvg%20xmlns=\" http:=\"\" alt=\"\" width=\"1024\" height=\"300\" data-lazy- data-lazy- data-lazy-src=\"https:\/\/www.europesays.com\/es\/wp-content\/uploads\/2025\/07\/1753913948_280_joan-seguidor.jpg\"\/><\/a><\/p>\n<p><a href=\"https:\/\/www.turismodecastellon.com\/es\/que-hacer\/rutaCicloturismo\" rel=\"nofollow noopener\" target=\"_blank\"><img loading=\"lazy\" decoding=\"async\" class=\"aligncenter size-full wp-image-63764\" src=\"data:image\/svg+xml,%3Csvg%20xmlns=\" http:=\"\" alt=\"\" width=\"1024\" height=\"300\" data-lazy-src=\"https:\/\/www.europesays.com\/es\/wp-content\/uploads\/2025\/07\/1753913949_224_bn-cycling-1024x300-1.gif\"\/><\/a><\/p>\n<p data-start=\"1020\" data-end=\"1477\">Lo interesante es que, a pesar del traspi\u00e9, sigue con actitud positiva.<\/p>\n<p data-start=\"1020\" data-end=\"1477\">Tiene claro que todav\u00eda quedan tres etapas duras por delante y que el terreno es favorable para \u00e9l, sobre todo la etapa reina del s\u00e1bado, con tres puertos de categor\u00eda especial.<\/p>\n<p data-start=\"1020\" data-end=\"1477\">Ah\u00ed piensa dar batalla y recuperar el tiempo perdido.<\/p>\n<p data-start=\"1020\" data-end=\"1477\">Adem\u00e1s, destac\u00f3 que su equipo est\u00e1 funcionando bien y que este tipo de carreras son ideales para medirse con rivales de peso como Evenepoel y Vingegaard.<\/p>\n<p data-start=\"1479\" data-end=\"1769\">Despu\u00e9s de la crono, <strong>incluso se le vio curioseando una bici de contrarreloj del equipo Visma<\/strong>, lo que llam\u00f3 bastante la atenci\u00f3n.<\/p>\n<p data-start=\"1479\" data-end=\"1769\">Algunos pensaron que era la de Vingegaard, pero al parecer era la de Jorgenson.<\/p>\n<p data-start=\"1479\" data-end=\"1769\">Nada ilegal, solo una mirada t\u00e9cnica y algo de inter\u00e9s por el material del rival, inter\u00e9s que \u00abnos interesa\u00bb.<\/p>\n<p data-start=\"1479\" data-end=\"1769\">Una cosa tengo muy clara, esta merma en la general puede provocar una tormenta en el tr\u00edptico final\u2026<\/p>\n<p data-start=\"1479\" data-end=\"1769\">Imagen: UAE Team<\/p>\n<p data-start=\"1479\" data-end=\"1769\"><a href=\"https:\/\/terresdelebre.travel\/cycling\/es\/deportivo\" target=\"_blank\" rel=\"noopener nofollow\"><img loading=\"lazy\" decoding=\"async\" class=\"aligncenter\" src=\"data:image\/svg+xml,%3Csvg%20xmlns=\" http:=\"\" alt=\"\" width=\"1024\" height=\"400\" data-lazy-src=\"https:\/\/www.europesays.com\/es\/wp-content\/uploads\/2025\/07\/1753913949_219_1024x400-cicloturisme-joanseguidor.jpg\"\/><\/a><\/p>\n","protected":false},"excerpt":{"rendered":"El rendimiento de Poga\u010dar en la crono del Dauphin\u00e9 ha sorprendido para mal 24 horas despu\u00e9s est\u00e1 claro&hellip;\n","protected":false},"author":2,"featured_media":154416,"comment_status":"","ping_status":"","sticky":false,"template":"","format":"standard","meta":{"footnotes":""},"categories":[273],"tags":[313,46433,312,168,25,24,2548,23,167,463],"class_list":{"0":"post-154415","1":"post","2":"type-post","3":"status-publish","4":"format-standard","5":"has-post-thumbnail","7":"category-ciclismo","8":"tag-ciclismo","9":"tag-criterium-dauphine","10":"tag-cycling","11":"tag-deportes","12":"tag-es","13":"tag-espana","14":"tag-featured","15":"tag-spain","16":"tag-sports","17":"tag-tadej-pogacar"},"share_on_mastodon":{"url":"","error":""},"_links":{"self":[{"href":"https:\/\/www.europesays.com\/es\/wp-json\/wp\/v2\/posts\/154415","targetHints":{"allow":["GET"]}}],"collection":[{"href":"https:\/\/www.europesays.com\/es\/wp-json\/wp\/v2\/posts"}],"about":[{"href":"https:\/\/www.europesays.com\/es\/wp-json\/wp\/v2\/types\/post"}],"author":[{"embeddable":true,"href":"https:\/\/www.europesays.com\/es\/wp-json\/wp\/v2\/users\/2"}],"replies":[{"embeddable":true,"href":"https:\/\/www.europesays.com\/es\/wp-json\/wp\/v2\/comments?post=154415"}],"version-history":[{"count":0,"href":"https:\/\/www.europesays.com\/es\/wp-json\/wp\/v2\/posts\/154415\/revisions"}],"wp:featuredmedia":[{"embeddable":true,"href":"https:\/\/www.europesays.com\/es\/wp-json\/wp\/v2\/media\/154416"}],"wp:attachment":[{"href":"https:\/\/www.europesays.com\/es\/wp-json\/wp\/v2\/media?parent=154415"}],"wp:term":[{"taxonomy":"category","embeddable":true,"href":"https:\/\/www.europesays.com\/es\/wp-json\/wp\/v2\/categories?post=154415"},{"taxonomy":"post_tag","embeddable":true,"href":"https:\/\/www.europesays.com\/es\/wp-json\/wp\/v2\/tags?post=154415"}],"curies":[{"name":"wp","href":"https:\/\/api.w.org\/{rel}","templated":true}]}}