{"id":154420,"date":"2025-10-03T07:40:09","date_gmt":"2025-10-03T07:40:09","guid":{"rendered":"https:\/\/www.europesays.com\/es\/154420\/"},"modified":"2025-10-03T07:40:09","modified_gmt":"2025-10-03T07:40:09","slug":"tenemos-que-seguir-haciendonos-fuertes-en-casa","status":"publish","type":"post","link":"https:\/\/www.europesays.com\/es\/154420\/","title":{"rendered":"\u201cTenemos que seguir haci\u00e9ndonos fuertes en casa\u201d"},"content":{"rendered":"<p data-mrf-recirculation=\"Links P\u00e1rrafos\" class=\"ue-c-article__paragraph paragraph ue-c-article--first-letter-highlighted\">El entrenador de Osasuna, <strong>Alessio Lisci, <\/strong>destac\u00f3 las \u201cganas de que venga ma\u00f1ana\u201d de su equipo de cara al enfrentamiento ante el Getafe. \u201cTenemos que seguir haci\u00e9ndonos fuertes en casa y viene un rival que me encanta que venga en este momento\u201d, afirm\u00f3.\u00a0<\/p>\n<p data-mrf-recirculation=\"Links P\u00e1rrafos\" class=\"ue-c-article__paragraph paragraph\">Sobre esa idea, ampli\u00f3: \u201cJustamente despu\u00e9s de Elche hablamos de que ten\u00edamos que competir mejor los \u00faltimos minutos. Entonces, <strong>viene el equipo que es el mejor en este aspecto y queremos dar una respuesta fuerte. <\/strong>Quiero un reto dif\u00edcil, complicado y vienen los m\u00e1s competitivos de todos\u201d.<\/p>\n<p>Betis 2-0 Osasuna: resumen y goles LaLiga EA Sports (J7)Sportian<\/p>\n<p data-mrf-recirculation=\"Links P\u00e1rrafos\" class=\"ue-c-article__paragraph paragraph\">Pese a los elogios mostrados al cuadro madrile\u00f1o, Lisci se desmarc\u00f3 de \u201cjugar parecido a ellos\u201d y a\u00f1adi\u00f3: \u201c<strong>Si lo hacemos, vamos a perder seguro, porque en ciertos aspectos son los mejores. <\/strong>Aun as\u00ed, nosotros tenemos que estar vivos en todos los balones, en cualquier bal\u00f3n desde el calentamiento hasta la rueda de prensa final. En alguna faceta s\u00ed nos parecemos, pero en muchas no\u201d.<\/p>\n<p data-mrf-recirculation=\"Links P\u00e1rrafos\" class=\"ue-c-article__paragraph paragraph\">Tambi\u00e9n abord\u00f3 la diferencia entre los resultados en casa y a domicilio, sobre lo que detall\u00f3: \u201cJustamente es lo que no queremos que pase. <strong>Hay que cambiar la mentalidad e intentar ir evolucionando en ese aspecto.<\/strong> No est\u00e1n saliendo las cosas fuera de casa, es una evidencia, sobre todo a nivel de resultados porque, de prestaciones, quitando el \u00faltimo, son partidos donde se sacan cosas positivas\u201d.<\/p>\n<p data-mrf-recirculation=\"Links P\u00e1rrafos\" class=\"ue-c-article__paragraph paragraph\">Como clave del choque, Lisci dio importancia a \u201cestar tranquilos\u201d y declar\u00f3: \u201cTenemos que tener la cabeza fr\u00eda y estar tranquilos en todo momento, es lo m\u00e1s importante.<strong> La afici\u00f3n tiene que animarnos cuanto m\u00e1s posible<\/strong>, pero luego hay que saber llevar a cabo todo lo que puede pasar en el partido\u201d.<\/p>\n","protected":false},"excerpt":{"rendered":"El entrenador de Osasuna, Alessio Lisci, destac\u00f3 las \u201cganas de que venga ma\u00f1ana\u201d de su equipo de cara&hellip;\n","protected":false},"author":2,"featured_media":154421,"comment_status":"","ping_status":"","sticky":false,"template":"","format":"standard","meta":{"footnotes":""},"categories":[268],"tags":[168,25,24,280,282,281,23,167],"class_list":{"0":"post-154420","1":"post","2":"type-post","3":"status-publish","4":"format-standard","5":"has-post-thumbnail","7":"category-futbol","8":"tag-deportes","9":"tag-es","10":"tag-espana","11":"tag-football","12":"tag-futbol","13":"tag-soccer","14":"tag-spain","15":"tag-sports"},"share_on_mastodon":{"url":"","error":""},"_links":{"self":[{"href":"https:\/\/www.europesays.com\/es\/wp-json\/wp\/v2\/posts\/154420","targetHints":{"allow":["GET"]}}],"collection":[{"href":"https:\/\/www.europesays.com\/es\/wp-json\/wp\/v2\/posts"}],"about":[{"href":"https:\/\/www.europesays.com\/es\/wp-json\/wp\/v2\/types\/post"}],"author":[{"embeddable":true,"href":"https:\/\/www.europesays.com\/es\/wp-json\/wp\/v2\/users\/2"}],"replies":[{"embeddable":true,"href":"https:\/\/www.europesays.com\/es\/wp-json\/wp\/v2\/comments?post=154420"}],"version-history":[{"count":0,"href":"https:\/\/www.europesays.com\/es\/wp-json\/wp\/v2\/posts\/154420\/revisions"}],"wp:featuredmedia":[{"embeddable":true,"href":"https:\/\/www.europesays.com\/es\/wp-json\/wp\/v2\/media\/154421"}],"wp:attachment":[{"href":"https:\/\/www.europesays.com\/es\/wp-json\/wp\/v2\/media?parent=154420"}],"wp:term":[{"taxonomy":"category","embeddable":true,"href":"https:\/\/www.europesays.com\/es\/wp-json\/wp\/v2\/categories?post=154420"},{"taxonomy":"post_tag","embeddable":true,"href":"https:\/\/www.europesays.com\/es\/wp-json\/wp\/v2\/tags?post=154420"}],"curies":[{"name":"wp","href":"https:\/\/api.w.org\/{rel}","templated":true}]}}