{"id":154422,"date":"2025-10-03T07:42:18","date_gmt":"2025-10-03T07:42:18","guid":{"rendered":"https:\/\/www.europesays.com\/es\/154422\/"},"modified":"2025-10-03T07:42:18","modified_gmt":"2025-10-03T07:42:18","slug":"60-obras-maestras-de-sorolla-recalan-en-la-fundacion-bancaja-de-valencia-noticias-de-la-comunidad-valenciana","status":"publish","type":"post","link":"https:\/\/www.europesays.com\/es\/154422\/","title":{"rendered":"60 obras maestras de Sorolla recalan en la Fundaci\u00f3n Bancaja de Valencia | Noticias de la Comunidad Valenciana"},"content":{"rendered":"<p class=\"\">La Fundaci\u00f3n Bancaja de Val\u00e8ncia \u201ctiende un puente de arte\u201d entre Madrid y la ciudad del Turia en una muestra \u201cexcepcional\u201d que invita a descubrir un total de 60 obras maestras procedentes de la colecci\u00f3n permanente del Museo Sorolla que permitir\u00e1 recorrer <a href=\"https:\/\/elpais.com\/cultura\/2025-07-24\/valencia-tendra-la-segunda-mayor-coleccion-del-mundo-de-sorolla.html\" target=\"_self\" rel=\"nofollow noopener\" title=\"https:\/\/elpais.com\/cultura\/2025-07-24\/valencia-tendra-la-segunda-mayor-coleccion-del-mundo-de-sorolla.html\">la trayectoria vital y la obra del pintor valenciano. <\/a><\/p>\n<p class=\"\">A trav\u00e9s de esta exposici\u00f3n, el centro de arte se convertir\u00e1 a partir de este viernes, 3 de octubre, y hasta el 8 de febrero, en sede temporal de las obras maestras de Joaqu\u00edn Sorolla, las m\u00e1s representativas de la colecci\u00f3n de la Fundaci\u00f3n Museo Sorolla y del Museo que permanece actualmente cerrado al p\u00fablico mientras se desarrollan sus obras de ampliaci\u00f3n y rehabilitaci\u00f3n. <\/p>\n<p class=\"\">As\u00ed, la muestra acoge una selecci\u00f3n de 60 obras, de las que 59 han viajado de Madrid a Val\u00e8ncia, para un proyecto que permitir\u00e1 recorrer la vida y la obra del autor de manera cronol\u00f3gica a partir de diferentes secciones tem\u00e1ticas que da comienzo con los a\u00f1os formaci\u00f3n del pintor en Val\u00e8ncia y finaliza con su \u00faltima visita al Mediterr\u00e1neo. <\/p>\n<p class=\"\">Sorolla. Obras maestras del Museo Sorolla se ha presentado este jueves en la sede de la Fundaci\u00f3n Bancaja en Val\u00e8ncia y ha contado con la presencia de su presidente, Rafael Alc\u00f3n, y el director del Museo Sorolla y comisario de la exposici\u00f3n, Enrique Varela, quien ha destacado la \u201cexcepcionalidad\u201d de que un conjunto de obras de la selecci\u00f3n permanente de la Casa Museo se expongan por primera vez fuera de Madrid. <\/p>\n<p class=\"\">\u201cLo excepcional es que, en esta ocasi\u00f3n, son un conjunto de obras que se han descolgados de las paredes de la Casa Museo para venir aqu\u00ed\u201d, ha subrayado Varela, al tiempo que ha explicado que la muestra es una oportunidad para el p\u00fablico valenciano de poder ver \u201clas obras fundacionales\u201d, as\u00ed como \u201clas nuevas adquisiciones\u201d del Ministerio de Cultura. <\/p>\n<p><img decoding=\"auto\" class=\"_re lazyload a_m-h\" height=\"277\"  width=\"414\"  src=\"https:\/\/www.europesays.com\/es\/wp-content\/uploads\/2025\/10\/AB6DA3735FPSLECPLHBQE2Z2P4.jpg\" loading=\"lazy\"\/>Un hombre hombre observa la obra \u00abNadadora, J\u00e1vea\u00bb (1905), en la Fundaci\u00f3n Bancaja.Ana Escobar (EFE)<\/p>\n<p class=\"\">\u2018Paseo a la orilla del mar\u2019, \u2018El ba\u00f1o del caballo\u2019 o \u2018La siesta\u2019 son algunas de las piezas que integran los fondos de esta presentaci\u00f3n. El nutrido y relevante conjunto de obras de la casa-museo dialogar\u00e1 en la sala con el lienzo \u2018\u00a1Triste herencia!\u2019, de la colecci\u00f3n de la Fundaci\u00f3n Bancaja, con el que Sorolla gan\u00f3 el Grand Prix en la Exposici\u00f3n Universal de 1900 en Par\u00eds y con el que alcanz\u00f3 su consagraci\u00f3n internacional. <\/p>\n<p class=\"\">Enrique Varela ha considerado que es \u201cobvio y es cierto que la mayor parte de estas obras siempre est\u00e1n expuestas de manera permanente en la casa museo y la colecci\u00f3n permanente del museo es aquella donde la instituci\u00f3n muestra lo mejor de s\u00ed para que el p\u00fablico pueda disfrutar\u201d. <\/p>\n<p class=\"\">Ha subrayado que, tras exhibirse en Val\u00e8ncia, las piezas volver\u00e1n a Madrid, \u201cen primer lugar porque hay obras de las que cuesta desprenderse por cuestiones de conservaci\u00f3n o de relevancia\u201d. \u201cNo todas las instituciones tienen la capacidad de albergar una exposici\u00f3n de estas caracter\u00edsticas y, adem\u00e1s, hay una serie de compromisos para otras exposiciones que no son estas, pero tambi\u00e9n de Sorolla en la que algunas obras de aqu\u00ed se prestar\u00e1n. Por lo tanto podemos decir que ahora mismo esta exposici\u00f3n solo se va a poder ver aqu\u00ed en Val\u00e8ncia\u201d, ha subrayado. <\/p>\n<p>Sorolla en Valencia<\/p>\n<p class=\"\">Por otra parte, preguntado por el acondicionamiento del Palacio de las Comunicaciones de Val\u00e8ncia para acoger m\u00e1s de 200 obras de Sorolla pertenecientes a la Hispanic Society of America, Varela ha comentado que \u201ctodo suma, por supuesto, y siempre ser\u00e1 bienvenida cualquier obra de Sorolla\u201d. <\/p>\n<p class=\"\">En esta l\u00ednea, Rafael Alc\u00f3n ha apuntado: \u201cNosotros nos alegramos de que vengan m\u00e1s museos\u201d y ha agregado que, cuanto m\u00e1s espacios haya, m\u00e1s actividad cultural habr\u00e1 y m\u00e1s rica culturalmente ser\u00e1 Val\u00e8ncia\u00bb. El responsable de la fundaci\u00f3n ha remarcado, sobre el trabajo que esta entidad ha realizado en los \u00faltimos a\u00f1os para la difusi\u00f3n de la producci\u00f3n del creador valenciano, que con esta muestra se cierra \u201cun peque\u00f1o ciclo como consecuencia de un hito que se ha producido, que es el cierre temporal del Museo Sorolla\u201d. Y ha proclamado: \u201cEl ciclo no quiere decir que hemos terminado ya con Sorolla. Nosotros somos sorollistas. La Fundaci\u00f3n Bancaja es sorollista. Es hoy, ha sido y seguir\u00e1 siendo sorollista\u201d. <\/p>\n<p class=\"\">\u201cNuestro ciclo comenz\u00f3 en el 2007, cuando se produjo la exposici\u00f3n de las \u2018Visiones de Espa\u00f1a\u201d (de la Hispanic) y terminamos este peque\u00f1o ciclo temporal con unas obras maestras del Museo Sorolla. \u00bfQu\u00e9 m\u00e1s podemos pedir?\u201c, ha planteado.<\/p>\n<p class=\"\">Compuesta por cerca de 1.400 obras, la colecci\u00f3n de pintura del Museo Sorolla es la m\u00e1s importante que hay en el mundo del maestro de la luz, siendo la referencia por n\u00famero, calidad y la variedad de g\u00e9neros representados. Se trata de las obras de las que no se desprendieron ni Sorolla ni Clotilde y son las obras fundacionales del Museo Sorolla, creado en 1931 por voluntad de la esposa del artista. Gran parte de las obras presentadas se exponen en la Fundaci\u00f3n Bancaja por primera vez dentro de su extensa trayectoria de muestras monogr\u00e1ficas de Sorolla en su sede en Val\u00e8ncia. <\/p>\n<p class=\"\">La exposici\u00f3n se articula en diferentes secciones que abordan sus primeros a\u00f1os de formaci\u00f3n en Valencia e Italia, en los que el joven Sorolla empieza a demostrar ya su capacidad y su ingenio como artista; la afirmaci\u00f3n de su personalidad art\u00edstica en Madrid con la obtenci\u00f3n de reconocimientos nacionales e internacionales; su maestr\u00eda en el g\u00e9nero del retrato con lienzos de \u00e1mbito familiar; la iconograf\u00eda del mar tan relevante en su producci\u00f3n art\u00edstica con obras emblem\u00e1ticas que conserv\u00f3 en su poder; su intimista pintura de jardines; su cr\u00f3nica pl\u00e1stica de la Espa\u00f1a de su tiempo con tipos y paisajes de la \u00e9poca; y su estancia en la Cala de San Vicente (Pollen\u00e7a, Mallorca) en 1919, en el que fue su \u00faltimo viaje para pintar el Mediterr\u00e1neo antes de su muerte. <\/p>\n<p class=\"\">Con motivo de la muestra se ha editado un cat\u00e1logo con la reproducci\u00f3n de las obras que forman parte de la exposici\u00f3n, junto con textos del comisario. Dentro de su programa de mediaci\u00f3n cultural y art\u00edstica, la Fundaci\u00f3n Bancaja ofrece visitas comentadas para p\u00fablico general y grupos, y tambi\u00e9n talleres did\u00e1cticos para escolares, personas con discapacidad, grupos en riesgo de exclusi\u00f3n y personas mayores. <\/p>\n","protected":false},"excerpt":{"rendered":"La Fundaci\u00f3n Bancaja de Val\u00e8ncia \u201ctiende un puente de arte\u201d entre Madrid y la ciudad del Turia en&hellip;\n","protected":false},"author":2,"featured_media":154423,"comment_status":"","ping_status":"","sticky":false,"template":"","format":"standard","meta":{"footnotes":""},"categories":[173],"tags":[229,233,231,230,242,232,234,146,147,25,24,33141,236,503,23,235],"class_list":{"0":"post-154422","1":"post","2":"type-post","3":"status-publish","4":"format-standard","5":"has-post-thumbnail","7":"category-arte-y-diseno","8":"tag-arte","9":"tag-arte-y-diseno","10":"tag-arts","11":"tag-arts-and-design","12":"tag-comunidad-valenciana","13":"tag-design","14":"tag-diseno","15":"tag-entertainment","16":"tag-entretenimiento","17":"tag-es","18":"tag-espana","19":"tag-fundacion-bancaja","20":"tag-joaquin-sorolla","21":"tag-pintura","22":"tag-spain","23":"tag-valencia"},"share_on_mastodon":{"url":"","error":""},"_links":{"self":[{"href":"https:\/\/www.europesays.com\/es\/wp-json\/wp\/v2\/posts\/154422","targetHints":{"allow":["GET"]}}],"collection":[{"href":"https:\/\/www.europesays.com\/es\/wp-json\/wp\/v2\/posts"}],"about":[{"href":"https:\/\/www.europesays.com\/es\/wp-json\/wp\/v2\/types\/post"}],"author":[{"embeddable":true,"href":"https:\/\/www.europesays.com\/es\/wp-json\/wp\/v2\/users\/2"}],"replies":[{"embeddable":true,"href":"https:\/\/www.europesays.com\/es\/wp-json\/wp\/v2\/comments?post=154422"}],"version-history":[{"count":0,"href":"https:\/\/www.europesays.com\/es\/wp-json\/wp\/v2\/posts\/154422\/revisions"}],"wp:featuredmedia":[{"embeddable":true,"href":"https:\/\/www.europesays.com\/es\/wp-json\/wp\/v2\/media\/154423"}],"wp:attachment":[{"href":"https:\/\/www.europesays.com\/es\/wp-json\/wp\/v2\/media?parent=154422"}],"wp:term":[{"taxonomy":"category","embeddable":true,"href":"https:\/\/www.europesays.com\/es\/wp-json\/wp\/v2\/categories?post=154422"},{"taxonomy":"post_tag","embeddable":true,"href":"https:\/\/www.europesays.com\/es\/wp-json\/wp\/v2\/tags?post=154422"}],"curies":[{"name":"wp","href":"https:\/\/api.w.org\/{rel}","templated":true}]}}