{"id":154424,"date":"2025-10-03T07:43:07","date_gmt":"2025-10-03T07:43:07","guid":{"rendered":"https:\/\/www.europesays.com\/es\/154424\/"},"modified":"2025-10-03T07:43:07","modified_gmt":"2025-10-03T07:43:07","slug":"el-gran-giro-literario-de-antonio-mercero-de-escribir-thrillers-con-carmen-mola-a-publicar-su-novela-mas-intima","status":"publish","type":"post","link":"https:\/\/www.europesays.com\/es\/154424\/","title":{"rendered":"El gran giro literario de Antonio Mercero: de escribir thrillers con Carmen Mola a publicar su novela m\u00e1s \u00edntima"},"content":{"rendered":"<p><img decoding=\"async\" src=\"https:\/\/www.europesays.com\/es\/wp-content\/uploads\/2025\/10\/1759477387_201_default.jpg\" itemprop=\"image\" width=\"100%\" alt=\"\"\/><\/p>\n<p><b\/>Antonio Mercero<\/p>\n<p><b>Editorial:<\/b> Planeta<\/p>\n<p><b>A\u00f1o de publicaci\u00f3n original:<\/b> 2025<\/p>\n<p>Pensad en las veces que mir\u00e1is al d\u00eda vuestro reloj. Es casi como un acto reflejo. Vivimos en torno a ellos. Pero hay relojes y relojes. El de la familia Yarza ha pasado de mano en mano durante<b> cuatro generaciones <\/b>y no lo recuerdan precisamente con cari\u00f1o. Lo llaman &#8216;El incomprendido&#8217;. Es un reloj de pared que naci\u00f3 para cambiarle la vida a su creador. <b>Para mal<\/b>.<\/p>\n<p>La propia novela lo profetiza: \u00abY no lo vendi\u00f3, aunque deber\u00eda haberlo hecho, porque ese reloj llevaba incrustada una maldici\u00f3n que iba a perseguir a su familia durante generaciones\u00bb.<\/p>\n<p>&#8216;El incomprendido&#8217;<\/p>\n<p>Por no andarme con m\u00e1s rodeos, esta novela arranca cuando <b>Paula<\/b> le regala a su hermano &#8216;El incomprendido&#8217;. Se lo ha encontrado en Wallapop \u2014esto es real. El reloj existe de verdad, est\u00e1 en venta y fue fabricado por el tatarabuelo de Antonio Mercero\u2014.<\/p>\n<p>No sabe por qu\u00e9 ni c\u00f3mo ha acabado ah\u00ed. El caso es que le parece una gran idea comprarlo. Lo hace porque recuerda que fue su bisabuelo quien lo fabric\u00f3 y piensa que va a ser un gran regalo que ella y su hermano pueden darle a su madre.<\/p>\n<blockquote><p> Es la historia m\u00e1s \u00edntima que ha escrito Antonio Mercero <\/p><\/blockquote>\n<p>Pero en cuanto la matriarca lo ve,<b> sufre un infarto<\/b> y termina en el hospital. Paula empieza a indagar, porque no cree que haya sido una causalidad. Est\u00e1 convencida de que <b>el reloj ha sido el causante<\/b>. Algo no cuadra.<\/p>\n<p>Resulta que, tras echar un vistazo a fondo al reloj y comprobar que no funciona, encuentra dentro <b>una nota<\/b>. Un papel con un mensaje enigm\u00e1tico: Est\u00e1 lloviendo y te quiero. Es la frase que da t\u00edtulo a la novela, pero es much\u00edsimo m\u00e1s. Es la historia de una familia a trav\u00e9s del tiempo y de los secretos que intentaron borrar. Porque no hay familia que no los tenga y cuyas consecuencias no acaben sacudiendo nuestro presente.<\/p>\n<p>Ficci\u00f3n \u00edntima<\/p>\n<p>Tambi\u00e9n es la historia m\u00e1s \u00edntima que haya escrito <b>Antonio Mercero<\/b>. Este escritor \u2014uno de los tres pilares del fen\u00f3meno <b><a title=\"Carmen Mola\" href=\"https:\/\/www.lasexta.com\/ahoraqueleo\/virales\/guia-definitiva-descubrir-habana-carmen-mola-traves-infierno-nueva-novela_20231004651d1b4bb2ab570001f74a39.html\" target=\"_blank\" rel=\"nofollow noopener\">Carmen Mola<\/a><\/b>\u2014 y responsable en solitario de obras como La cuarta muerte o Pleamar, ha rebuscado en su propia experiencia vital para volver a <b>Lasarte<\/b>, el pueblo de su padre.<\/p>\n<p>Ha intentado imaginarse las vidas de sus vecinos y mirar lo que \u00e9l ve\u00eda por su ventana o cuando sal\u00eda a pasear. El propio autor ha reconocido que ha sido \u00abun ejercicio imposible\u00bb, pero que no ha dejado de intentarlo. Partiendo de esa realidad, Mercero ha escrito una novela de ficci\u00f3n <b>apasionante<\/b>, con un puntito de intriga y tambi\u00e9n un viaje sentimental.<\/p>\n<blockquote><p> Es una novela de ficci\u00f3n apasionante, con un puntito de intriga y tambi\u00e9n un viaje sentimental <\/p><\/blockquote>\n<p>Este viaje nos llevar\u00e1 a desenterrar la historia de la familia Yarza, en el Pa\u00eds Vasco y en Madrid, donde acabaron marcados por el amor y la necesidad de sobrevivir escondiendo el dolor del pasado.<\/p>\n<p>La familia de Paula tuvo que sufrir en primera persona \u2014como otras tantas familias\u2014 las luchas pol\u00edticas que desembocaron en la <b><a title=\"Guerra Civil\" href=\"https:\/\/www.lasexta.com\/ahoraqueleo\/libros\/escritora-que-imaginado-vida-que-arrebataron-abuelo-fusilado-guerra-civil_2025092568d3ccb0f158e014f6f26379.html\" target=\"_blank\" rel=\"nofollow noopener\">Guerra Civil<\/a><\/b> y atravesaron la oscura \u00e9poca del <b><a title=\"franquismo\" href=\"https:\/\/www.lasexta.com\/ahoraqueleo\/libros\/novela-que-recupera-voz-olvidada-ultimos-fusilados-franquismo_2025093068da72a1f10d3f0678243efa.html\" target=\"_blank\" rel=\"nofollow noopener\">franquismo<\/a><\/b><b>, <\/b>pasando por <b>la transici\u00f3n<\/b> hasta llegar al presente, donde los silencios acaban por revelarse. Y esa nota, ese Est\u00e1 lloviendo y te quiero, termina por adquirir un significado completo.<\/p>\n<p>Personajes de verdad<\/p>\n<p>Entrando en el terreno m\u00e1s sentimental, esta novela te agarra. Muy fuerte. Y no te suelta. Aqu\u00ed no vais a encontrar historias grandilocuentes, dramas m\u00e1s grandes que la vida y amores de pasarela. Lo que la novela de Antonio Mercero nos cuenta <b>es la vida misma<\/b>. Pura y sin filtrar.<\/p>\n<blockquote><p> Lo que la novela de Antonio Mercero nos cuenta es la vida misma <\/p><\/blockquote>\n<p>Gente que toma <b>malas decisiones<\/b>, que<b> bebe<\/b> hasta lo humanamente imposible, que <b>odia<\/b>, que <b>cruza l\u00edneas roja<\/b>s que no se pueden traspasar, que se <b>arrepiente<\/b>, que <b>llora<\/b>, que <b>ama<\/b>&#8230; que <b>vive<\/b>.<\/p>\n<p>Lo que hace que Est\u00e1 lloviendo y te quiero est\u00e9 lejos de ser una novela m\u00e1s es su<b> abrumadora carga de verdad<\/b>. Y sus personajes. Todos y cada uno tienen algo a lo que, como lectores, podemos aferrarnos. Es una novela a veces coral, a veces m\u00e1s personal. Y todos podr\u00edan ser personas de carne y hueso y no constructos formados por letras, palabras y frases. <b>Son tan reales como nuestros familiares<\/b>. Los que est\u00e1n y los que ya no.<\/p>\n<p>Sigue el <b><a title=\"canal de Ahora Qu\u00e9 Leo en WhatsApp\" href=\"https:\/\/whatsapp.com\/channel\/0029VaRsQjkFsn0ZyeLlFd3n\" target=\"_blank\" rel=\"nofollow noopener\">canal de Ahora Qu\u00e9 Leo en WhatsApp<\/a><\/b> para estar al tanto de todas nuestras rese\u00f1as, reportajes y entrevistas.<\/p>\n","protected":false},"excerpt":{"rendered":"Antonio Mercero Editorial: Planeta A\u00f1o de publicaci\u00f3n original: 2025 Pensad en las veces que mir\u00e1is al d\u00eda vuestro&hellip;\n","protected":false},"author":2,"featured_media":154425,"comment_status":"","ping_status":"","sticky":false,"template":"","format":"standard","meta":{"footnotes":""},"categories":[172],"tags":[224,146,147,25,24,225,23],"class_list":{"0":"post-154424","1":"post","2":"type-post","3":"status-publish","4":"format-standard","5":"has-post-thumbnail","7":"category-libros","8":"tag-books","9":"tag-entertainment","10":"tag-entretenimiento","11":"tag-es","12":"tag-espana","13":"tag-libros","14":"tag-spain"},"share_on_mastodon":{"url":"","error":""},"_links":{"self":[{"href":"https:\/\/www.europesays.com\/es\/wp-json\/wp\/v2\/posts\/154424","targetHints":{"allow":["GET"]}}],"collection":[{"href":"https:\/\/www.europesays.com\/es\/wp-json\/wp\/v2\/posts"}],"about":[{"href":"https:\/\/www.europesays.com\/es\/wp-json\/wp\/v2\/types\/post"}],"author":[{"embeddable":true,"href":"https:\/\/www.europesays.com\/es\/wp-json\/wp\/v2\/users\/2"}],"replies":[{"embeddable":true,"href":"https:\/\/www.europesays.com\/es\/wp-json\/wp\/v2\/comments?post=154424"}],"version-history":[{"count":0,"href":"https:\/\/www.europesays.com\/es\/wp-json\/wp\/v2\/posts\/154424\/revisions"}],"wp:featuredmedia":[{"embeddable":true,"href":"https:\/\/www.europesays.com\/es\/wp-json\/wp\/v2\/media\/154425"}],"wp:attachment":[{"href":"https:\/\/www.europesays.com\/es\/wp-json\/wp\/v2\/media?parent=154424"}],"wp:term":[{"taxonomy":"category","embeddable":true,"href":"https:\/\/www.europesays.com\/es\/wp-json\/wp\/v2\/categories?post=154424"},{"taxonomy":"post_tag","embeddable":true,"href":"https:\/\/www.europesays.com\/es\/wp-json\/wp\/v2\/tags?post=154424"}],"curies":[{"name":"wp","href":"https:\/\/api.w.org\/{rel}","templated":true}]}}