{"id":154426,"date":"2025-10-03T07:44:10","date_gmt":"2025-10-03T07:44:10","guid":{"rendered":"https:\/\/www.europesays.com\/es\/154426\/"},"modified":"2025-10-03T07:44:10","modified_gmt":"2025-10-03T07:44:10","slug":"esta-en-un-gran-momento-2","status":"publish","type":"post","link":"https:\/\/www.europesays.com\/es\/154426\/","title":{"rendered":"\u00abEst\u00e1 en un gran momento\u00bb"},"content":{"rendered":"<p>02\/10\/2025<br \/>\n<br \/><strong><br \/>\nActualizado 03\/10\/2025 a las 05:04h.<br \/>\n<\/strong><\/p>\n<p class=\"voc-p\" style=\"\"><a href=\"https:\/\/www.abc.es\/play\/television\/noticias\/hormiguero-imbatible-revuelta-programa-motos-gana-dias-20251001141009-nt.html\" target=\"_self\" data-voc-vtm-id=\"in-text-traffic\" title=\"&#039;El Hormiguero&#039; despidi\u00f3 invicto el mes de septiembre\" data-mrf-link=\"www.abc.es\" rel=\"nofollow noopener\">&#8216;El Hormiguero&#8217; despidi\u00f3 invicto el mes de septiembre<\/a>, y arranc\u00f3 octubre apostando por un invitado que siempre es apuesta segura: <strong>Vicente Vall\u00e9s<\/strong> volvi\u00f3 a sentarse con <strong>Pablo Motos<\/strong> la noche del mi\u00e9rcoles 1 bajo el pretexto del lanzamiento de su nueva novela, <strong>&#8216;La Caza del Ejecutor&#8217;,<\/strong> \u00abun libro donde la ficci\u00f3n est\u00e1 tan incrustada en la realidad que no se sabe d\u00f3nde empieza una y acaba otra\u00bb. <\/p>\n<p class=\"voc-p\" style=\"\">Sin embargo, Motos aprovechaba la visita del periodista para repasar lo m\u00e1s destacado de la actualidad. En el plano internacional, el presentador de los informativos de <strong>Antena 3<\/strong> sent\u00f3 c\u00e1tedra sobre las tensiones con Rusia, el papel de la OTAN, la separaci\u00f3n de intereses entre Estados Unidos y Europa, el plan de paz de <strong>Donald Trump<\/strong> para Gaza o la posibilidad de una Tercera Guerra Mundial. <\/p>\n<p class=\"voc-p\" style=\"\">Y como era de esperar, al cabo de la entrevista a colaci\u00f3n la pol\u00edtica espa\u00f1ola, un tema que \u00abno dar\u00eda solo para una novela, sino para una enciclopedia\u00bb, seg\u00fan Vall\u00e9s. El conductor de <strong>&#8216;El Hormiguero&#8217;<\/strong> formul\u00f3 en este sentido \u00abuna pregunta que no se si te hacen mucho\u00bb. \u00ab\u00bfAguantar\u00e1 <strong>Pedro S\u00e1nchez<\/strong> hasta 2027 en el Gobierno?\u00bb \u00abTodos los d\u00edas\u00bb, confes\u00f3 entre risas el invitado, aclarando que no es vidente y que si lo supiera lo contar\u00eda por televisi\u00f3n, \u00abes nuestro trabajo\u00bb. <\/p>\n<p class=\"voc-p\" style=\"\">En su opini\u00f3n,<strong> \u00abcontrariamente a lo que cree la mayor\u00eda de la gente est\u00e1 en un gran momento para \u00e9l\u00bb<\/strong>, asegur\u00f3, dejando extra\u00f1ado a Motos. El periodista argument\u00f3 la afirmaci\u00f3n remont\u00e1ndose a unas palabras que dijo el presidente del Gobierno hace dos a\u00f1os, en pleno proceso de investidura. \u00abAdvirti\u00f3 en una reuni\u00f3n del comit\u00e9 federal del PSOE que estaba dispuesto a gobernar con o sin el Parlamento. Y efectivamente, eso est\u00e1 haciendo. Cuando el Parlamento ha apoyado sus leyes a gobernado con \u00e9l y cuando no, gobierna sin el Parlamento. Hasta el punto de que se ten\u00edan que haber presentado hace 24 horas los Presupuestos Generales del Estado y por tercer a\u00f1o consecutivo no se ha hecho y todo sigue para adelante\u00bb. Adem\u00e1s, a\u00f1adi\u00f3 \u00abel Ejecutivo ha anunciado que seguir\u00e1 gobernando hace que sus socios de investidura sean completamente prescindibles\u00bb.<\/p>\n<p>\nLa actitud &#8216;trumpista&#8217; en pol\u00edtica se extiende en Europa\n<\/p>\n<p class=\"voc-p\" style=\"\"> \u00ab\u00bfVes alguna similitud entre Trump y <strong>Pedro S\u00e1nchez<\/strong>?\u00bb, inquiri\u00f3 el de Requena. Sobre el presidente estadounidense, <strong>Vicente Vall\u00e9s<\/strong> coment\u00f3 que ahora est\u00e1 actuando con mucha m\u00e1s libertad que durante su primer mandato. \u00ab\u00c9l lleg\u00f3 al poder en 2016 por sorpresa y no estaba preparado, de manera que se puso en manos de personas que estaban dentro del &#8216;establishment&#8217; de la \u00e9poca y manten\u00edan los l\u00edmites. Ahora ya no hay l\u00edmites\u00bb. <\/p>\n<p class=\"voc-p\" style=\"\">A la comparaci\u00f3n con el presidente espa\u00f1ol, el presentador matiz\u00f3 que ve similitudes entre actitudes &#8216;trumpistas&#8217; y las de algunos pol\u00edticos en occidente. \u00ab<strong>Pedro S\u00e1nchez<\/strong> puede tener algunas, pero tambi\u00e9n las tiene el presidente de Francia o el primer ministro brit\u00e1nico. Se han ido generalizando, normalizando, y por tanto, hay m\u00e1s pol\u00edticos que est\u00e1n utilizando ese tipo de t\u00e1cticas de comunicaci\u00f3n, esas formas de hacer pol\u00edtica que antes no se consideraban normales\u00bb, aclar\u00f3.<\/p>\n<p class=\"voc-p\" style=\"\">En referencia a esas actitudes normalizadas, Motos se refiri\u00f3 a los esc\u00e1ndalos que rodean a S\u00e1nchez. \u00abLa corrupci\u00f3n nunca debe considerarse normal, suponiendo que estemos hablando de casos de corrupci\u00f3n, que lo tendr\u00e1 que determinar la justicia. Estamos hablando de casos pol\u00e9micos en los que puede haber sospechas, pero la parte penal, si existe, queda en manos de los jueces\u00bb, reflexion\u00f3. Otra cuesti\u00f3n es la \u00e9tica, que a su juicio est\u00e1 en manos de los ciudadanos. \u00abY ah\u00ed lo que ocurre es que la \u00e9tica s\u00ed que debe ser fuente de decisiones pol\u00edticas m\u00e1s all\u00e1 de las consecuencias judiciales o no que pudiera haber. Determinados comportamientos que son poco \u00e9ticos deber\u00edan tener consecuencias pol\u00edticas, pero no las tiene\u00bb, sentenci\u00f3.<\/p>\n<p>Reportar un error<\/p>\n","protected":false},"excerpt":{"rendered":"02\/10\/2025 Actualizado 03\/10\/2025 a las 05:04h. &#8216;El Hormiguero&#8217; despidi\u00f3 invicto el mes de septiembre, y arranc\u00f3 octubre apostando&hellip;\n","protected":false},"author":2,"featured_media":154427,"comment_status":"","ping_status":"","sticky":false,"template":"","format":"standard","meta":{"footnotes":""},"categories":[171],"tags":[146,147,25,24,23,214,2976,13291],"class_list":{"0":"post-154426","1":"post","2":"type-post","3":"status-publish","4":"format-standard","5":"has-post-thumbnail","7":"category-tv","8":"tag-entertainment","9":"tag-entretenimiento","10":"tag-es","11":"tag-espana","12":"tag-spain","13":"tag-tv","14":"tag-valles","15":"tag-vicente"},"share_on_mastodon":{"url":"","error":""},"_links":{"self":[{"href":"https:\/\/www.europesays.com\/es\/wp-json\/wp\/v2\/posts\/154426","targetHints":{"allow":["GET"]}}],"collection":[{"href":"https:\/\/www.europesays.com\/es\/wp-json\/wp\/v2\/posts"}],"about":[{"href":"https:\/\/www.europesays.com\/es\/wp-json\/wp\/v2\/types\/post"}],"author":[{"embeddable":true,"href":"https:\/\/www.europesays.com\/es\/wp-json\/wp\/v2\/users\/2"}],"replies":[{"embeddable":true,"href":"https:\/\/www.europesays.com\/es\/wp-json\/wp\/v2\/comments?post=154426"}],"version-history":[{"count":0,"href":"https:\/\/www.europesays.com\/es\/wp-json\/wp\/v2\/posts\/154426\/revisions"}],"wp:featuredmedia":[{"embeddable":true,"href":"https:\/\/www.europesays.com\/es\/wp-json\/wp\/v2\/media\/154427"}],"wp:attachment":[{"href":"https:\/\/www.europesays.com\/es\/wp-json\/wp\/v2\/media?parent=154426"}],"wp:term":[{"taxonomy":"category","embeddable":true,"href":"https:\/\/www.europesays.com\/es\/wp-json\/wp\/v2\/categories?post=154426"},{"taxonomy":"post_tag","embeddable":true,"href":"https:\/\/www.europesays.com\/es\/wp-json\/wp\/v2\/tags?post=154426"}],"curies":[{"name":"wp","href":"https:\/\/api.w.org\/{rel}","templated":true}]}}