{"id":154436,"date":"2025-10-03T07:49:14","date_gmt":"2025-10-03T07:49:14","guid":{"rendered":"https:\/\/www.europesays.com\/es\/154436\/"},"modified":"2025-10-03T07:49:14","modified_gmt":"2025-10-03T07:49:14","slug":"israel-fernandez-actuara-en-alcala-dentro-del-festival-flamenco-provincial-duende","status":"publish","type":"post","link":"https:\/\/www.europesays.com\/es\/154436\/","title":{"rendered":"Israel Fern\u00e1ndez actuar\u00e1 en Alcal\u00e1 dentro del festival flamenco provincial \u2018Duende\u2019"},"content":{"rendered":"<p>El cantaor Israel Fern\u00e1ndez ofrecer\u00e1 un recital el domingo 2 de noviembre en el Auditorio Riberas del Guada\u00edra dentro del festival flamenco de la Diputaci\u00f3n de Sevilla \u2018Duende\u2019 que ha sido recientemente presentado con la participaci\u00f3n de la alcaldesa, Ana Isabel Jim\u00e9nez, y el delegado de Cultura, Christopher Rivas.<\/p>\n<p>Con este festival la Diputaci\u00f3n de Sevilla llevar\u00e1 el arte jondo a 15 municipios sevillanos desde el 16 de octubre al 28 de noviembre. Mar\u00eda Terremoto, Jos\u00e9 Merc\u00e9, Israel Fern\u00e1ndez, Rafael de Utrera, Jos\u00e9 Valencia y Argentina y los bailaores Farruquito y Manuel Li\u00f1\u00e1n son algunos de los artistas.<\/p>\n<p><img decoding=\"async\" src=\"https:\/\/www.europesays.com\/es\/wp-content\/uploads\/2025\/10\/9039-cr-flamenco-duende.jpg\"\/><\/p>\n<p>Por la extensi\u00f3n de la programaci\u00f3n y la calidad de los artistas \u2018Duende\u2019 es la gran apuesta cultural de la instituci\u00f3n para este oto\u00f1o y nace con vocaci\u00f3n de continuidad.<\/p>\n<p><img decoding=\"async\" src=\"https:\/\/www.europesays.com\/es\/wp-content\/uploads\/2025\/10\/9039-publico-duende.jpg\"\/><\/p>\n<p>Las entradas<\/p>\n<p>Las entradas para cada uno de los espect\u00e1culos, programados de jueves a domingo, se pondr\u00e1n a la venta el lunes de la semana en la que tengan lugar, a un precio unitario de 10 euros. El 50% de las entradas se podr\u00e1 adquirir online y el otro 50% se reserva para la venta f\u00edsica, en cada municipio en el que tenga lugar el espect\u00e1culo, para favorecer la asistencia de p\u00fablico local. Para el recital de Israel Fern\u00e1ndez las entradas estar\u00e1n disponibles el lunes 27 de octubre.<\/p>\n<p><img decoding=\"async\" src=\"https:\/\/www.europesays.com\/es\/wp-content\/uploads\/2025\/10\/9039-cartel-duende-foto-ok.jpg\"\/><\/p>\n<p>Programaci\u00f3n Festival Flamenco Duende<\/p>\n<p>\u2022 16 de octubre. Teatro Enrique de la Cuadra de Utrera. Mar\u00eda Terremoto, con su espect\u00e1culo Manifiesto.<\/p>\n<p>\u2022 17 de octubre. Casa de la Cultura de Bollullos de la Mitaci\u00f3n. Jos\u00e9 Merc\u00e9.<\/p>\n<p>\u2022 18 de octubre. Casa de la Cultura de Marinaleda. Israel Fern\u00e1ndez. Recital de Cante.<\/p>\n<p>\u2022 31 de octubre. Auditorio Pepe Marchena, de Marchena. Farruquito, con su espect\u00e1culo Con-Cierto Flamenco.<\/p>\n<p>\u2022 31 de octubre. Auditorio Rafael de Le\u00f3n de Tomares. Mar\u00eda Terremoto, con su espect\u00e1culo Manifiesto.<\/p>\n<p>\u2022 2 de noviembre. Teatro Riberas del Guada\u00edra. Israel Fern\u00e1ndez. Recital de Cante.<\/p>\n<p>\u2022 6 de noviembre. Casa de la Cultura de Sanl\u00facar la Mayor. Rafael de Utrera, con su espect\u00e1culo Mi Tri\u00e1ngulo.<\/p>\n<p>\u2022 6 de noviembre. Teatro \u00c1lvarez Quintero de Osuna. Jos\u00e9 Valencia, con el espect\u00e1culo Mi camino.<\/p>\n<p>\u2022 8 de noviembre. Teatro Juan Bernab\u00e9 de Lebrija. Manuel Li\u00f1\u00e1n, con el espect\u00e1culo Muerta de Amor.<\/p>\n<p>\u2022 8 de noviembre. Teatro Municipal Antonio Machado de El Viso del Alcor. Rafael de Utrera, con su espect\u00e1culo Mi Tri\u00e1ngulo.<\/p>\n<p>\u2022 14 de noviembre. Teatro Calixto S\u00e1nchez de Mairena del Alcor. Argentina, con su espect\u00e1culo Sonoridad M.<\/p>\n<p>\u2022 14 de noviembre. Centro Cultural de la Villa de La Rinconada. Artista por determinar.<\/p>\n<p>\u2022 15 de noviembre. Teatro Oriente de Mor\u00f3n. Argentina, con su espect\u00e1culo Sonoridad M.<\/p>\n<p>\u2022 20 de noviembre. Teatro Juan Rodr\u00edguez Romero de Dos Hermanas. Farruquito, con su espect\u00e1culo Con-Cierto Flamenco.<\/p>\n<p>\u2022 28 de noviembre. Teatro de la Villa de Mairena del Aljarafe. Jos\u00e9 Valencia, con el espect\u00e1culo Mi camino.<\/p>\n","protected":false},"excerpt":{"rendered":"El cantaor Israel Fern\u00e1ndez ofrecer\u00e1 un recital el domingo 2 de noviembre en el Auditorio Riberas del Guada\u00edra&hellip;\n","protected":false},"author":2,"featured_media":154437,"comment_status":"","ping_status":"","sticky":false,"template":"","format":"standard","meta":{"footnotes":""},"categories":[91],"tags":[24471,24470,24478,24469,1250,777,209,24474,168,24489,2026,24491,146,147,24480,25,24,24488,24487,24490,24492,24473,2178,3624,15235,891,6850,6688,24483,24054,24497,4044,24493,10,24477,24482,24415,24472,12365,24496,1922,24485,24481,24479,24475,24484,19497,24486,1171,23,24494,24476,4664,24495],"class_list":{"0":"post-154436","1":"post","2":"type-post","3":"status-publish","4":"format-standard","5":"has-post-thumbnail","7":"category-entretenimiento","8":"tag-accesibilidad","9":"tag-administracion-electronica","10":"tag-agenda-de-actividades","11":"tag-alcala-de-guadaira","12":"tag-ayuntamiento","13":"tag-ciudad","14":"tag-cultura","15":"tag-datos-abiertos","16":"tag-deportes","17":"tag-desarrollo-economico","18":"tag-educacion","19":"tag-edusi","20":"tag-entertainment","21":"tag-entretenimiento","22":"tag-equipamientos","23":"tag-es","24":"tag-espana","25":"tag-feria-de-alcala","26":"tag-fiestas-mayores","27":"tag-formacion-y-empleo","28":"tag-gestion-tributaria","29":"tag-gobierno-abierto","30":"tag-igualdad","31":"tag-infancia","32":"tag-infraestructura","33":"tag-inmigrantes","34":"tag-juventud","35":"tag-medio-ambiente","36":"tag-molinos","37":"tag-movilidad-urbana","38":"tag-movilidad-y-transporte","39":"tag-mujeres","40":"tag-museo-de-alcala","41":"tag-noticias","42":"tag-oferta-de-empleo","43":"tag-oromana","44":"tag-participacion-ciudadana","45":"tag-personas-con-discapacidad","46":"tag-personas-mayores","47":"tag-punto-limpio","48":"tag-redes-sociales","49":"tag-secretaria","50":"tag-sede-electronica","51":"tag-servicio-de-quejas-y-sugerencias","52":"tag-servicios-destacados","53":"tag-servicios-municipales","54":"tag-servicios-sociales","55":"tag-servicios-urbanos","56":"tag-sevilla","57":"tag-spain","58":"tag-teatro-auditorio-riberas-del-guadaira","59":"tag-tramites-y-servicios","60":"tag-turismo","61":"tag-universidad-popular"},"share_on_mastodon":{"url":"","error":""},"_links":{"self":[{"href":"https:\/\/www.europesays.com\/es\/wp-json\/wp\/v2\/posts\/154436","targetHints":{"allow":["GET"]}}],"collection":[{"href":"https:\/\/www.europesays.com\/es\/wp-json\/wp\/v2\/posts"}],"about":[{"href":"https:\/\/www.europesays.com\/es\/wp-json\/wp\/v2\/types\/post"}],"author":[{"embeddable":true,"href":"https:\/\/www.europesays.com\/es\/wp-json\/wp\/v2\/users\/2"}],"replies":[{"embeddable":true,"href":"https:\/\/www.europesays.com\/es\/wp-json\/wp\/v2\/comments?post=154436"}],"version-history":[{"count":0,"href":"https:\/\/www.europesays.com\/es\/wp-json\/wp\/v2\/posts\/154436\/revisions"}],"wp:featuredmedia":[{"embeddable":true,"href":"https:\/\/www.europesays.com\/es\/wp-json\/wp\/v2\/media\/154437"}],"wp:attachment":[{"href":"https:\/\/www.europesays.com\/es\/wp-json\/wp\/v2\/media?parent=154436"}],"wp:term":[{"taxonomy":"category","embeddable":true,"href":"https:\/\/www.europesays.com\/es\/wp-json\/wp\/v2\/categories?post=154436"},{"taxonomy":"post_tag","embeddable":true,"href":"https:\/\/www.europesays.com\/es\/wp-json\/wp\/v2\/tags?post=154436"}],"curies":[{"name":"wp","href":"https:\/\/api.w.org\/{rel}","templated":true}]}}