{"id":154442,"date":"2025-10-03T07:52:07","date_gmt":"2025-10-03T07:52:07","guid":{"rendered":"https:\/\/www.europesays.com\/es\/154442\/"},"modified":"2025-10-03T07:52:07","modified_gmt":"2025-10-03T07:52:07","slug":"putin-acusa-a-kiev-de-juego-peligroso-por-ataques-zaporiyia-dw-03-10-2025","status":"publish","type":"post","link":"https:\/\/www.europesays.com\/es\/154442\/","title":{"rendered":"Putin acusa a Kiev de juego peligroso por ataques Zaporiyia \u2013 DW \u2013 03\/10\/2025"},"content":{"rendered":"<p>El presidente de <a class=\"internal-link\" href=\"https:\/\/www.dw.com\/es\/rusia\/t-17410119\" rel=\"nofollow noopener\" target=\"_blank\">Rusia<\/a>, <a class=\"internal-link\" href=\"https:\/\/www.dw.com\/es\/vladimir-putin\/t-17409853\" rel=\"nofollow noopener\" target=\"_blank\">Vlad\u00edmir Putin<\/a>, acus\u00f3 este jueves (02.10.2025) a Ucrania de practicar un \u00abjuego peligroso\u00bb con ataques a las infraestructuras de la central nuclear ucraniana de Zaporiyia, controlada desde marzo de 2022 por las fuerzas rusas.<\/p>\n<p>Seg\u00fan dijo Putin en el Club de Debate Vald\u00e1i, en la ciudad rusa de Sochi, las fuerzas ucranianas \u00abintentan atacar la zona que rodea la central\u00bb, y han golpeado el centro de entrenamiento de la instalaci\u00f3n.<\/p>\n<p>\u00abEs un juego peligroso, y la gente del otro bando tambi\u00e9n deber\u00eda entenderlo. Si juegan tan arriesgadamente, a\u00fan tienen centrales nucleares en funcionamiento de su lado. \u00bfQu\u00e9 nos impide responder de la misma manera?\u00bb, advirti\u00f3.<\/p>\n<p>Por el momento, la situaci\u00f3n en la central est\u00e1 \u00abbajo control\u00bb, pese a que los especialistas rusos no pueden acceder a todas las zonas atacadas por las fuerzas ucranianas para realizar labores de reparaci\u00f3n, asegur\u00f3 Putin.\u00a0<\/p>\n<p>\u00abAbsurdas acusaciones\u00bb<\/p>\n<p>El presidente ruso calific\u00f3 de absurdas las acusaciones de que son las fuerzas rusas las que bombardean la planta nuclear, que est\u00e1 bajo su propio control.<\/p>\n<p>\u00ab\u00bfNos bombardeamos a nosotros mismos? Obviamente, eso es un disparate\u00bb, dijo.<\/p>\n<p>Putin asegur\u00f3 que el personal del OIEA presente en la central guarda silencio, pero sabe lo que est\u00e1 pasando.<\/p>\n<p>El presidente de <a class=\"internal-link\" href=\"https:\/\/www.dw.com\/es\/ucrania\/t-36925922\" rel=\"nofollow noopener\" target=\"_blank\">Ucrania<\/a>, <a class=\"internal-link\" href=\"https:\/\/www.dw.com\/es\/zelenski-volodimir\/t-47318346\" rel=\"nofollow noopener\" target=\"_blank\">Volod\u00edmir Zelenski<\/a>, dijo hoy que la central nuclear de Zaporiyia, la mayor de Europa y controlada por Rusia desde los primeros d\u00edas de la guerra, lleva ocho d\u00edas parada debido a bombardeos rusos cerca de la infraestructura que da\u00f1aron las l\u00edneas el\u00e9ctricas que la conectan al sistema.<\/p>\n<p>El presidente ucraniano pidi\u00f3 que Rusia d\u00e9 acceso a especialistas ucranianos para reconectar la central al sistema el\u00e9ctrico y restablecer su actividad.<\/p>\n<p>mg (efe, afp, reuters)<\/p>\n<p>\u00a0<\/p>\n","protected":false},"excerpt":{"rendered":"El presidente de Rusia, Vlad\u00edmir Putin, acus\u00f3 este jueves (02.10.2025) a Ucrania de practicar un \u00abjuego peligroso\u00bb con&hellip;\n","protected":false},"author":2,"featured_media":154443,"comment_status":"","ping_status":"","sticky":false,"template":"","format":"standard","meta":{"footnotes":""},"categories":[42],"tags":[17,18,13,14,11,61,62,63,64,19,20,9,10,15,16,12,21,22,65,66,67],"class_list":{"0":"post-154442","1":"post","2":"type-post","3":"status-publish","4":"format-standard","5":"has-post-thumbnail","7":"category-internacional","8":"tag-breaking-news","9":"tag-breakingnews","10":"tag-featured-news","11":"tag-featurednews","12":"tag-headlines","13":"tag-internacional","14":"tag-international","15":"tag-international-news","16":"tag-internationalnews","17":"tag-latest-news","18":"tag-latestnews","19":"tag-news","20":"tag-noticias","21":"tag-noticias-destacadas","22":"tag-noticiasdestacadas","23":"tag-titulares","24":"tag-ultimas-noticias","25":"tag-ultimasnoticias","26":"tag-world","27":"tag-world-news","28":"tag-worldnews"},"share_on_mastodon":{"url":"","error":""},"_links":{"self":[{"href":"https:\/\/www.europesays.com\/es\/wp-json\/wp\/v2\/posts\/154442","targetHints":{"allow":["GET"]}}],"collection":[{"href":"https:\/\/www.europesays.com\/es\/wp-json\/wp\/v2\/posts"}],"about":[{"href":"https:\/\/www.europesays.com\/es\/wp-json\/wp\/v2\/types\/post"}],"author":[{"embeddable":true,"href":"https:\/\/www.europesays.com\/es\/wp-json\/wp\/v2\/users\/2"}],"replies":[{"embeddable":true,"href":"https:\/\/www.europesays.com\/es\/wp-json\/wp\/v2\/comments?post=154442"}],"version-history":[{"count":0,"href":"https:\/\/www.europesays.com\/es\/wp-json\/wp\/v2\/posts\/154442\/revisions"}],"wp:featuredmedia":[{"embeddable":true,"href":"https:\/\/www.europesays.com\/es\/wp-json\/wp\/v2\/media\/154443"}],"wp:attachment":[{"href":"https:\/\/www.europesays.com\/es\/wp-json\/wp\/v2\/media?parent=154442"}],"wp:term":[{"taxonomy":"category","embeddable":true,"href":"https:\/\/www.europesays.com\/es\/wp-json\/wp\/v2\/categories?post=154442"},{"taxonomy":"post_tag","embeddable":true,"href":"https:\/\/www.europesays.com\/es\/wp-json\/wp\/v2\/tags?post=154442"}],"curies":[{"name":"wp","href":"https:\/\/api.w.org\/{rel}","templated":true}]}}