{"id":154444,"date":"2025-10-03T07:53:06","date_gmt":"2025-10-03T07:53:06","guid":{"rendered":"https:\/\/www.europesays.com\/es\/154444\/"},"modified":"2025-10-03T07:53:06","modified_gmt":"2025-10-03T07:53:06","slug":"sanchez-sopesa-la-reaccion-ante-israel-con-la-presion-de-su-socio-de-gobierno","status":"publish","type":"post","link":"https:\/\/www.europesays.com\/es\/154444\/","title":{"rendered":"S\u00e1nchez sopesa la reacci\u00f3n ante Israel con la presi\u00f3n de su socio de Gobierno"},"content":{"rendered":"<p data-gtm-element-container=\"modulo-texto-link\" class=\"paragraph\">\u201cEsta madrugada no hemos podido dormir mucho\u201d, admiti\u00f3 ayer Pedro S\u00e1nchez, antes de participar en la cumbre de la Comunidad Pol\u00edtica Europea en Copenhague, tras haber permanecido la v\u00edspera muy pendiente, hasta altas horas de la noche, de la suerte que corr\u00eda la flotilla humanitaria que se dirig\u00eda a Gaza, una vez interceptada por buques militares israel\u00edes.<\/p>\n<p data-gtm-element-container=\"modulo-texto-link\" class=\"paragraph\">El jefe del Ejecutivo ya inst\u00f3 el d\u00eda anterior a Benjamin Netanyahu a no atacar a la flotilla, que ayer reiter\u00f3 que \u201cno representa ning\u00fan peligro para el Gobierno de Israel\u201d, por lo que confi\u00f3 en que la reacci\u00f3n del Estado hebreo \u201cno represente ninguna amenaza tampoco para la flotilla\u201d. Pero, una vez ya detenidos y pendientes de deportaci\u00f3n sus integrantes \u2013entre ellos, la exalcaldesa de Barcelona Ada Colau\u2013, S\u00e1nchez reclam\u00f3 a Netanyahu que respete \u201clos derechos\u201d de los activistas.<\/p>\n<p data-gtm-element-container=\"modulo-texto-link\" class=\"paragraph\">En todo caso, advirti\u00f3: \u201cDesde Espa\u00f1a vamos a garantizar la protecci\u00f3n diplom\u00e1tica y de los derechos que puedan ser menoscabados por la acci\u00f3n del Gobierno israel\u00ed\u201d. El mundo, record\u00f3, est\u00e1 mirando: \u201cTodas las sociedades del mundo est\u00e1n manifestando su solidaridad humanitaria con la tragedia que se est\u00e1 viviendo en Gaza\u201d.<\/p>\n<p>\u201cEstudiaremos cualquier tipo de acci\u00f3n\u201d, advierte el presidente, cuando regresen los activistas<\/p>\n<p data-gtm-element-container=\"modulo-texto-link\" class=\"paragraph\">Miles de estudiantes, de hecho, se manifestaron ayer, en la plaza de Sant Jaume de Barcelona, en la Puerta del Sol de Madrid y en otras muchas ciudades espa\u00f1olas, ante la detenci\u00f3n de la flotilla, para exigir el fin del \u201cgenocidio\u201d en Gaza.<\/p>\n<p data-gtm-element-container=\"modulo-texto-link\" class=\"paragraph\">Pero la detenci\u00f3n de la flotilla, como ya ocurri\u00f3 ante el plan de paz para Gaza de Donald Trump, est\u00e1 reabriendo las tensiones en el seno del Gobierno de coalici\u00f3n entre el PSOE y Sumar. Unas discrepancias que hab\u00edan quedado solo en parte superadas con el acuerdo del decreto ley para el embargo total de armas a Israel, que se votar\u00e1 el pr\u00f3ximo martes en el Congreso \u2013justo cuando se cumple el segundo aniversario de los ataques terroristas de Hamas\u2013 sin garant\u00edas de convalidaci\u00f3n por la posici\u00f3n muy cr\u00edtica que mantiene Podemos.<\/p>\n<p data-gtm-element-container=\"modulo-texto-link\" class=\"paragraph\">La formaci\u00f3n que lidera Yolanda D\u00edaz conden\u00f3 \u201cel ataque de Israel contra la flotilla\u201d, y lo consider\u00f3 \u201cuna violaci\u00f3n de la legalidad internacional\u201d, ante lo que volvi\u00f3 a demandar la ruptura de todas las relaciones de la UE con el Estado hebreo. Y sus ministros salieron en tromba: Ernest Urtasun denunci\u00f3 el \u201cacto de pirater\u00eda\u201d de Israel, Sira Rego pidi\u00f3 la expulsi\u00f3n de la misi\u00f3n diplom\u00e1tica hebrea en Espa\u00f1a, y Pablo Bustinduy zanj\u00f3: \u201cNi el Gobierno espa\u00f1ol ni ning\u00fan Gobierno ha hecho lo suficiente para impedir este lamentable desenlace\u201d.<\/p>\n<p>El ministro Bustinduy resalta la discrepancia desde Sumar: \u201cEl Gobierno no ha hecho lo suficiente\u201d<\/p>\n<p data-gtm-element-container=\"modulo-texto-link\" class=\"paragraph\">Preguntado por las demandas de Sumar, S\u00e1nchez opt\u00f3 por la prudencia: \u201cVamos a estudiar todos los aspectos de esta cuesti\u00f3n\u201d, aleg\u00f3. Sin descartar nada, no obstante. \u201cPara nosotros, ahora mismo, lo m\u00e1s importante es la seguridad de nuestros compatriotas y que regresen pronto a casa. A partir de ah\u00ed, estudiaremos cualquier tipo de acci\u00f3n\u201d, admiti\u00f3.<\/p>\n<p data-gtm-element-container=\"modulo-texto-link\" class=\"paragraph\">Por lo pronto, el ministro de Asuntos Exteriores, Jos\u00e9 Manuel Albares, volvi\u00f3 a convocar a la encargada de negocios de la embajada israel\u00ed en Madrid, Dana Elrich, para protestar por la detenci\u00f3n de los activistas. Prosigue as\u00ed la escalada de tensi\u00f3n diplom\u00e1tica abierta entre ambos pa\u00edses hace ya dos a\u00f1os. Netanyahu, de hecho, ya retir\u00f3 a su embajadora, Rodica Radian-Gordon, en mayo del 2024, cuando Espa\u00f1a reconoci\u00f3 al Estado de Palestina.<\/p>\n<p data-gtm-element-container=\"modulo-texto-link\" class=\"paragraph\">Albares tambi\u00e9n anunci\u00f3 el desplazamiento del c\u00f3nsul espa\u00f1ol en Tel Aviv, junto a dos miembros de la Guardia Civil \u2013uno de ellos, agregado de Interior\u2013, para atender a los 65 activistas espa\u00f1oles. El titular de Exteriores resalt\u00f3 as\u00ed el objetivo de preservar \u201csu integridad f\u00edsica y sus derechos\u201d, y que regresen lo antes posible a Espa\u00f1a \u201cen total libertad\u201d, dijo en TVE.<\/p>\n<p>El Ejecutivo rechaza las burlas sobre la flotilla que atribuye a una \u201cderecha cruel y extremista\u201d<\/p>\n<p data-gtm-element-container=\"modulo-texto-link\" class=\"paragraph\">La Fiscal\u00eda, por otra parte, incluy\u00f3 la interceptaci\u00f3n de la flotilla en su investigaci\u00f3n sobre posibles cr\u00edmenes contra la humanidad del Ej\u00e9rcito hebreo en Gaza. Estas actuaciones del Ministerio P\u00fablico, que arrancaron a petici\u00f3n de la fiscal de sala de Derechos Humanos, la exministra Dolores Delgado, en el marco de los procedimientos abiertos por la Corte Internacional de Justicia y la Corte Penal Internacional, ya fueron bienvenidas por el Gobierno.<\/p>\n<p data-gtm-element-container=\"modulo-texto-link\" class=\"paragraph\">La crisis de la flotilla agit\u00f3 el ya convulso escenario pol\u00edtico, y provoc\u00f3 la suspensi\u00f3n del pleno en el Parlament de Catalunya al tiempo que gener\u00f3 una enorme bronca en la Asamblea de Madrid. Isabel D\u00edaz Ayuso se burl\u00f3 de lo que tach\u00f3 de \u201casamblea de facultad flotante\u201d, y su portavoz, Carlos D\u00edaz-Pache, de la \u201cbatucada por el Mediterr\u00e1neo\u201d. El secretario general del PP, Miguel Tellado, aprovech\u00f3 para criticar que S\u00e1nchez encontr\u00f3 en la flotilla una nueva \u201ccortina de humo\u201d para \u201ctapar las miserias de su Gobierno\u201d.<\/p>\n<p>    Lee tambi\u00e9n<\/p>\n<p data-gtm-element-container=\"modulo-texto-link\" class=\"paragraph\">\u201cNinguna duda de que esta derecha cruel y extremista se habr\u00eda burlado de Rosa Parks cuando la sacaban a la fuerza de aquel autob\u00fas\u201d, replic\u00f3 a su vez el ministro de la Presidencia y Justicia, F\u00e9lix Bola\u00f1os.<\/p>\n<p>Contra Colau y la flotilla<br \/>\nAyuso lidera las mofas del PP\u00a0<\/p>\n<p class=\"module-text\">El pleno de la Asamblea de Madrid estall\u00f3 ayer con Gaza como tel\u00f3n de fondo y una bandera palestina como detonante. El emblema, colocado sobre el esca\u00f1o vac\u00edo de la diputada de M\u00e1s Madrid Jimena Gonz\u00e1lez \u2013embarcada en la flotilla interceptada por el ej\u00e9rcito de Israel\u2013, acab\u00f3 siendo retirado por orden del presidente de la C\u00e1mara, Enrique Ossorio (PP), entre protestas de la oposici\u00f3n. Pero el ambiente ya ven\u00eda caldeado por las mofas de los populares a costa de los activistas asegurando que, con los arrestos, \u201cse est\u00e1 poniendo fin a la batucada del Mediterr\u00e1neo\u201d. Isabel D\u00edaz Ayuso capitane\u00f3 las burlas asegurando que, ahora que los integrantes \u201cya se han dado el ba\u00f1o\u201d , podr\u00e1n vivir de \u201csubvenciones para chiringuitos, teatro y cine\u201d. Y su portavoz, Carlos D\u00edaz Pache, ampli\u00f3 las chanzas bautizando a M\u00e1s Madrid como \u201cHamas Madrid\u201d por participar de una expedici\u00f3n fletada \u201cpara hacer el indio\u201d. Incluso ironiz\u00f3 con Ada Colau \u2013la exalcaldesa de Barcelona es una de las arrestadas\u2013 ridiculiz\u00e1ndola como \u201cesa gran hero\u00edna que se ha sacrificado por todos para ba\u00f1arse en las calas de Ibiza y las islas griegas\u201d. En su r\u00e9plica, la portavoz de M\u00e1s Madrid, Manuela Bergerot, hizo su propio diagn\u00f3stico de \u201cla huida hacia adelante\u201d del PP para no reconocer el \u201cgenocidio\u201d del Gobierno de Netanyahu. Y advirti\u00f3 a la presidenta de la Comunidad de que cada vez est\u00e1 \u201cm\u00e1s alejada\u201d de la ciudadan\u00eda. \/<strong>\u00a0Asier Martiarena<\/strong><\/p>\n","protected":false},"excerpt":{"rendered":"\u201cEsta madrugada no hemos podido dormir mucho\u201d, admiti\u00f3 ayer Pedro S\u00e1nchez, antes de participar en la cumbre de&hellip;\n","protected":false},"author":2,"featured_media":154445,"comment_status":"","ping_status":"","sticky":false,"template":"","format":"standard","meta":{"footnotes":""},"categories":[8],"tags":[17,18,25,24,13,14,11,19,20,9,10,15,16,23,12,21,22],"class_list":{"0":"post-154444","1":"post","2":"type-post","3":"status-publish","4":"format-standard","5":"has-post-thumbnail","7":"category-espana","8":"tag-breaking-news","9":"tag-breakingnews","10":"tag-es","11":"tag-espana","12":"tag-featured-news","13":"tag-featurednews","14":"tag-headlines","15":"tag-latest-news","16":"tag-latestnews","17":"tag-news","18":"tag-noticias","19":"tag-noticias-destacadas","20":"tag-noticiasdestacadas","21":"tag-spain","22":"tag-titulares","23":"tag-ultimas-noticias","24":"tag-ultimasnoticias"},"share_on_mastodon":{"url":"","error":""},"_links":{"self":[{"href":"https:\/\/www.europesays.com\/es\/wp-json\/wp\/v2\/posts\/154444","targetHints":{"allow":["GET"]}}],"collection":[{"href":"https:\/\/www.europesays.com\/es\/wp-json\/wp\/v2\/posts"}],"about":[{"href":"https:\/\/www.europesays.com\/es\/wp-json\/wp\/v2\/types\/post"}],"author":[{"embeddable":true,"href":"https:\/\/www.europesays.com\/es\/wp-json\/wp\/v2\/users\/2"}],"replies":[{"embeddable":true,"href":"https:\/\/www.europesays.com\/es\/wp-json\/wp\/v2\/comments?post=154444"}],"version-history":[{"count":0,"href":"https:\/\/www.europesays.com\/es\/wp-json\/wp\/v2\/posts\/154444\/revisions"}],"wp:featuredmedia":[{"embeddable":true,"href":"https:\/\/www.europesays.com\/es\/wp-json\/wp\/v2\/media\/154445"}],"wp:attachment":[{"href":"https:\/\/www.europesays.com\/es\/wp-json\/wp\/v2\/media?parent=154444"}],"wp:term":[{"taxonomy":"category","embeddable":true,"href":"https:\/\/www.europesays.com\/es\/wp-json\/wp\/v2\/categories?post=154444"},{"taxonomy":"post_tag","embeddable":true,"href":"https:\/\/www.europesays.com\/es\/wp-json\/wp\/v2\/tags?post=154444"}],"curies":[{"name":"wp","href":"https:\/\/api.w.org\/{rel}","templated":true}]}}