{"id":154446,"date":"2025-10-03T07:54:09","date_gmt":"2025-10-03T07:54:09","guid":{"rendered":"https:\/\/www.europesays.com\/es\/154446\/"},"modified":"2025-10-03T07:54:09","modified_gmt":"2025-10-03T07:54:09","slug":"seguimos-trabajando-por-una-mayor-conexion-con-el-tejido-industrial-de-la-comarca-y-para-potenciar-la-internacionalizacion-en-el-campus-bahia-de-algeciras-portal-uca","status":"publish","type":"post","link":"https:\/\/www.europesays.com\/es\/154446\/","title":{"rendered":"\u201cSeguimos trabajando por una mayor conexi\u00f3n con el tejido industrial de la comarca y para potenciar la internacionalizaci\u00f3n en el Campus Bah\u00eda de Algeciras\u201d \u2013 Portal UCA"},"content":{"rendered":"<blockquote>\n<p><strong>Mar\u00eda de la Luz Mart\u00edn, vicerrectora del Campus Bah\u00eda de Algeciras, destaca las sinergias que se han establecido entre las empresas del Campo de Gibraltar y el entorno universitario<\/strong><\/p>\n<\/blockquote>\n<p>Al contrario de lo que se\u00f1alaba Joaqu\u00edn Sabina en su canci\u00f3n, las mejores promesas son esas que hay que cumplir. Una de las l\u00edneas que marc\u00f3 en su candidatura al Rectorado Casimiro Mantell fue la creaci\u00f3n de un Vicerrectorado del Campus de Algeciras. Es por eso que, cuando tom\u00f3 posesi\u00f3n como rector, se puso en marcha esta nueva unidad de Gobierno, a cuyo frente est\u00e1 Mar\u00eda de la Luz Mart\u00edn. La vicerrectora se\u00f1ala que la situaci\u00f3n geogr\u00e1fica del campus hac\u00eda necesaria la creaci\u00f3n de este \u00f3rgano, que debe coordinar competencias que ata\u00f1en al alumnado, al profesorado, a las infraestructuras y tambi\u00e9n a las relaciones con empresas e instituciones del entorno. En esta entrevista, se\u00f1ala los retos que afronta el campus ante los cambios industriales que se avecinan en la Bah\u00eda de Algeciras y la llegada de las nuevas titulaciones a sus aulas.<\/p>\n<p><strong>La Universidad de C\u00e1diz mantiene un firme compromiso con su entorno. En el caso del Campo de Gibraltar, \u00bfc\u00f3mo se articula esa relaci\u00f3n con un territorio que presenta unas caracter\u00edsticas geogr\u00e1ficas y socioecon\u00f3micas tan particulares?<\/strong><\/p>\n<p>\u00a0La Universidad de C\u00e1diz tiene una clara vinculaci\u00f3n con este territorio a trav\u00e9s del Campus Bah\u00eda de Algeciras y la presencia de este Vicerrectorado. Es fundamental que nuestra Universidad est\u00e9 conectada a este entorno industrial y portuario, necesitamos buscar sinergias y proyectos para nuestros estudiantes y para la actividad investigadora y de transferencia de nuestra universidad. De hecho, este Vicerrectorado se crea con el firme prop\u00f3sito de generar proyectos e iniciativas dise\u00f1adas espec\u00edficamente para este entorno con enormes potencialidades. Debemos ser capaces de dar respuesta a la demanda de formaci\u00f3n, as\u00ed como de investigaci\u00f3n y transferencia que surge del entorno industrial y portuario en el que se ubica este Campus. Este contexto requiere que la Universidad sea el motor que promueva esa colaboraci\u00f3n constante entre la instituci\u00f3n y las empresas. <\/p>\n<p>\u00a0Por otra parte, la situaci\u00f3n estrat\u00e9gica de este campus favorece la apuesta por proyectos que fomenten la internacionalizaci\u00f3n de nuestra universidad, a trav\u00e9s de programas concretos en materia formativa, de movilidad o intercambio cultural y para ello, en este Campus, tambi\u00e9n contamos con el Aula Universitaria del Estrecho. \u00a0Debemos seguir trabajando con esos dos firmes prop\u00f3sitos, una mayor conexi\u00f3n con el tejido industrial y portuario de la comarca y, apoy\u00e1ndonos en la situaci\u00f3n estrat\u00e9gica del Campus, promover la internacionalizaci\u00f3n de nuestra Universidad.<\/p>\n<p>\u00a0<strong style=\"letter-spacing: -0.06px;\">\u00bfQu\u00e9 implicaciones tiene en la gesti\u00f3n diaria del Campus Bah\u00eda de Algeciras su localizaci\u00f3n con respecto al resto de sedes de la Universidad de C\u00e1diz?<\/strong><\/p>\n<p>\u00a0Todos somos conscientes de que el Campus Bah\u00eda de Algeciras tiene ciertas singularidades. En primer lugar, este Campus es el m\u00e1s alejado de nuestro Rectorado y de las principales unidades y servicios de nuestra Universidad. En principio, este hecho no debe suponer un h\u00e1ndicap, pero en la pr\u00e1ctica s\u00ed lo es; de ah\u00ed la presencia de este Vicerrectorado de Campus. <\/p>\n<p>\u00a0Por eso, es un factor clave el tener todos los servicios a disposici\u00f3n de la comunidad del Campus: cultura, atenci\u00f3n al estudiante, deportes, OTRI, internacionales. S\u00f3lo as\u00ed es posible dar respuesta a nuestra comunidad universitaria. \u00a0Otra singularidad es el hecho de estar junto al importante complejo industrial y portuario de la Comarca, este contexto hace que en la gesti\u00f3n diaria de este Vicerrectorado est\u00e9n muy presentes las propuestas y proyectos de la mano de este tejido industrial y empresarial. <\/p>\n<p>\u00a0Tambi\u00e9n quisiera se\u00f1alar que el d\u00eda a d\u00eda de este Vicerrectorado tiene bastante de caj\u00f3n de sastre. Llegan consultas, dudas y problemas de nuestros estudiantes, de infraestructuras, del profesorado, de investigaci\u00f3n, de alojamiento, y para todos ellos este Vicerrectorado debe estar. El d\u00eda a d\u00eda de este Vicerrectorado no es homog\u00e9neo, es una mezcla de asuntos y elementos diversos y variados; y precisamente esta caracter\u00edstica es lo que hace que la actividad de este Vicerrectorado sea m\u00e1s ilusionante, y al mismo tiempo, un reto al que nos enfrentamos. <\/p>\n<p>\u00a0<\/p>\n<p><strong>La creaci\u00f3n del Vicerrectorado para la Bah\u00eda de Algeciras fue una de las propuestas m\u00e1s firmes del rector, Casimiro Mantell, durante su candidatura. \u00bfQu\u00e9 necesidades ven\u00eda a cubrir esta nueva unidad de gobierno y qu\u00e9 balance puede hacerse desde su puesta en marcha?<\/strong><\/p>\n<p>\u00a0En la candidatura de nuestro rector qued\u00f3 manifiesta la apuesta por este Campus, y as\u00ed queda reflejado en las propuestas dise\u00f1adas espec\u00edficamente para su desarrollo. El resultado de esta apuesta del rector es un proyecto s\u00f3lido con propuestas claras cuyo fin es potenciar este Campus, su oferta acad\u00e9mica, la investigaci\u00f3n y transferencia, la vida universitaria, la conexi\u00f3n con el tejido industrial y la mejora de las instalaciones y servicios. Un proyecto ambicioso que empieza a tener resultados a trav\u00e9s de una nueva oferta acad\u00e9mica atractiva, diferenciadora y ligada al territorio, un impulso en el proyecto deportivo del Campus, de las c\u00e1tedras de empresa, de m\u00e1s convenios y proyectos con el tejido empresarial, mayor visibilidad de la oferta acad\u00e9mica y una mayor presencia de la Universidad en la comarca. A\u00fan quedan muchos retos a los que debemos enfrentarnos y propuestas para seguir mejorando.<\/p>\n<p>\u00a0<strong>Este a\u00f1o, la ETSIA conmemora su 50.\u00ba aniversario. \u00bfC\u00f3mo ha sido su evoluci\u00f3n en la comarca del Campo de Gibraltar y qu\u00e9 papel ha desempe\u00f1ado en el desarrollo formativo e industrial del entorno?<\/strong><\/p>\n<p>La ETSIA es un centro clave en el origen y desarrollo de este Campus. En este Centro se impartieron las primeras titulaciones y no fue una casualidad. La Escuela naci\u00f3 para dar respuesta a la necesidad de profesionales para las empresas que empezaban a conformar el polo industrial de nuestra comarca. Podemos decir que sin este polo industrial, no tendr\u00edamos la ETSIA en este Campus. Esos primeros pasos permitieron establecer una relaci\u00f3n con el entorno que facilitaron la creaci\u00f3n de las c\u00e1tedras de empresa, una oferta de pr\u00e1cticas y proyectos de investigaci\u00f3n y transferencia. Son muchas las promociones de ingenieros que est\u00e1n ya en el mercado laboral y que, con el paso de los a\u00f1os, han vuelto para continuar con su formaci\u00f3n. <\/p>\n<p>\u00a0<strong>El Campus de Algeciras mantiene una relaci\u00f3n consolidada con el tejido industrial de su entorno. \u00bfQu\u00e9 estrategias y acciones han permitido fortalecer esa colaboraci\u00f3n entre universidad y empresa?<\/strong><\/p>\n<p>Una herramienta estrat\u00e9gica de este Campus para esa colaboraci\u00f3n universidad-empresa es la existencia de las C\u00e1tedras de empresa. Es cierto que estas relaciones ya exist\u00edan desde hace mucho, pero con las c\u00e1tedras ha sido posible definir un marco de colaboraci\u00f3n y eso se traduce en una mayor agilidad en los proyectos. A trav\u00e9s de ellas es posible ofertar una formaci\u00f3n m\u00e1s especializada, realizar pr\u00e1cticas de empresas, dise\u00f1ar microcredenciales o fomentar la realizaci\u00f3n de tesis doctorales industriales. <\/p>\n<p>\u00a0Otra apuesta decisiva de este equipo rectoral y que nos conecta al tejido industrial ha sido el impulso de la Fundaci\u00f3n Campus Tecnol\u00f3gico de Algeciras, una nueva etapa, que ha supuesto una modificaci\u00f3n de sus fines, orientados a mejorar y a potenciar la investigaci\u00f3n y transferencia en nuestro Campus. Ha sido y sigue siendo un esfuerzo importante alinear la actividad de la Fundaci\u00f3n con los nuevos objetivos y fines de la Fundaci\u00f3n. Ese trabajo ha permitido consolidar los v\u00ednculos con las empresas y apostar por la investigaci\u00f3n y transferencia en este Campus. Son muchos los proyectos en marcha gracias a la presencia de la Fundaci\u00f3n en el Campus, cursos de especializaci\u00f3n orientados a la demanda de la empresa, el I Congreso RH2Enovables para la desfosilizaci\u00f3n industrial a celebrar en octubre de este a\u00f1o o la convocatoria de ayudas a la investigaci\u00f3n y transferencia para este Campus. <\/p>\n<p><strong>Este curso, el Campus de Algeciras estrena tres titulaciones: el M\u00e1ster en Humanizaci\u00f3n y \u00c9tica de la Salud, el M\u00e1ster en Petroqu\u00edmica y Tecnolog\u00edas del Hidr\u00f3geno y el Joint Master in Port Management and Logistics. \u00bfQu\u00e9 impacto se espera que tengan estos programas en la comarca? \u00bfSe contemplan nuevas incorporaciones a medio plazo?<\/strong><\/p>\n<p>En primer lugar, el M\u00e1ster en Humanizaci\u00f3n y \u00c9tica de la Salud, viene a dar respuesta a una hist\u00f3rica demanda de nuestros egresados del Grado en Enfermer\u00eda y tambi\u00e9n a una de las propuestas del rector en su programa: garantizar que los egresados de los grados de nuestro Campus puedan continuar sus estudios con una adecuada oferta de m\u00e1steres. <\/p>\n<p>\u00a0El m\u00e1ster en Petroqu\u00edmica y Tecnolog\u00edas del Hidr\u00f3geno es un claro ejemplo de la relaci\u00f3n que debe existir con el entorno empresarial del Campus, y al mismo tiempo, responder a la demanda de perfiles de egresados necesarios para la transici\u00f3n energ\u00e9tica. Los argumentos son claros, la Comarca del Campo de Gibraltar en uno de los polos del Valle Andaluz del Hidr\u00f3geno y la Universidad debe tener un papel relevante en la formaci\u00f3n de los futuros profesionales en este sector. En el m\u00e1ster en Petroqu\u00edmica y Tecnolog\u00edas del Hidr\u00f3geno se incluye un itinerario formativo dual; y es el primero en Andaluc\u00eda con ese car\u00e1cter dual en esta tem\u00e1tica. Para ello ha sido fundamental la implicaci\u00f3n y compromiso de empresas de la comarca. <\/p>\n<p>\u00a0Y el Joint Master in Port Management and Logistics, se enmarca en la alianza SEA-EU una titulaci\u00f3n cuya oferta en este Campus se justifica y complementa con la presencia del puerto de Algeciras, y, al mismo tiempo, es una apuesta por ese car\u00e1cter internacional que debe definir el Campus Bah\u00eda de Algeciras; dada su situaci\u00f3n estrat\u00e9gica.<\/p>\n<p>\u00a0A medio plazo se esperan nuevas titulaciones de grado como el Grado en Ingenier\u00eda en Energ\u00edas Renovables y el Grado en Log\u00edstica y Transporte Inteligente.<\/p>\n<p>\u00a0<strong>La presencia de titulaciones t\u00e9cnicas siempre se destaca como una de las fortalezas del Campus Bah\u00eda de Algeciras, pero \u00bfqu\u00e9 otras ense\u00f1anzas se imparten en esta sede y c\u00f3mo contribuyen a su diversidad acad\u00e9mica?<\/strong><\/p>\n<p>Las titulaciones de ingenier\u00eda tienen una presencia hist\u00f3rica y clave en nuestro Campus, pero tambi\u00e9n es cierto que la oferta acad\u00e9mica es variada y en cierto modo, a veces desconocida. La oferta de grados y m\u00e1steres en el campus abarca t\u00edtulos del \u00e1mbito de las ciencias de la salud, de las ingenier\u00edas, de las ciencias sociales y jur\u00eddicas y de la educaci\u00f3n. <\/p>\n<p>Las ingenier\u00edas son una fortaleza, pero un n\u00famero importante de estudiantes de nuevo ingreso lo son de un grado tan demandado como es el de Enfermer\u00eda. Menos conocidas son la oferta de titulaciones del \u00e1mbito de las ciencias sociales y jur\u00eddicas, como Administraci\u00f3n y Direcci\u00f3n de Empresas, Derecho, Relaciones Laborales y Recursos Humanos y un doble grado, que s\u00f3lo se oferta en este Campus, el Doble Grado en Derecho y en Relaciones Laborales y Recursos Humanos. Esta oferta sigue siendo desconocida, por eso debemos plantear acciones concretas para aumentar la visibilidad y presencia de las titulaciones de la rama de Ciencias Sociales y Jur\u00eddicas de este Campus.<\/p>\n<p>En total, una oferta para el presente curso es de 11 grados, 8 m\u00e1steres y un programa de doctorado.<\/p>\n<p><strong>En el Campus Bah\u00eda de Algeciras se ubica el Centro de Magisterio Virgen de Europa, centro adscrito a la UCA. \u00bfC\u00f3mo se integra este centro en la vida universitaria del campus y cu\u00e1l es el v\u00ednculo con su comunidad estudiantil?<\/strong><\/p>\n<p>El Centro de Magisterio tiene una larga trayectoria y al igual que la ETSIA, est\u00e1 celebrando su 50 aniversario. Es un centro con un n\u00famero importante de estudiantes en los Grados de Educaci\u00f3n Infantil y Primaria. A trav\u00e9s de la Comisi\u00f3n de Seguimiento, y del director acad\u00e9mico, tenemos una estrecha colaboraci\u00f3n y eso nos permite conocer no s\u00f3lo sus proyectos, sino las dificultades que implica la gesti\u00f3n de un centro universitario. Es un centro realmente muy comprometido con la mejora de la cualificaci\u00f3n de su profesorado y de la calidad de los t\u00edtulos que imparte. <\/p>\n<p><strong>En este mes se cumplen dos a\u00f1os desde la inauguraci\u00f3n del Centro de Innovaci\u00f3n UCA-SEA. \u00bfQu\u00e9 papel desempe\u00f1a esta moderna infraestructura en el desarrollo estrat\u00e9gico del campus?<\/strong><\/p>\n<p>Este Centro ha permitido aglutinar un n\u00famero importante de grupos de investigaci\u00f3n de nuestro Campus. Podr\u00edamos decir que es una carta de presentaci\u00f3n de la investigaci\u00f3n en nuestro Campus. No est\u00e1n todos los grupos; pero s\u00ed est\u00e1n aquellos m\u00e1s ligados al sector industrial y portuario. <\/p>\n<p>Es un edificio resultado de la colaboraci\u00f3n entre diferentes instituciones. Y podemos decir que ya es una referencia en nuestra ciudad y como algecire\u00f1a, siento que el Centro de Innovaci\u00f3n UCA-SEA ha venido a cambiar el perfil de Algeciras. Forma parte de un proyecto de ciudad El Lago Mar\u00edtimo; proyecto de dos instituciones, la Autoridad Portuaria Bah\u00eda de Algeciras y el Ayuntamiento de Algeciras y por primera vez, esta ciudad deja de estar de espaldas al mar.\u00a0 <\/p>\n<p><strong>Finalmente, \u00bfcu\u00e1les son los principales retos y oportunidades que afronta el Campus Bah\u00eda de Algeciras en el corto y medio plazo?<\/strong><\/p>\n<p>El principal reto que tiene este Campus es disponer de una oferta de alojamiento universitario; especialmente para los estudiantes que inician sus estudios. Si queremos promover la internacionalizaci\u00f3n de este Campus, a trav\u00e9s de la oferta acad\u00e9mica, con los programas de movilidad, estancias de investigaci\u00f3n y ampliar nuestras alianzas, es primordial disponer de plazas de alojamiento en este Campus. Estamos en una zona estrat\u00e9gica con un elevado flujo de profesionales y eso dificulta enormemente las opciones de alojamiento. <\/p>\n<p>En materia de profesorado, este Campus necesita disponer de plazas de profesorado estables y vinculadas a este Campus para aprovechar las oportunidades que ofrece. El sector industrial est\u00e1 inmerso en un per\u00edodo de transici\u00f3n energ\u00e9tica y es una excelente oportunidad para reorientar nuestros estudios y para promover proyectos de investigaci\u00f3n y transferencia en este Campus.<\/p>\n<p>Tenemos que seguir trabajando en la definici\u00f3n de campus universitario. Nuestra fortaleza es la oferta acad\u00e9mica, realmente atractiva y capaz de dar respuesta a la demanda de nuestro entorno, el tejido empresarial y la situaci\u00f3n estrat\u00e9gica. Por ello, todos los esfuerzos de este Vicerrectorado van encaminados a consolidar lo conseguido, a aprovechar las potencialidades y a buscar oportunidades que permita el crecimiento del Campus Bah\u00eda de Algeciras.<\/p>\n<p>\u00a0<\/p>\n","protected":false},"excerpt":{"rendered":"Mar\u00eda de la Luz Mart\u00edn, vicerrectora del Campus Bah\u00eda de Algeciras, destaca las sinergias que se han establecido&hellip;\n","protected":false},"author":2,"featured_media":154447,"comment_status":"","ping_status":"","sticky":false,"template":"","format":"standard","meta":{"footnotes":""},"categories":[5],"tags":[17,18,25,24,13,14,11,19,20,9,10,15,16,23,12,21,22],"class_list":{"0":"post-154446","1":"post","2":"type-post","3":"status-publish","4":"format-standard","5":"has-post-thumbnail","7":"category-titulares","8":"tag-breaking-news","9":"tag-breakingnews","10":"tag-es","11":"tag-espana","12":"tag-featured-news","13":"tag-featurednews","14":"tag-headlines","15":"tag-latest-news","16":"tag-latestnews","17":"tag-news","18":"tag-noticias","19":"tag-noticias-destacadas","20":"tag-noticiasdestacadas","21":"tag-spain","22":"tag-titulares","23":"tag-ultimas-noticias","24":"tag-ultimasnoticias"},"share_on_mastodon":{"url":"","error":""},"_links":{"self":[{"href":"https:\/\/www.europesays.com\/es\/wp-json\/wp\/v2\/posts\/154446","targetHints":{"allow":["GET"]}}],"collection":[{"href":"https:\/\/www.europesays.com\/es\/wp-json\/wp\/v2\/posts"}],"about":[{"href":"https:\/\/www.europesays.com\/es\/wp-json\/wp\/v2\/types\/post"}],"author":[{"embeddable":true,"href":"https:\/\/www.europesays.com\/es\/wp-json\/wp\/v2\/users\/2"}],"replies":[{"embeddable":true,"href":"https:\/\/www.europesays.com\/es\/wp-json\/wp\/v2\/comments?post=154446"}],"version-history":[{"count":0,"href":"https:\/\/www.europesays.com\/es\/wp-json\/wp\/v2\/posts\/154446\/revisions"}],"wp:featuredmedia":[{"embeddable":true,"href":"https:\/\/www.europesays.com\/es\/wp-json\/wp\/v2\/media\/154447"}],"wp:attachment":[{"href":"https:\/\/www.europesays.com\/es\/wp-json\/wp\/v2\/media?parent=154446"}],"wp:term":[{"taxonomy":"category","embeddable":true,"href":"https:\/\/www.europesays.com\/es\/wp-json\/wp\/v2\/categories?post=154446"},{"taxonomy":"post_tag","embeddable":true,"href":"https:\/\/www.europesays.com\/es\/wp-json\/wp\/v2\/tags?post=154446"}],"curies":[{"name":"wp","href":"https:\/\/api.w.org\/{rel}","templated":true}]}}