{"id":154448,"date":"2025-10-03T07:55:33","date_gmt":"2025-10-03T07:55:33","guid":{"rendered":"https:\/\/www.europesays.com\/es\/154448\/"},"modified":"2025-10-03T07:55:33","modified_gmt":"2025-10-03T07:55:33","slug":"la-seleccion-nacional-de-balonmano-en-silla-de-ruedas-ya-conoce-a-sus-rivales-en-el-campeonato-de-europa","status":"publish","type":"post","link":"https:\/\/www.europesays.com\/es\/154448\/","title":{"rendered":"La selecci\u00f3n nacional de Balonmano en Silla de Ruedas ya conoce a sus rivales en el Campeonato de Europa"},"content":{"rendered":"<p>\tLa selecci\u00f3n nacional de Balonmano en Silla de Ruedas ya conoce a sus rivales en el Campeonato de Europa &#8211; Federaci\u00f3n de Balonmano de Castilla y Le\u00f3n<\/p>\n<p>\t\t&#13;<\/p>\n<p>\t\t&#13;<\/p>\n<p>\t\t<a href=\"https:\/\/fcylbm.es\/\" rel=\"nofollow noopener\" target=\"_blank\"><img decoding=\"async\" src=\"https:\/\/www.europesays.com\/es\/wp-content\/uploads\/2025\/09\/1758974440_272_logooptimizado-4-240x78.png\" alt=\"Federaci\u00f3n de Balonmano de Castilla y Le\u00f3n\" title=\"Federaci\u00f3n de Balonmano de Castilla y Le\u00f3n\"\/><\/a><\/p>\n<p>\t<a href=\"#\" class=\"znNavOvr-close znNavOvr-close--trSmall\" id=\"znNavOvr-close\">&#13;<br \/>\n\t\t&#13;<br \/>\n\t\t&#13;<br \/>\n\t\t\t&#13;<br \/>\n\t\t&#13;<br \/>\n\t<\/a><\/p>\n<p><a href=\"#\" id=\"totop\" class=\"u-trans-all-2s js-scroll-event\" data-forch=\"300\" data-visibleclass=\"on--totop\">TOP<\/a><\/p>\n<p>\t\t&#13;<\/p>\n","protected":false},"excerpt":{"rendered":"La selecci\u00f3n nacional de Balonmano en Silla de Ruedas ya conoce a sus rivales en el Campeonato de&hellip;\n","protected":false},"author":2,"featured_media":154449,"comment_status":"","ping_status":"","sticky":false,"template":"","format":"standard","meta":{"footnotes":""},"categories":[278],"tags":[376,168,25,24,375,23,167],"class_list":{"0":"post-154448","1":"post","2":"type-post","3":"status-publish","4":"format-standard","5":"has-post-thumbnail","7":"category-balonmano","8":"tag-balonmano","9":"tag-deportes","10":"tag-es","11":"tag-espana","12":"tag-handball","13":"tag-spain","14":"tag-sports"},"share_on_mastodon":{"url":"","error":""},"_links":{"self":[{"href":"https:\/\/www.europesays.com\/es\/wp-json\/wp\/v2\/posts\/154448","targetHints":{"allow":["GET"]}}],"collection":[{"href":"https:\/\/www.europesays.com\/es\/wp-json\/wp\/v2\/posts"}],"about":[{"href":"https:\/\/www.europesays.com\/es\/wp-json\/wp\/v2\/types\/post"}],"author":[{"embeddable":true,"href":"https:\/\/www.europesays.com\/es\/wp-json\/wp\/v2\/users\/2"}],"replies":[{"embeddable":true,"href":"https:\/\/www.europesays.com\/es\/wp-json\/wp\/v2\/comments?post=154448"}],"version-history":[{"count":0,"href":"https:\/\/www.europesays.com\/es\/wp-json\/wp\/v2\/posts\/154448\/revisions"}],"wp:featuredmedia":[{"embeddable":true,"href":"https:\/\/www.europesays.com\/es\/wp-json\/wp\/v2\/media\/154449"}],"wp:attachment":[{"href":"https:\/\/www.europesays.com\/es\/wp-json\/wp\/v2\/media?parent=154448"}],"wp:term":[{"taxonomy":"category","embeddable":true,"href":"https:\/\/www.europesays.com\/es\/wp-json\/wp\/v2\/categories?post=154448"},{"taxonomy":"post_tag","embeddable":true,"href":"https:\/\/www.europesays.com\/es\/wp-json\/wp\/v2\/tags?post=154448"}],"curies":[{"name":"wp","href":"https:\/\/api.w.org\/{rel}","templated":true}]}}