{"id":154450,"date":"2025-10-03T07:56:08","date_gmt":"2025-10-03T07:56:08","guid":{"rendered":"https:\/\/www.europesays.com\/es\/154450\/"},"modified":"2025-10-03T07:56:08","modified_gmt":"2025-10-03T07:56:08","slug":"villena-se-prepara-para-la-gran-final","status":"publish","type":"post","link":"https:\/\/www.europesays.com\/es\/154450\/","title":{"rendered":"Villena se prepara para la gran final"},"content":{"rendered":"<p class=\"ft-text\">\u201cLa venta de entradas va a muy buen ritmo y esperamos que la plaza de Villena se llene ma\u00f1ana para esta segunda final\u201d. Son palabras del empresario Nacho Lloret un d\u00eda antes de la celebraci\u00f3n del festejo que cerrar\u00e1 la temporada taurina en Villena. Ma\u00f1ana a las seis de la tarde, Sim\u00f3n Andreu, Juan Alberto Torrijos y Mario Vilau se disputar\u00e1n el Circuito Valenciano de Novilladas con reses del castellonense Daniel Ramos, una novillada seria que cumplir\u00eda los cuatro a\u00f1os en cuesti\u00f3n de un mes. Un hecho que evidencia la seriedad que se ha buscado para la cita. A lo largo de las diferentes fases, el nivel de los propios novilleros ha ido coloc\u00e1ndolos en el lugar correspondiente. La gran nota diferenciadora con la edici\u00f3n anterior, que fue la primera, ha sido que este a\u00f1o el nivel de los participantes ha sido superior, un hecho que ha supuesto que llegar a esta final de ma\u00f1ana sea ya en s\u00ed un premio. Como nota comparativa, recordemos que el pasado a\u00f1o, dos alicantinos llegaron hasta la \u00faltima fase, Borja Escudero y Kevin Alcolado, consiguiendo el triunfo el primero. <a class=\"ft-link ft-link--decoration\" href=\"https:\/\/www.informacion.es\/alicante\/\" rel=\"nofollow noopener\" target=\"_blank\">Alicante<\/a> part\u00eda este a\u00f1o como gran favorita al contar con cinco novilleros en el certamen: Borja \u00c1lvarez, Javier Cuartero, Borja Ximelis, Santiago Espl\u00e1 y Kevin Alcolado, este \u00faltimo y Espl\u00e1 fueron los \u00fanicos que lograron llegar hasta las semifinales, aunque ninguno ha alcanzado la final de ma\u00f1ana.<\/p>\n<p class=\"ft-text\">El escenario elegido vuelve a ser el mismo de la primera edici\u00f3n. Villena se convierte as\u00ed, junto a la recuperada plaza de toros de Ondara en el gran baluarte de la provincia en materia taurina ofreciendo un escenario perfecto para la celebraci\u00f3n de la final del circuito. Este a\u00f1o, los novilleros har\u00e1n el pase\u00edllo por la tarde a diferencia de la final matinal de 2024. Sim\u00f3n Andreu, natural de Chiva sabe bien lo que es torear en Valencia. Estuvo presente en el festival celebrado en el coso de Monle\u00f3n por los afectados de la Dana y su tauromaquia es poderosa y de mucha transmisi\u00f3n. La espada es uno de sus fuertes y llama la atenci\u00f3n el sitio que posee pese a su corta edad. Juan Alberto Torrijos, natural de Algemes\u00ed, es otro novillero que sorprende cuando se enfunda el vestido de torear. Fiel a su concepto de toreo cl\u00e1sico, a lo largo del certamen hemos podido comprobar como su ambici\u00f3n y su clase como torero bien le han valido su presencia en la final. Por \u00faltimo, la gran revelaci\u00f3n del certamen se llama Mario Vilau. Natural de Barcelona, concretamente de Hospitalet de Llobregat, este novillero ha arrasado en cada una de sus tardes. Valor, arrojo, ambici\u00f3n y clase al torear. Esas podr\u00edan ser las cualidades que le definen, aunque tiene muchas m\u00e1s. Su conexi\u00f3n con los tendidos es innegable y lo m\u00e1s importante de todo es que quiere ser figura del torero a cualquier precio. Todo se decidir\u00e1 ma\u00f1ana en un escenario \u00fanico.\u00a0<\/p>\n","protected":false},"excerpt":{"rendered":"\u201cLa venta de entradas va a muy buen ritmo y esperamos que la plaza de Villena se llene&hellip;\n","protected":false},"author":2,"featured_media":154451,"comment_status":"","ping_status":"","sticky":false,"template":"","format":"standard","meta":{"footnotes":""},"categories":[277],"tags":[373,14792,209,168,25,24,1058,3956,1389,5936,2450,23,167,374,706,12658],"class_list":{"0":"post-154450","1":"post","2":"type-post","3":"status-publish","4":"format-standard","5":"has-post-thumbnail","7":"category-toreo","8":"tag-bullfighting","9":"tag-chiva","10":"tag-cultura","11":"tag-deportes","12":"tag-es","13":"tag-espana","14":"tag-final","15":"tag-gran","16":"tag-plaza-de-toros","17":"tag-prepara","18":"tag-santiago","19":"tag-spain","20":"tag-sports","21":"tag-toreo","22":"tag-valenciano","23":"tag-villena"},"share_on_mastodon":{"url":"","error":""},"_links":{"self":[{"href":"https:\/\/www.europesays.com\/es\/wp-json\/wp\/v2\/posts\/154450","targetHints":{"allow":["GET"]}}],"collection":[{"href":"https:\/\/www.europesays.com\/es\/wp-json\/wp\/v2\/posts"}],"about":[{"href":"https:\/\/www.europesays.com\/es\/wp-json\/wp\/v2\/types\/post"}],"author":[{"embeddable":true,"href":"https:\/\/www.europesays.com\/es\/wp-json\/wp\/v2\/users\/2"}],"replies":[{"embeddable":true,"href":"https:\/\/www.europesays.com\/es\/wp-json\/wp\/v2\/comments?post=154450"}],"version-history":[{"count":0,"href":"https:\/\/www.europesays.com\/es\/wp-json\/wp\/v2\/posts\/154450\/revisions"}],"wp:featuredmedia":[{"embeddable":true,"href":"https:\/\/www.europesays.com\/es\/wp-json\/wp\/v2\/media\/154451"}],"wp:attachment":[{"href":"https:\/\/www.europesays.com\/es\/wp-json\/wp\/v2\/media?parent=154450"}],"wp:term":[{"taxonomy":"category","embeddable":true,"href":"https:\/\/www.europesays.com\/es\/wp-json\/wp\/v2\/categories?post=154450"},{"taxonomy":"post_tag","embeddable":true,"href":"https:\/\/www.europesays.com\/es\/wp-json\/wp\/v2\/tags?post=154450"}],"curies":[{"name":"wp","href":"https:\/\/api.w.org\/{rel}","templated":true}]}}