{"id":154454,"date":"2025-10-03T08:00:09","date_gmt":"2025-10-03T08:00:09","guid":{"rendered":"https:\/\/www.europesays.com\/es\/154454\/"},"modified":"2025-10-03T08:00:09","modified_gmt":"2025-10-03T08:00:09","slug":"notable-enaut-urkaregi-en-la-crono-del-europeo-junior-3","status":"publish","type":"post","link":"https:\/\/www.europesays.com\/es\/154454\/","title":{"rendered":"Notable E\u00f1aut Urkaregi en la crono del Europeo j\u00fanior"},"content":{"rendered":"<p>\n        Despu\u00e9s de la <a href=\"https:\/\/www.deia.eus\/ciclismo\/2025\/10\/01\/paula-ostiz-conquista-europeo-crono-10152911.html\" title=\"en\u00e9sima exhibici\u00f3n de Paula Ostiz\" class=\"link copy\" rel=\"nofollow noopener\" target=\"_blank\">en\u00e9sima exhibici\u00f3n de <strong>Paula Ostiz<\/strong><\/a>, oro en el<strong> Europeo j\u00fanior de crono<\/strong>, lleg\u00f3 el momento para tasar a los mejores de la disciplina en la categor\u00eda masculina.\n<\/p>\n<p class=\"article-body__text \">\n        El reto era rodar lo m\u00e1s r\u00e1pido posible entre <strong>Loriol-sur-Dr\u00f4me y \u00c9toile-sur-Rh\u00f4ne<\/strong> (Francia) en un recorrido de 24 kil\u00f3metros y <strong>un remate de 600 metros con un desnivel del 6,6%<\/strong>. Al igual que en la prueba femenina, el desenlace lo marc\u00f3 en gran medida el desempe\u00f1o sobre el muro.\n<\/p>\n<p class=\"article-body__text \">\n        En tierras francesas se med\u00edan los mejores de la especialidad, siempre exigente, que requiere concentraci\u00f3n, rigor, aerodin\u00e1mica y la capacidad de mantener un ritmo lo m\u00e1s alto posible.\n<\/p>\n<p class=\"article-body__text \">\n        Sobre ese escenario, <strong>E\u00f1aut Urkaregi <\/strong>logr\u00f3 una notable quinta plaza en una prueba que conquist\u00f3 Michiel Mouris, capaz de rodar a 46,7 kil\u00f3metros por hora de media. Suyo fue el mejor tiempo. Par\u00f3 el crono en 30:49.\n<\/p>\n<blockquote class=\"twitter-tweet\" data-lang=\"es\">\n<p lang=\"es\" dir=\"ltr\"><a href=\"https:\/\/twitter.com\/hashtag\/EuroRoad25?src=hash&amp;ref_src=twsrc%5Etfw\" rel=\"nofollow noopener\" target=\"_blank\">#EuroRoad25<\/a> | E\u00f1aut Urkaregi nos cuenta c\u00f3mo ha ido la contrarreloj j\u00fanior en la que ha finalizado en una sensacional 5\u00aa posici\u00f3n \ud83d\udc4f<\/p>\n<p>\ud83c\udf99\ufe0f\u00bbHemos regulado muy bien las fuerzas y he dado todo lo que ten\u00eda. Ha estado el podio a pocos segundos, pero estamos contentos con el Top 5&#8243;.\u2026 <a href=\"https:\/\/t.co\/agWxNBwLOk\" rel=\"nofollow\">pic.twitter.com\/agWxNBwLOk<\/a><\/p>\n<p>\u2014 Real Federaci\u00f3n Espa\u00f1ola de Ciclismo (@RFECiclismo) <a href=\"https:\/\/twitter.com\/RFECiclismo\/status\/1973334865962471704?ref_src=twsrc%5Etfw\" rel=\"nofollow noopener\" target=\"_blank\">1 de octubre de 2025<\/a><\/p><\/blockquote>\n<p class=\"article-body__text \">\n        <strong>Solo el irland\u00e9s Conor Murphy pudo aproximarse a la marca del neerland\u00e9s<\/strong>. Se qued\u00f3 a cuatro segundos del oro. El podio lo cerr\u00f3 el dan\u00e9s Julius Birkedal, a 27 segundos de Mouris.\n<\/p>\n<p class=\"article-body__text \">\n        <strong>Urkaregi, campe\u00f3n del mundo en la prueba madison de pista<\/strong>, que el pr\u00f3ximo curso estar\u00e1 en el equipo Lidl de desarrollo, ofreci\u00f3 una gran versi\u00f3n y obtuvo un meritorio quinto puesto, a 55 segundos del ganador y a 28 segundos del podio.\n<\/p>\n<p class=\"article-body__text \">\n        <strong>\u201cHemos regulado muy bien las fuerzas y he dado todo lo que ten\u00eda. Ha estado el podio a pocos segundos, pero estamos contentos con el Top 5&#8243;<\/strong>, coment\u00f3 el guipuzcoano al final de la crono. Fue una estupenda actuaci\u00f3n la del ciclista de Larraul, que contin\u00faa dando pasos firmes hacia el futuro.\u00a0\u00a0\n<\/p>\n<p>            <script async src=\"https:\/\/platform.twitter.com\/widgets.js\" charset=\"utf-8\"><\/script><\/p>\n","protected":false},"excerpt":{"rendered":"Despu\u00e9s de la en\u00e9sima exhibici\u00f3n de Paula Ostiz, oro en el Europeo j\u00fanior de crono, lleg\u00f3 el momento&hellip;\n","protected":false},"author":2,"featured_media":154455,"comment_status":"","ping_status":"","sticky":false,"template":"","format":"standard","meta":{"footnotes":""},"categories":[273],"tags":[313,10099,312,168,28028,25,24,5824,21143,23,167,28029],"class_list":{"0":"post-154454","1":"post","2":"type-post","3":"status-publish","4":"format-standard","5":"has-post-thumbnail","7":"category-ciclismo","8":"tag-ciclismo","9":"tag-crono","10":"tag-cycling","11":"tag-deportes","12":"tag-enaut","13":"tag-es","14":"tag-espana","15":"tag-europeo","16":"tag-notable","17":"tag-spain","18":"tag-sports","19":"tag-urkaregi"},"share_on_mastodon":{"url":"","error":""},"_links":{"self":[{"href":"https:\/\/www.europesays.com\/es\/wp-json\/wp\/v2\/posts\/154454","targetHints":{"allow":["GET"]}}],"collection":[{"href":"https:\/\/www.europesays.com\/es\/wp-json\/wp\/v2\/posts"}],"about":[{"href":"https:\/\/www.europesays.com\/es\/wp-json\/wp\/v2\/types\/post"}],"author":[{"embeddable":true,"href":"https:\/\/www.europesays.com\/es\/wp-json\/wp\/v2\/users\/2"}],"replies":[{"embeddable":true,"href":"https:\/\/www.europesays.com\/es\/wp-json\/wp\/v2\/comments?post=154454"}],"version-history":[{"count":0,"href":"https:\/\/www.europesays.com\/es\/wp-json\/wp\/v2\/posts\/154454\/revisions"}],"wp:featuredmedia":[{"embeddable":true,"href":"https:\/\/www.europesays.com\/es\/wp-json\/wp\/v2\/media\/154455"}],"wp:attachment":[{"href":"https:\/\/www.europesays.com\/es\/wp-json\/wp\/v2\/media?parent=154454"}],"wp:term":[{"taxonomy":"category","embeddable":true,"href":"https:\/\/www.europesays.com\/es\/wp-json\/wp\/v2\/categories?post=154454"},{"taxonomy":"post_tag","embeddable":true,"href":"https:\/\/www.europesays.com\/es\/wp-json\/wp\/v2\/tags?post=154454"}],"curies":[{"name":"wp","href":"https:\/\/api.w.org\/{rel}","templated":true}]}}