{"id":15446,"date":"2025-07-31T04:01:07","date_gmt":"2025-07-31T04:01:07","guid":{"rendered":"https:\/\/www.europesays.com\/es\/15446\/"},"modified":"2025-07-31T04:01:07","modified_gmt":"2025-07-31T04:01:07","slug":"molina-tiene-en-azpeitia-el-aperitivo-de-madrid","status":"publish","type":"post","link":"https:\/\/www.europesays.com\/es\/15446\/","title":{"rendered":"Molina tiene en Azpeitia el aperitivo de Madrid"},"content":{"rendered":"<p>Molina tiene ma\u00f1ana una actuaci\u00f3n de gran importancia en la plaza de Azpeitia, plaza del norte que se ha ido convirtiendo en una de las mejores, entrelazando figuras con toreros emergentes, con una presentaci\u00f3n de los toros de plaza casi de primera y una afici\u00f3n que sabe lo que ve. Tras su triunfo en Saint Vincent de Tyrosse, afronta un mes de agosto y septiembre de m\u00e1xima responsabilidad, no solo en Espa\u00f1a, sino en Francia y su debut en Per\u00fa. Todo esto nos lo ha contado el diestro de Albacete.<\/p>\n<p>\u00abLa verdad es que sali\u00f3 bien la tarde de Saint Vincent de Tyrosse. Lo del primer toro fue un poco raro y me qued\u00e9 sorprendido porque despu\u00e9s de una faena a un toro que tuvo querencia y hubo que sujetarlo mucho, la gente estaba conectada y despu\u00e9s de la estocada fue un poco frio y no terminaron de pedir la oreja del todo, creo que precedido por el enfado de que a Colombo no le hab\u00edan dado la oreja en su primero, pero luego cambi\u00f3 la cosa con un toro bravo, no f\u00e1cil porque picaba mucho hacia dentro y hab\u00eda que perderle dos pasos para ligarle el siguiente y yo intentaba mantener la conexi\u00f3n con el tendido, despu\u00e9s de pincharlo una vez y matarlo muy bien al segundo encuentro, me dieron las dos orejas del tir\u00f3n. Fue muy importante para m\u00ed porque empiezan estos meses intensos de torear y al final hay que puntuar todos los d\u00edas y sobre todo en Francia, donde estos triunfos tienen mucha importancia y te permiten volver. Voy a Dax y a Bayona y era muy importante para ir con m\u00e1s fuerza y el a\u00f1o pasado cort\u00e9 una oreja en Bayona y ha justificado mi vuelta este a\u00f1o y a Dax, no hab\u00eda vuelto desde novillero y ten\u00eda mucha ilusi\u00f3n por volver, por eso lo de Saint Vincent ha sido importante\u00bb, se\u00f1ala el diestro.<\/p>\n<p><strong>Presentaci\u00f3n<\/strong>. Ma\u00f1ana debuta en Azpeitia, con Dami\u00e1n Casta\u00f1o y Morenito de Aranda como compa\u00f1eros de cartel, y afirma que \u00abes una plaza de tercera categor\u00eda que parece de primera por la repercusi\u00f3n que tiene, por el gran trabajo que ha hecho Joxin Iriarte, que aunque no lo conozco personalmente, como profesional est\u00e1 demostrando un gran nivel por la categor\u00eda que ha cogido la feria y voy con la mentalidad de seguir en el camino que llevo, un d\u00eda que me motiva mucho y una corrida, que no es f\u00e1cil, pero que me hace ilusi\u00f3n. Son toros, los de Ana Romero, que hay que leerlos muy bien, tener muchos registros para ellos y he estado un par de veces en el campo y me han salido las cosas bien por lo que voy con mucha moral ya que este a\u00f1o estoy toreando variedad de encastes y por ahora va todo bien\u00bb.<\/p>\n<p>Un mes de agosto movido para el torero, ya que \u00abdespu\u00e9s de Azpeitia viene Madrid, por lo que tengo 10 d\u00edas para cambiar de lo de Ana Romero a lo de Lola Domecq, que son registros distintos y hay que cambiar la mentalidad. Lo de Madrid es la recompensa a la tarde del pasado 22 de junio, ya que es una ganader\u00eda con garant\u00edas y en un festejo emblem\u00e1tico como es el d\u00eda de la Virgen de la Paloma y ojal\u00e1 y se deslice uno y pueda haber un triunfo importante\u00bb.\u00a0<\/p>\n<p>\u00abEstoy tranquilo y no me obsesiona la puerta grande de Madrid, sino volver con la entrega de la pasada tarde, desarrollar mi concepto y todo vendr\u00e1 en consecuencia a todo lo que yo est\u00e9 dispuesto a dar. Al d\u00eda siguiente de Madrid tengo M\u00e1laga el 16 y r\u00e1pidamente hay que volar a Per\u00fa, ya que el 18 toreo en Huamachuco, vuelvo el d\u00eda 20 y el 23 estoy en Tarazona de la Mancha. Es la primera vez que cojo un avi\u00f3n y estoy muy ilusionado con debutar en Am\u00e9rica, el 30 en Bayona, el 8 de septiembre en Albacete, el 13 en Dax y el 15 de nuevo en Albacete. Llevo 8 corridas y dos festivales y si la temporada pasada fue bonita, este a\u00f1o promete ser mejor y desde que en febrero empec\u00e9 en el festival a beneficio de Letur, no he dejado de torear ning\u00fan mes y est\u00e1 siendo importante tanto en n\u00famero de corridas como de triunfos y ahora viene el arre\u00f3n final, una temporada muy especial y que responsabiliza mucho\u00bb.<\/p>\n<p>Molina atraviesa un gran momento y el albacetense dice que \u00abviene de un invierno muy completo y con mucho trabajo, ya que esa era la mentalidad de este invierno, sin saber el n\u00famero que \u00edbamos a torear, pero la verdad es que me encuentro muy bien en la cara del toro\u00bb.<\/p>\n","protected":false},"excerpt":{"rendered":"Molina tiene ma\u00f1ana una actuaci\u00f3n de gran importancia en la plaza de Azpeitia, plaza del norte que se&hellip;\n","protected":false},"author":2,"featured_media":15447,"comment_status":"","ping_status":"","sticky":false,"template":"","format":"standard","meta":{"footnotes":""},"categories":[277],"tags":[2545,3592,373,168,25,24,317,1949,10241,205,3855,705,23,167,10242,625,374,444],"class_list":{"0":"post-15446","1":"post","2":"type-post","3":"status-publish","4":"format-standard","5":"has-post-thumbnail","7":"category-toreo","8":"tag-albacete","9":"tag-aranda-de-duero","10":"tag-bullfighting","11":"tag-deportes","12":"tag-es","13":"tag-espana","14":"tag-francia","15":"tag-ganaderia","16":"tag-letur","17":"tag-madrid","18":"tag-malaga","19":"tag-peru","20":"tag-spain","21":"tag-sports","22":"tag-tarazona-de-la-mancha","23":"tag-tauromaquia","24":"tag-toreo","25":"tag-toros"},"share_on_mastodon":{"url":"","error":""},"_links":{"self":[{"href":"https:\/\/www.europesays.com\/es\/wp-json\/wp\/v2\/posts\/15446","targetHints":{"allow":["GET"]}}],"collection":[{"href":"https:\/\/www.europesays.com\/es\/wp-json\/wp\/v2\/posts"}],"about":[{"href":"https:\/\/www.europesays.com\/es\/wp-json\/wp\/v2\/types\/post"}],"author":[{"embeddable":true,"href":"https:\/\/www.europesays.com\/es\/wp-json\/wp\/v2\/users\/2"}],"replies":[{"embeddable":true,"href":"https:\/\/www.europesays.com\/es\/wp-json\/wp\/v2\/comments?post=15446"}],"version-history":[{"count":0,"href":"https:\/\/www.europesays.com\/es\/wp-json\/wp\/v2\/posts\/15446\/revisions"}],"wp:featuredmedia":[{"embeddable":true,"href":"https:\/\/www.europesays.com\/es\/wp-json\/wp\/v2\/media\/15447"}],"wp:attachment":[{"href":"https:\/\/www.europesays.com\/es\/wp-json\/wp\/v2\/media?parent=15446"}],"wp:term":[{"taxonomy":"category","embeddable":true,"href":"https:\/\/www.europesays.com\/es\/wp-json\/wp\/v2\/categories?post=15446"},{"taxonomy":"post_tag","embeddable":true,"href":"https:\/\/www.europesays.com\/es\/wp-json\/wp\/v2\/tags?post=15446"}],"curies":[{"name":"wp","href":"https:\/\/api.w.org\/{rel}","templated":true}]}}