{"id":154460,"date":"2025-10-03T08:03:08","date_gmt":"2025-10-03T08:03:08","guid":{"rendered":"https:\/\/www.europesays.com\/es\/154460\/"},"modified":"2025-10-03T08:03:08","modified_gmt":"2025-10-03T08:03:08","slug":"oviedo-me-ha-dado-confianza-desde-el-primer-minuto-en-el-que-me-llamaron","status":"publish","type":"post","link":"https:\/\/www.europesays.com\/es\/154460\/","title":{"rendered":"\u00abOviedo me ha dado confianza desde el primer minuto en el que me llamaron\u201d"},"content":{"rendered":"<p data-mrf-recirculation=\"Links P\u00e1rrafos\" class=\"ue-c-article__paragraph paragraph ue-c-article--first-letter-highlighted\">A<strong>ar\u00f3n Escandell defender\u00e1 la porter\u00eda del Oviedo hasta junio de 2027<\/strong>. El meta valenciano, que vive uno de los momentos m\u00e1s s\u00f3lidos de su trayectoria, expres\u00f3 su satisfacci\u00f3n tras hacerse oficial su renovaci\u00f3n: \u00abEstoy feliz en Oviedo, mi familia tambi\u00e9n. El club lo sabe. Nunca he tenido tanta regularidad en un equipo y eso se demuestra en el campo y en el d\u00eda a d\u00eda. Muy contento de seguir aqu\u00ed, ojal\u00e1 sean muchos a\u00f1os m\u00e1s\u00bb.<\/p>\n<p data-mrf-recirculation=\"Links P\u00e1rrafos\" class=\"ue-c-article__paragraph paragraph\"><strong>Su valoraci\u00f3n sobre esta etapa profesional no puede ser mejor<\/strong>: \u00abOviedo me ha dado confianza desde el primer minuto en el que me llamaron. Sab\u00eda que aqu\u00ed pod\u00eda crecer y conseguir cosas bonitas, como as\u00ed ha sido. A nivel personal Oviedo me ha dado paz y tranquilidad. Voy por la calle y aunque sean muy forofos, son muy respetuosos. Se vive el f\u00fatbol de una forma especial, siempre exigiendo para bien y con mucho sentimiento\u00bb.<\/p>\n<p data-mrf-recirculation=\"Links P\u00e1rrafos\" class=\"ue-c-article__paragraph paragraph\"><strong>El portero reconoce que atraviesa una etapa de madurez profesional en la que busca seguir creciendo sin perder ambici\u00f3n:<\/strong> \u00abNo dir\u00eda un inicio perfecto porque nos hemos dejado puntos, pero s\u00ed feliz. Disfrutando del momento del equipo y de la situaci\u00f3n, somos unos privilegiados por estar viviendo esto. Estoy en una edad id\u00f3nea para un portero, porque no soy ni joven ni muy veterano. Ya hay una madurez por todo lo que has vivido. Los halagos son buenos, pero hay que tratarlos con cuidado. No nos podemos poner l\u00edmites\u00bb.<\/p>\n<p data-mrf-recirculation=\"Links P\u00e1rrafos\" class=\"ue-c-article__paragraph paragraph\"><strong>Escandell confes\u00f3 que al dejar Las Palmas nunca imagin\u00f3 alcanzar la estabilidad y protagonismo que disfruta hoy en el Tartiere<\/strong>: \u00abCuando sal\u00ed de Las Palmas nunca imagin\u00e9 que iba a vivir todo esto, ojal\u00e1 siga as\u00ed. El equipo sigue creciendo y solo pido seguir trabajando as\u00ed para que el colectivo mejore, sin excusas\u00bb.<\/p>\n<p data-mrf-recirculation=\"Links P\u00e1rrafos\" class=\"ue-c-article__paragraph paragraph\"><strong>El hecho de aparecer en las estad\u00edsticas como el portero con m\u00e1s paradas de las cinco grandes ligas de Europa refuerza su confianza:<\/strong> \u00abEs una estad\u00edstica positiva, evidentemente, porque te ves ah\u00ed con muchos grandes nombres. Estamos en Primera Divisi\u00f3n y ese salto se nota. Puede ser que nos tiren mucho, est\u00e1 claro, pero los defensas tambi\u00e9n est\u00e1n defendiendo m\u00e1s y mejor. Esto es lo que te exige la Primera, de la nada te crean situaciones de peligro\u00bb.<\/p>\n<p data-mrf-recirculation=\"Links P\u00e1rrafos\" class=\"ue-c-article__paragraph paragraph\"><strong>Con el par\u00f3n internacional a la vista, Escandell solo piensa en mantener la racha en el Carlos Tartiere: <\/strong>\u00abEstamos enfocados en el Levante. Solo queda pensar en ello tras celebrar la victoria en Mestalla. Est\u00e1n haciendo las cosas bien y tenemos much\u00edsimas ganas de jugar en el Tartiere. Queremos seguir sumando de tres en casa e irnos al par\u00f3n de la mejor forma posible, porque eso nos dar\u00eda mucha confianza y energ\u00eda\u00bb.<\/p>\n","protected":false},"excerpt":{"rendered":"Aar\u00f3n Escandell defender\u00e1 la porter\u00eda del Oviedo hasta junio de 2027. El meta valenciano, que vive uno de&hellip;\n","protected":false},"author":2,"featured_media":154461,"comment_status":"","ping_status":"","sticky":false,"template":"","format":"standard","meta":{"footnotes":""},"categories":[268],"tags":[168,25,24,280,282,281,23,167],"class_list":{"0":"post-154460","1":"post","2":"type-post","3":"status-publish","4":"format-standard","5":"has-post-thumbnail","7":"category-futbol","8":"tag-deportes","9":"tag-es","10":"tag-espana","11":"tag-football","12":"tag-futbol","13":"tag-soccer","14":"tag-spain","15":"tag-sports"},"share_on_mastodon":{"url":"","error":""},"_links":{"self":[{"href":"https:\/\/www.europesays.com\/es\/wp-json\/wp\/v2\/posts\/154460","targetHints":{"allow":["GET"]}}],"collection":[{"href":"https:\/\/www.europesays.com\/es\/wp-json\/wp\/v2\/posts"}],"about":[{"href":"https:\/\/www.europesays.com\/es\/wp-json\/wp\/v2\/types\/post"}],"author":[{"embeddable":true,"href":"https:\/\/www.europesays.com\/es\/wp-json\/wp\/v2\/users\/2"}],"replies":[{"embeddable":true,"href":"https:\/\/www.europesays.com\/es\/wp-json\/wp\/v2\/comments?post=154460"}],"version-history":[{"count":0,"href":"https:\/\/www.europesays.com\/es\/wp-json\/wp\/v2\/posts\/154460\/revisions"}],"wp:featuredmedia":[{"embeddable":true,"href":"https:\/\/www.europesays.com\/es\/wp-json\/wp\/v2\/media\/154461"}],"wp:attachment":[{"href":"https:\/\/www.europesays.com\/es\/wp-json\/wp\/v2\/media?parent=154460"}],"wp:term":[{"taxonomy":"category","embeddable":true,"href":"https:\/\/www.europesays.com\/es\/wp-json\/wp\/v2\/categories?post=154460"},{"taxonomy":"post_tag","embeddable":true,"href":"https:\/\/www.europesays.com\/es\/wp-json\/wp\/v2\/tags?post=154460"}],"curies":[{"name":"wp","href":"https:\/\/api.w.org\/{rel}","templated":true}]}}