{"id":154464,"date":"2025-10-03T08:06:10","date_gmt":"2025-10-03T08:06:10","guid":{"rendered":"https:\/\/www.europesays.com\/es\/154464\/"},"modified":"2025-10-03T08:06:10","modified_gmt":"2025-10-03T08:06:10","slug":"el-evangelio-andaluz-segun-moreno-bonilla-por-carlos-marmol","status":"publish","type":"post","link":"https:\/\/www.europesays.com\/es\/154464\/","title":{"rendered":"El \u2018evangelio andaluz\u2019 seg\u00fan Moreno Bonilla, por Carlos M\u00e1rmol"},"content":{"rendered":"<p data-gtm-element-container=\"modulo-texto-link\" class=\"paragraph\">Es cuento viejo: la industria editorial miente y las fajas de casi todos los libros, eso que los editores norteamericanos denominan blurbs, exageran. Ambas costumbres forman parte del arte de la promoci\u00f3n. De ah\u00ed su encanto, que no es excesivamente sofisticado: se trata de una variante de la f\u00f3rmula ancestral, y siempre infalible, de obviar los defectos y amplificar al m\u00e1ximo los elogios, con independencia de la realidad. En pol\u00edtica es una t\u00e1ctica que funciona: nada es m\u00e1s c\u00f3mico que contemplar a un gobernante \u2013o a un simple aspirante\u2013 hincharse dentro del traje cuando alguien (por supuesto a cambio del correspondiente \u00f3bolo) le dedica un rosario de halagos.<\/p>\n<p>                <img loading=\"lazy\" decoding=\"async\" data-full-src=\"https:\/\/www.lavanguardia.com\/uploads\/2025\/10\/03\/68df7edd7d708.png\" alt=\"Cuadernos del sur\" width=\"449\" height=\"724\" src=\"https:\/\/www.europesays.com\/es\/wp-content\/uploads\/2025\/10\/68df7edd7d708.png\" class=\"lazy\"\/><\/p>\n<p class=\"caption-title \">&#8216;Manual de convivencia. La v\u00eda andaluza&#8217;, el libro de Juanma Moreno\u00a0<\/p>\n<p>                    &#8211;<\/p>\n<p data-gtm-element-container=\"modulo-texto-link\" class=\"paragraph\">Los elogios, en realidad, debilitan, aunque esto \u00fanicamente lo sabe la gente que es sabia e inteligente. Por supuesto, no abundan ambos caracteres. La editorial Espasa (Planeta) anunci\u00f3 esta misma semana que el presidente de la Junta de Andaluc\u00eda, inmerso ya en la largu\u00edsima campa\u00f1a electoral de las auton\u00f3micas, \u201cse estrena a finales de este mes en el mundo editorial con su primer libro\u201d.<\/p>\n<p data-gtm-element-container=\"modulo-texto-link\" class=\"paragraph\">Se titular\u00e1 Manual de convivencia. La v\u00eda andaluza. No es que nos sorprenda: todos los pol\u00edticos aspiran a dejar sus ocurrencias por escrito, acaso para emular a los viejos y nobles patricios romanos. El problema es que, salvo contadas excepciones \u2013aquellos pol\u00edticos de antes que eran tambi\u00e9n escritores, adem\u00e1s de hombres p\u00fablicos\u2013, estas obras envejecen muy r\u00e1pido y no suelen dejar mucha huella.<\/p>\n<p>        Lee tambi\u00e9n<\/p>\n<p>    Carlos M\u00e1rmol<\/p>\n<p>             <img loading=\"lazy\" decoding=\"async\" data-full-src=\"https:\/\/www.lavanguardia.com\/uploads\/2025\/09\/25\/68d4ea9f49241.png\" alt=\"Moreno Bonilla abraza a la vaca Fadie en un acto electoral en 2018\" width=\"104\" height=\"108\" src=\"https:\/\/www.europesays.com\/es\/wp-content\/uploads\/2025\/10\/68d4ea9f49241.r_d.1260-637.png\" class=\"lazy\"\/><\/p>\n<p data-gtm-element-container=\"modulo-texto-link\" class=\"paragraph\">Moreno Bonilla, que firmar\u00e1 su fil\u00edpica como Juanma, que es como siempre le han llamado en su casa, piensa pues contarnos (a todos)  \u2013\u201ccompartir\u201d, como se dice ahora\u2013 su \u201cmanera personal de estar en pol\u00edtica, marcada por la serenidad, el respeto y la escucha activa, evitando cualquier expresi\u00f3n agresiva o estridente\u201d.<\/p>\n<p data-gtm-element-container=\"modulo-texto-link\" class=\"paragraph\">El libro, sin duda, ser\u00e1 un \u00e9xito: el presidente del PP en Andaluc\u00eda desvelar\u00e1, al modo de Pablo de Tarso, ese instante epif\u00e1nico de iluminaci\u00f3n teol\u00f3gica en el que descubri\u00f3 c\u00f3mo derrotar por fin al p\u00e9rfido socialismo andaluz: emul\u00e1ndolo. Esperamos el texto con sumo inter\u00e9s e impaciencia, aunque de partida prevenimos ya a los posibles lectores \u2013l\u00e9ase enemigos, compa\u00f1eros de partido, familia y periodistas\u2013 que ni el t\u00edtulo (Manual de convivencia) ni el subt\u00edtulo (La v\u00eda andaluza) son hallazgos originales del autor.<\/p>\n<p>                <img loading=\"lazy\" decoding=\"async\" data-full-src=\"https:\/\/www.lavanguardia.com\/uploads\/2025\/10\/03\/68df7edcc23f4.jpeg\" alt=\"Cuadernos del sur\" width=\"449\" height=\"299\" src=\"https:\/\/www.europesays.com\/es\/wp-content\/uploads\/2025\/10\/68df7edcc23f4.jpeg\" class=\"lazy\"\/><\/p>\n<p class=\"caption-title \">El presidente de la Junta, junto a la presidenta de la Comunidad de Madrid, Isabel D\u00edaz Ayuso\u00a0<\/p>\n<p>                    Archivo<\/p>\n<p data-gtm-element-container=\"modulo-texto-link\" class=\"paragraph\">El primero busca conscientemente la equiparaci\u00f3n con el libro que la periodista Irene Lozano le redact\u00f3 a Pedro S\u00e1nchez (Manual de resistencia). El segundo es un pr\u00e9stamo (muy poco inocente) de la plataforma \u2018Andaluc\u00eda Por S\u00ed\u2019, una de las m\u00faltiples minor\u00edas sin representaci\u00f3n parlamentaria del antiguo Partido Andalucista, que fue la primera organizaci\u00f3n pol\u00edtica que utiliz\u00f3 en p\u00fablico este lema. \u00bfHa pagado el PP andaluz los correspondientes derechos de autor a los andalucistas por replicar su idea? De momento, no consta.<\/p>\n<p data-gtm-element-container=\"modulo-texto-link\" class=\"paragraph\">Ser\u00eda, sin embargo, un hermoso gesto, coherente adem\u00e1s con la bondad extrema que predicar\u00e1 el volumen, que el presidente-candidato respetase al menos la autor\u00eda moral del eslogan con el que lanza su candidatura al trono (semivacante) de G\u00e9nova. Es evidente que la m\u00edmesis con el t\u00edtulo de las memorias (tambi\u00e9n prematuras) de S\u00e1nchez trasciende el estricto \u00e1mbito andaluz para oficializar de facto una apetencia muy personal, aunque no exenta de riesgos.<\/p>\n<p>El libro ser\u00e1 un \u00e9xito: el presidente de la Junta desvelar\u00e1 ese instante epif\u00e1nico de iluminaci\u00f3n en el que descubri\u00f3 c\u00f3mo derrotar al p\u00e9rfido socialismo andaluz<\/p>\n<p data-gtm-element-container=\"modulo-texto-link\" class=\"paragraph\">El mayor es c\u00f3mo fabricar un sucesor \u2013probablemente, mujer\u2013 para que la derecha pueda conservar el Palacio de San Telmo una vez que el actual inquilino del Quirinale se atreva a dar el salto a la pol\u00edtica estatal, compitiendo ya con Ayuso y el PP de Madrid. Moreno ha construido durante los \u00faltimos seis a\u00f1os un r\u00e9gimen unipersonal, presidencialista y centrado casi \u00fanicamente en su figura pol\u00edtica.<\/p>\n<p data-gtm-element-container=\"modulo-texto-link\" class=\"paragraph\">No cuenta con grandes logros de gesti\u00f3n ni ha impulsado reformas pol\u00edticas de alcance. Tampoco tiene delf\u00edn. Ha preferido, igual que la Iglesia tras la ca\u00edda del imperio romano, aposentarse c\u00f3modamente sobre la arquitectura que hered\u00f3 del PSOE en el Sur, aderezando el men\u00fa con escabeche. Su manual aconseja sonre\u00edr mucho, peinarse a la romana, molestar lo menos posible y pregonar la bondad universal. No sabemos todav\u00eda si el libro tendr\u00e1 el tono de una enc\u00edclica o se limitar\u00e1 a compartir un testimonio sacramental.<\/p>\n<p>                <img loading=\"lazy\" decoding=\"async\" data-full-src=\"https:\/\/www.lavanguardia.com\/uploads\/2025\/10\/03\/68df7edc32b6b.jpeg\" alt=\"Cuadernos del sur\" width=\"449\" height=\"681\" src=\"https:\/\/www.europesays.com\/es\/wp-content\/uploads\/2025\/10\/68df7edc32b6b.jpeg\" class=\"lazy\"\/><\/p>\n<p class=\"caption-title \">Cubierta del libro de Pedro S\u00e1nchez\u00a0<\/p>\n<p>                    &#8211;<\/p>\n<p data-gtm-element-container=\"modulo-texto-link\" class=\"paragraph\">De lo que no tenemos duda, porque lo hemos visto, es de que, al contrario de lo que anuncia la editorial Espasa, la v\u00eda andaluza no naci\u00f3 antes, ni es la causa, de la victoria de diciembre de 2018, que no fue electoral \u2013Moreno sac\u00f3 los peores resultados de la historia del PP andaluz\u2013, sino parlamentaria. Surgi\u00f3 despu\u00e9s. La teolog\u00eda de Moreno no es un credo reflexionado o premeditado. Le sali\u00f3 al paso. Fue la consecuencia del pavor de la derecha a que, tras la ca\u00edda de Troya, las izquierdas y los sindicatos agitaran las calles del Sur.<\/p>\n<p data-gtm-element-container=\"modulo-texto-link\" class=\"paragraph\">Moreno Bonilla no encontr\u00f3 su piedra filosofal \u2013cambiar a los dirigentes para seguir con la pol\u00edtica de siempre, dejando inc\u00f3lume la administraci\u00f3n paralela de los socialistas\u2013 en el Sina\u00ed. Tampoco se le apareci\u00f3 Yahv\u00e9 en una zarza que ard\u00eda (sin consumirse) para revelarle c\u00f3mo liberar a los israelitas de la esclavitud en Egipto.<\/p>\n<p data-gtm-element-container=\"modulo-texto-link\" class=\"paragraph\">Sencillamente descubri\u00f3 que qued\u00e1ndose quieto, igual que Juan Belmonte delante del toro, y fagocitando al resto de las derechas meridionales, incluido el andalucismo, ganaba tiempo y bastante m\u00e1s que cumpliendo sus promesas. Sus devotos pueden estar tranquilos: el evangelio de Moreno ser\u00e1 suave, apacible, ligero, f\u00e1cil de manejar y sencillo de leer. Igual que el Platero de Juan Ram\u00f3n.<\/p>\n","protected":false},"excerpt":{"rendered":"Es cuento viejo: la industria editorial miente y las fajas de casi todos los libros, eso que los&hellip;\n","protected":false},"author":2,"featured_media":154465,"comment_status":"","ping_status":"","sticky":false,"template":"","format":"standard","meta":{"footnotes":""},"categories":[172],"tags":[224,146,147,25,24,225,23],"class_list":{"0":"post-154464","1":"post","2":"type-post","3":"status-publish","4":"format-standard","5":"has-post-thumbnail","7":"category-libros","8":"tag-books","9":"tag-entertainment","10":"tag-entretenimiento","11":"tag-es","12":"tag-espana","13":"tag-libros","14":"tag-spain"},"share_on_mastodon":{"url":"","error":""},"_links":{"self":[{"href":"https:\/\/www.europesays.com\/es\/wp-json\/wp\/v2\/posts\/154464","targetHints":{"allow":["GET"]}}],"collection":[{"href":"https:\/\/www.europesays.com\/es\/wp-json\/wp\/v2\/posts"}],"about":[{"href":"https:\/\/www.europesays.com\/es\/wp-json\/wp\/v2\/types\/post"}],"author":[{"embeddable":true,"href":"https:\/\/www.europesays.com\/es\/wp-json\/wp\/v2\/users\/2"}],"replies":[{"embeddable":true,"href":"https:\/\/www.europesays.com\/es\/wp-json\/wp\/v2\/comments?post=154464"}],"version-history":[{"count":0,"href":"https:\/\/www.europesays.com\/es\/wp-json\/wp\/v2\/posts\/154464\/revisions"}],"wp:featuredmedia":[{"embeddable":true,"href":"https:\/\/www.europesays.com\/es\/wp-json\/wp\/v2\/media\/154465"}],"wp:attachment":[{"href":"https:\/\/www.europesays.com\/es\/wp-json\/wp\/v2\/media?parent=154464"}],"wp:term":[{"taxonomy":"category","embeddable":true,"href":"https:\/\/www.europesays.com\/es\/wp-json\/wp\/v2\/categories?post=154464"},{"taxonomy":"post_tag","embeddable":true,"href":"https:\/\/www.europesays.com\/es\/wp-json\/wp\/v2\/tags?post=154464"}],"curies":[{"name":"wp","href":"https:\/\/api.w.org\/{rel}","templated":true}]}}