{"id":154468,"date":"2025-10-03T08:08:16","date_gmt":"2025-10-03T08:08:16","guid":{"rendered":"https:\/\/www.europesays.com\/es\/154468\/"},"modified":"2025-10-03T08:08:16","modified_gmt":"2025-10-03T08:08:16","slug":"la-estatua-de-tina-turner-que-causo-polemica","status":"publish","type":"post","link":"https:\/\/www.europesays.com\/es\/154468\/","title":{"rendered":"La estatua de Tina Turner que caus\u00f3 pol\u00e9mica"},"content":{"rendered":"<p>\u00a0<\/p>\n<p>La eterna reina del rock and roll vive en nuestros corazones (y o\u00eddos) desde que parti\u00f3 de este plano.\u00a0<\/p>\n<p>Tanto as\u00ed que la ciudad de Brownsville, en Tennessee (donde naci\u00f3 y creci\u00f3), decidi\u00f3 rendirle un merecido homenaje.\u00a0<\/p>\n<p>Este fin de semana inauguraron una escultura de bronce, de tama\u00f1o real, ubicada en el <strong>P<\/strong><strong>arque Heritage<\/strong>. Ah\u00ed la podemos ver a <strong>Tina<\/strong> cantando con el micr\u00f3fono en la mano.\u00a0<\/p>\n<p>El homenaje fue dise\u00f1ado por la artista local <strong>Jennifer Cannon<\/strong> y financiado por el gobierno municipal junto a donaciones privadas.<\/p>\n<p>Hasta ah\u00ed todo bien, el problema es que no habr\u00eda sido bien recibida por los vecinos y seguidores de la artista. Critican el poco parecido de la estatua con la figura real de la vocalista.<\/p>\n","protected":false},"excerpt":{"rendered":"\u00a0 La eterna reina del rock and roll vive en nuestros corazones (y o\u00eddos) desde que parti\u00f3 de&hellip;\n","protected":false},"author":2,"featured_media":154469,"comment_status":"","ping_status":"","sticky":false,"template":"","format":"standard","meta":{"footnotes":""},"categories":[170],"tags":[146,147,25,24,2141,6552,46434,184,185,23,5380],"class_list":{"0":"post-154468","1":"post","2":"type-post","3":"status-publish","4":"format-standard","5":"has-post-thumbnail","7":"category-musica","8":"tag-entertainment","9":"tag-entretenimiento","10":"tag-es","11":"tag-espana","12":"tag-estatua","13":"tag-homenaje","14":"tag-jennifer-cannon","15":"tag-music","16":"tag-musica","17":"tag-spain","18":"tag-tina-turner"},"share_on_mastodon":{"url":"","error":""},"_links":{"self":[{"href":"https:\/\/www.europesays.com\/es\/wp-json\/wp\/v2\/posts\/154468","targetHints":{"allow":["GET"]}}],"collection":[{"href":"https:\/\/www.europesays.com\/es\/wp-json\/wp\/v2\/posts"}],"about":[{"href":"https:\/\/www.europesays.com\/es\/wp-json\/wp\/v2\/types\/post"}],"author":[{"embeddable":true,"href":"https:\/\/www.europesays.com\/es\/wp-json\/wp\/v2\/users\/2"}],"replies":[{"embeddable":true,"href":"https:\/\/www.europesays.com\/es\/wp-json\/wp\/v2\/comments?post=154468"}],"version-history":[{"count":0,"href":"https:\/\/www.europesays.com\/es\/wp-json\/wp\/v2\/posts\/154468\/revisions"}],"wp:featuredmedia":[{"embeddable":true,"href":"https:\/\/www.europesays.com\/es\/wp-json\/wp\/v2\/media\/154469"}],"wp:attachment":[{"href":"https:\/\/www.europesays.com\/es\/wp-json\/wp\/v2\/media?parent=154468"}],"wp:term":[{"taxonomy":"category","embeddable":true,"href":"https:\/\/www.europesays.com\/es\/wp-json\/wp\/v2\/categories?post=154468"},{"taxonomy":"post_tag","embeddable":true,"href":"https:\/\/www.europesays.com\/es\/wp-json\/wp\/v2\/tags?post=154468"}],"curies":[{"name":"wp","href":"https:\/\/api.w.org\/{rel}","templated":true}]}}