{"id":154470,"date":"2025-10-03T08:09:07","date_gmt":"2025-10-03T08:09:07","guid":{"rendered":"https:\/\/www.europesays.com\/es\/154470\/"},"modified":"2025-10-03T08:09:07","modified_gmt":"2025-10-03T08:09:07","slug":"avatar-2-vuelve-al-cine-de-san-juan-pero-con-importantes-sorpresas-para-los-fans-de-pandora","status":"publish","type":"post","link":"https:\/\/www.europesays.com\/es\/154470\/","title":{"rendered":"\u201cAvatar 2\u201d vuelve al cine de San Juan, pero con importantes sorpresas para los fans de Pandora"},"content":{"rendered":"<p>El universo de Pandora vuelve a brillar en la pantalla grande. Desde el jueves <strong>2 de octubre<\/strong>, los cines del pa\u00eds, incluidos los de San Juan, proyectan nuevamente \u201cAvatar: El camino del agua\u201d, pero esta vez con un atractivo irresistible para los fan\u00e1ticos: <strong>mostrar\u00e1 adelantos exclusivos de la esperada tercera entrega<\/strong>, \u201c<strong>Avatar: Fuego y Cenizas\u201d<\/strong>, que se estrenar\u00e1 el <strong>19 de diciembre<\/strong>.<\/p>\n<p>La estrategia utilizada por el director James Cameron y todo el equipo es que cada funci\u00f3n ofrezca\u00a0 <strong>una escena in\u00e9dita de \u201cAvatar 3\u201d<\/strong>, pero hay <strong>tres clips distintos<\/strong> en circulaci\u00f3n y\u00a0 <strong>cada proyecci\u00f3n revelar\u00e1 solo uno<\/strong>, lo que ha generado una ola de entusiasmo entre los seguidores, con lo que habr\u00e1 que ir a varias funciones para descubrir todos los avances.<\/p>\n<p>Los clips revelan al nuevo clan Na\u2019vi: el <strong>Pueblo de las Cenizas<\/strong>, habitantes de regiones volc\u00e1nicas y monta\u00f1osas, en marcado contraste con los escenarios acu\u00e1ticos de la segunda entrega, que vio la luz en diciembre de 2022. Este nuevo grupo promete ampliar el mapa cultural y geogr\u00e1fico de Pandora, sumando tensi\u00f3n y riqueza visual a la saga.<\/p>\n<p>\u00bfEstrategia brillante o truco comercial?<\/p>\n<p>El reestreno con yapa ha generado opiniones encontradas. Mientras algunos celebran la oportunidad de volver a ver el segundo cap\u00edtulo enriquecido con contenido exclusivo, otros critican la estrategia de distribuir los adelantos en funciones separadas, justamente porque para ver todos habr\u00e1 que asistir a m\u00e1s de una funci\u00f3n.<\/p>\n<p>Sin embargo, lo cierto es que la jugada ha servido para revivir la expectativa por \u201cAvatar 3\u2033 y, aseguran, refuerza el v\u00ednculo con los seguidores de la saga; sin contar la oportunidad que puede significar para quienes no la vieron en la gran pantalla.<\/p>\n<p>\u00a0<\/p>\n<p><img decoding=\"async\" loading=\"lazy\" title=\"avatar-3-fuego-y-ceniza-728x408\" src=\"https:\/\/www.europesays.com\/es\/wp-content\/uploads\/2025\/10\/avatar-3-fuego-y-ceniza-728x408.webp.webp\" alt=\"avatar-3-fuego-y-ceniza-728x408\" width=\"728\" height=\"408\"\/>Avatar 3: Fuego y Cenizas, estrenar\u00e1 en diciembre<\/p>\n<p>\u00a0<\/p>\n<p>\u00bfQu\u00e9 se sabe de la tercera entrega?<\/p>\n<p>La tercera entrega explorar\u00e1 el conflicto entre los <strong>Na\u2019vi del aire<\/strong> y los <strong>Na\u2019vi de las Tierras del Fuego<\/strong>, cada uno con sus propias criaturas y costumbres. La familia Sully volver\u00e1 al centro de la historia, enfrentando <strong>dilemas morales y desaf\u00edos emocionales<\/strong> que pondr\u00e1n a prueba sus v\u00ednculos y convicciones.<\/p>\n<p>Adem\u00e1s, se espera una evoluci\u00f3n tecnol\u00f3gica a\u00fan m\u00e1s ambiciosa en efectos visuales, consolidando a Cameron como pionero en innovaci\u00f3n cinematogr\u00e1fica.<\/p>\n<p>\u00a0<\/p>\n<p>Mir\u00e1 el tr\u00e1iler de \u201cAvatar 3: Fuego y Cenizas\u201d<\/p>\n<p>\u00a0<\/p>\n<p>\u00a0<\/p>\n","protected":false},"excerpt":{"rendered":"El universo de Pandora vuelve a brillar en la pantalla grande. Desde el jueves 2 de octubre, los&hellip;\n","protected":false},"author":2,"featured_media":154471,"comment_status":"","ping_status":"","sticky":false,"template":"","format":"standard","meta":{"footnotes":""},"categories":[169],"tags":[46435,46436,46437,177,146,147,25,24,6750,176,46438,175,23],"class_list":{"0":"post-154470","1":"post","2":"type-post","3":"status-publish","4":"format-standard","5":"has-post-thumbnail","7":"category-cine","8":"tag-adelantos","9":"tag-avatar-2","10":"tag-avatar-3","11":"tag-cine","12":"tag-entertainment","13":"tag-entretenimiento","14":"tag-es","15":"tag-espana","16":"tag-estrenos","17":"tag-film","18":"tag-fuego-y-cenizas","19":"tag-movies","20":"tag-spain"},"share_on_mastodon":{"url":"","error":""},"_links":{"self":[{"href":"https:\/\/www.europesays.com\/es\/wp-json\/wp\/v2\/posts\/154470","targetHints":{"allow":["GET"]}}],"collection":[{"href":"https:\/\/www.europesays.com\/es\/wp-json\/wp\/v2\/posts"}],"about":[{"href":"https:\/\/www.europesays.com\/es\/wp-json\/wp\/v2\/types\/post"}],"author":[{"embeddable":true,"href":"https:\/\/www.europesays.com\/es\/wp-json\/wp\/v2\/users\/2"}],"replies":[{"embeddable":true,"href":"https:\/\/www.europesays.com\/es\/wp-json\/wp\/v2\/comments?post=154470"}],"version-history":[{"count":0,"href":"https:\/\/www.europesays.com\/es\/wp-json\/wp\/v2\/posts\/154470\/revisions"}],"wp:featuredmedia":[{"embeddable":true,"href":"https:\/\/www.europesays.com\/es\/wp-json\/wp\/v2\/media\/154471"}],"wp:attachment":[{"href":"https:\/\/www.europesays.com\/es\/wp-json\/wp\/v2\/media?parent=154470"}],"wp:term":[{"taxonomy":"category","embeddable":true,"href":"https:\/\/www.europesays.com\/es\/wp-json\/wp\/v2\/categories?post=154470"},{"taxonomy":"post_tag","embeddable":true,"href":"https:\/\/www.europesays.com\/es\/wp-json\/wp\/v2\/tags?post=154470"}],"curies":[{"name":"wp","href":"https:\/\/api.w.org\/{rel}","templated":true}]}}