{"id":154484,"date":"2025-10-03T08:16:10","date_gmt":"2025-10-03T08:16:10","guid":{"rendered":"https:\/\/www.europesays.com\/es\/154484\/"},"modified":"2025-10-03T08:16:10","modified_gmt":"2025-10-03T08:16:10","slug":"la-rinconada-coloca-la-bandera-palestina-en-el-ayuntamiento-como-repulsa-al-genocidio-de-israel","status":"publish","type":"post","link":"https:\/\/www.europesays.com\/es\/154484\/","title":{"rendered":"La Rinconada coloca la bandera palestina en el Ayuntamiento como repulsa al genocidio de Israel"},"content":{"rendered":"<p>El alcalde, Javier Fern\u00e1ndez, asegura que se mantendr\u00e1 izada \u201cmientras dure la barbarie\u201d, al tiempo que anuncia m\u00e1s movilizaciones para dar \u201cvisibilidad a la causa\u201d<\/p>\n<p class=\"text-justify\"><img loading=\"lazy\" decoding=\"async\" src=\"https:\/\/www.europesays.com\/es\/wp-content\/uploads\/2025\/10\/8c997ec0-0596-4a46-bc80-ff6c6488fbeb.jpg\" style=\"float: left; width: 689px; height: 459px; margin: 0px 10px 10px 0px;\" width=\"689\" height=\"459\"\/>El Ayuntamiento de La Rinconada ha izado en el patio de las dependencias municipales una bandera de Palestina como s\u00edmbolo del apoyo del municipio al pueblo palestino. El acto, en el que hubo un centenar de personas, con las intervenciones del alcalde, Javier Fern\u00e1ndez, y de la delegada de Cooperaci\u00f3n Internacional, Reyes Romero.\n  <\/p>\n<p class=\"text-justify\">El primer edil quiso mostrar su apoyo al pueblo palestino y asegur\u00f3 que \u201cla bandera se mantendr\u00e1 izada en La Rinconada mientras dure la barbarie\u201d. Del mismo modo, anunci\u00f3 una serie de actividades \u201cpara dar visibilidad a la causa\u201d. \u201cNo nos vamos a quedar aqu\u00ed, ya hemos aprobado una moci\u00f3n en el Pleno del Ayuntamiento, hemos presentado otra y vamos a seguir actuando para que lo que est\u00e1 pasando no caiga en el olvido\u201d.\n  <\/p>\n<p class=\"text-justify\"><img loading=\"lazy\" decoding=\"async\" src=\"https:\/\/www.europesays.com\/es\/wp-content\/uploads\/2025\/10\/41406aed-a905-45b9-b28f-37cd61a5625e.jpg\" style=\"float: left; width: 690px; height: 403px; margin: 0px 10px 10px 0px;\" width=\"690\" height=\"403\"\/>El Consistorio rinconero ha acordado llevar a Pleno una moci\u00f3n con la que respaldar la posici\u00f3n del Gobierno de Espa\u00f1a en defensa de la paz, la Cumbre de la ONU sobre la soluci\u00f3n de dos Estados y el respeto al Derecho Internacional Humanitario, reconociendo a Palestina como Estado, as\u00ed como reiterar absoluta condena al genocidio y a la ocupaci\u00f3n ilegal de Israel en Gaza y Cisjordania, defendiendo las resoluciones de las Naciones Unidas y fronteras del 67 y exigir al Gobierno de Israel activamente el alto el fuego inmediato y permanente.   <\/p>\n<p class=\"text-justify\"><img loading=\"lazy\" decoding=\"async\" src=\"https:\/\/www.europesays.com\/es\/wp-content\/uploads\/2025\/10\/98a88405-1a8a-435b-9d85-629991cbdc16.jpg\" style=\"float: left; width: 690px; height: 460px; margin: 0px 10px 10px 0px;\" width=\"690\" height=\"460\"\/>Desde hace casi dos a\u00f1os, Gaza est\u00e1 siendo v\u00edctima de una ofensiva militar devastadora por parte del Gobierno de Israel. M\u00e1s de 65.000 personas han perdido la vida, entre ellas casi 18.500 ni\u00f1os y ni\u00f1as. M\u00e1s de 159.000 han resultado heridas y dos millones han sido desplazadas de sus casas y separadas de sus familias, muchas de ellas en repetidas ocasiones, sin acceso a alimentos, agua potable, atenci\u00f3n m\u00e9dica ni refugio.\n  <\/p>\n<p class=\"text-justify\"><img loading=\"lazy\" decoding=\"async\" src=\"https:\/\/www.europesays.com\/es\/wp-content\/uploads\/2025\/10\/ae699588-bcfd-46e3-8e4a-24dc8e87f0d1.jpg\" style=\"float: left; width: 690px; height: 414px; margin: 0px 10px 10px 0px;\" width=\"690\" height=\"414\"\/>La delegada de Cooperaci\u00f3n Internacional, destacaba durante su intervenci\u00f3n que \u201cno podemos ignorar que el hambre, la falta de agua y el colapso del sistema sanitario est\u00e1n siendo utilizados como armas de guerra. M\u00e1s de 21.000 ni\u00f1os y ni\u00f1as han adquirido alguna discapacidad desde el inicio del conflicto. Han sido atacados hospitales, escuelas, universidades, instalaciones de Naciones Unidas y centros de culto. M\u00e1s de 230 periodistas y 500 trabajadores humanitarios han sido asesinados. La Corte Penal Internacional ha emitido \u00f3rdenes de arresto por cr\u00edmenes de guerra y de lesa humanidad, y la Comisi\u00f3n Internacional Independiente de Investigaci\u00f3n de la ONU ha confirmado que Israel ha cometido actos genocidas contra la poblaci\u00f3n de Gaza\u201d.\n  <\/p>\n<p class=\"text-justify\">Durante la pr\u00f3xima semana, el municipio va a organizar una marcha por la paz, mientras que el pr\u00f3ximo d\u00eda 16, el presidente de ASECOP, Jehad Rashid, visitar\u00e1 la localidad y narrar\u00e1 sus vivencias. Tambi\u00e9n est\u00e1 prevista la proyecci\u00f3n de un documental sobre la situaci\u00f3n de Gaza y Cisjordania.\n<\/p>\n<p><img decoding=\"async\" src=\"https:\/\/www.europesays.com\/es\/wp-content\/uploads\/2025\/10\/6025aa30-6498-4c9a-8a5f-26d6fae33370.jpg\"\/><\/p>\n","protected":false},"excerpt":{"rendered":"El alcalde, Javier Fern\u00e1ndez, asegura que se mantendr\u00e1 izada \u201cmientras dure la barbarie\u201d, al tiempo que anuncia m\u00e1s&hellip;\n","protected":false},"author":2,"featured_media":154485,"comment_status":"","ping_status":"","sticky":false,"template":"","format":"standard","meta":{"footnotes":""},"categories":[8],"tags":[17,18,25,24,13,14,11,4828,19,20,9,10,15,16,23,12,21,22],"class_list":{"0":"post-154484","1":"post","2":"type-post","3":"status-publish","4":"format-standard","5":"has-post-thumbnail","7":"category-espana","8":"tag-breaking-news","9":"tag-breakingnews","10":"tag-es","11":"tag-espana","12":"tag-featured-news","13":"tag-featurednews","14":"tag-headlines","15":"tag-la-rinconada","16":"tag-latest-news","17":"tag-latestnews","18":"tag-news","19":"tag-noticias","20":"tag-noticias-destacadas","21":"tag-noticiasdestacadas","22":"tag-spain","23":"tag-titulares","24":"tag-ultimas-noticias","25":"tag-ultimasnoticias"},"share_on_mastodon":{"url":"","error":""},"_links":{"self":[{"href":"https:\/\/www.europesays.com\/es\/wp-json\/wp\/v2\/posts\/154484","targetHints":{"allow":["GET"]}}],"collection":[{"href":"https:\/\/www.europesays.com\/es\/wp-json\/wp\/v2\/posts"}],"about":[{"href":"https:\/\/www.europesays.com\/es\/wp-json\/wp\/v2\/types\/post"}],"author":[{"embeddable":true,"href":"https:\/\/www.europesays.com\/es\/wp-json\/wp\/v2\/users\/2"}],"replies":[{"embeddable":true,"href":"https:\/\/www.europesays.com\/es\/wp-json\/wp\/v2\/comments?post=154484"}],"version-history":[{"count":0,"href":"https:\/\/www.europesays.com\/es\/wp-json\/wp\/v2\/posts\/154484\/revisions"}],"wp:featuredmedia":[{"embeddable":true,"href":"https:\/\/www.europesays.com\/es\/wp-json\/wp\/v2\/media\/154485"}],"wp:attachment":[{"href":"https:\/\/www.europesays.com\/es\/wp-json\/wp\/v2\/media?parent=154484"}],"wp:term":[{"taxonomy":"category","embeddable":true,"href":"https:\/\/www.europesays.com\/es\/wp-json\/wp\/v2\/categories?post=154484"},{"taxonomy":"post_tag","embeddable":true,"href":"https:\/\/www.europesays.com\/es\/wp-json\/wp\/v2\/tags?post=154484"}],"curies":[{"name":"wp","href":"https:\/\/api.w.org\/{rel}","templated":true}]}}