{"id":154486,"date":"2025-10-03T08:17:17","date_gmt":"2025-10-03T08:17:17","guid":{"rendered":"https:\/\/www.europesays.com\/es\/154486\/"},"modified":"2025-10-03T08:17:17","modified_gmt":"2025-10-03T08:17:17","slug":"objetivo-fundacion-atapuerca","status":"publish","type":"post","link":"https:\/\/www.europesays.com\/es\/154486\/","title":{"rendered":"Objetivo &#8211; Fundaci\u00f3n Atapuerca"},"content":{"rendered":"<p style=\"text-align: justify;\">La Memoria de Atapuerca es una iniciativa de la Fundaci\u00f3n Atapuerca por salvaguardar, conservar y difundir la historia e identidad del proyecto de investigaci\u00f3n de los yacimientos de la sierra de Atapuerca. Durante casi 50 a\u00f1os, el proyecto ha permitido recuperar una gran cantidad de informaci\u00f3n sobre la evoluci\u00f3n humana, convirti\u00e9ndose en un referente internacional. Se puede afirmar que toda la historia de la evoluci\u00f3n humana del continente europeo est\u00e1 conservada en la sierra de Atapuerca. Los f\u00f3siles hallados de estos yacimientos permiten estudiar todas las especies de hom\u00ednidos que habitaron Europa desde hace un mill\u00f3n y medio de a\u00f1os hasta la actualidad.<\/p>\n<p style=\"text-align: justify;\">La Memoria de Atapuerca se encuentra en el Centro de Investigaci\u00f3n Emiliano Aguirre (CIEA) de la Fundaci\u00f3n Atapuerca.<\/p>\n<p><img decoding=\"async\" alt=\"Parte del Equipo Investigador de Atapuerca en la campa\u00f1a de excavaci\u00f3n de 1984. Foto: Archivo fotogr\u00e1fico de Jos\u00e9 Mar\u00eda Berm\u00fadez de Castro\" class=\"figure-img img-fluid rounded\" src=\"https:\/\/www.europesays.com\/es\/wp-content\/uploads\/2025\/10\/978871B6-DD69-4F43-93E94AEFDC323072.webp.webp\"\/>Parte del Equipo Investigador de Atapuerca en la campa\u00f1a de excavaci\u00f3n de 1984. <strong>Foto: <\/strong>Archivo fotogr\u00e1fico de Jos\u00e9 Mar\u00eda Berm\u00fadez de Castro<\/p>\n<p><img decoding=\"async\" alt=\"Parte del Equipo Investigador de Atapuerca en la campa\u00f1a de excavaci\u00f3n de 2025. Foto: Susana Santamar\u00eda \/ Fundaci\u00f3n Atapuerca\" class=\"figure-img img-fluid rounded\" src=\"https:\/\/www.europesays.com\/es\/wp-content\/uploads\/2025\/10\/9054A762-F35D-4862-99F25DA162DCFD3C.webp.webp\"\/>Parte del Equipo Investigador de Atapuerca en la campa\u00f1a de excavaci\u00f3n de 2025. <strong>Foto: <\/strong>Susana Santamar\u00eda \/ Fundaci\u00f3n Atapuerca<\/p>\n<p><strong>Atapuerca: trabajo y excepcionalidad premiada<\/strong><\/p>\n<p style=\"text-align: justify;\">El legado documental de la Memoria de Atapuerca est\u00e1 ligado a los yacimientos de la sierra de Atapuerca, declarados Bien de Inter\u00e9s Cultural en 1991 y Patrimonio Mundial por la UNESCO en 2000. Su valor patrimonial est\u00e1 vinculado al proceso hist\u00f3rico de investigaci\u00f3n arqueol\u00f3gica en la Sierra y contribuye al enriquecimiento del patrimonio cultural de Castilla y Le\u00f3n.<\/p>\n<p><img decoding=\"async\" alt=\"Trinchera del Ferrocarril de la sierra de Atapuerca en los a\u00f1os 80. Foto: Archivo fotogr\u00e1fico de Jos\u00e9 Mar\u00eda Berm\u00fadez de Castro \" class=\"figure-img img-fluid rounded\" src=\"https:\/\/www.europesays.com\/es\/wp-content\/uploads\/2025\/10\/FF5F1E51-B065-4581-B9285E735627C8A0.webp.webp\"\/>Trinchera del Ferrocarril de la sierra de Atapuerca en el a\u00f1o 1980. <strong>Foto: <\/strong>Archivo fotogr\u00e1fico de Jos\u00e9 Mar\u00eda Berm\u00fadez de Castro<\/p>\n<p><img decoding=\"async\" alt=\"\" class=\"figure-img img-fluid rounded\" src=\"https:\/\/www.europesays.com\/es\/wp-content\/uploads\/2025\/10\/067954F7-2142-4F7E-BF6D1B8BA7F65F86.webp.webp\"\/><\/p>\n<p>Trinchera del Ferrocarril de la sierra de Atapuerca en el a\u00f1o 2022. <strong>Foto: <\/strong>Susana Santamar\u00eda \/ Fundaci\u00f3n Atapuerca<\/p>\n<p style=\"text-align: justify;\">La Memoria de Atapuerca tiene nombres propios y suma una cantera excepcional de investigadores e investigadoras de campos como la biolog\u00eda, paleontolog\u00eda, evoluci\u00f3n humana, geolog\u00eda o arqueolog\u00eda. Su base es la figura del profesor Emiliano Aguirre (1925-2021), quien inici\u00f3 el proyecto en 1976 y form\u00f3 el EIA.<\/p>\n<p><img decoding=\"async\" alt=\"Emiliano Aguirre excavando en la sierra de Atapuerca en los a\u00f1os 80. Foto: Jos\u00e9 Mar\u00eda Berm\u00fadez de Castro.\" class=\"figure-img img-fluid rounded mx-auto d-block\" src=\"https:\/\/www.europesays.com\/es\/wp-content\/uploads\/2025\/10\/1C78E59A-E168-4691-9AF63539C58B9797.webp.webp\"\/>Emiliano Aguirre excavando en la sierra de Atapuerca en el a\u00f1o 1983 <strong>Foto: <\/strong>Jos\u00e9 Mar\u00eda Berm\u00fadez de Castro<\/p>\n<p style=\"text-align: justify;\">En 1997, el EIA fue galardonado con el Premio Pr\u00edncipe de Asturias de Investigaci\u00f3n Cient\u00edfica y T\u00e9cnica. El jurado destac\u00f3 \u2018la ejemplaridad de integraci\u00f3n de varios grupos en un trabajo pluridisciplinar fundado por Emiliano Aguirre\u2019. Asimismo, subray\u00f3 que las excavaciones de Atapuerca constitu\u00edan una aut\u00e9ntica \u2018Escuela de Estudios del Cuaternario\u2019 a nivel mundial, convirti\u00e9ndose en un referente para otros yacimientos del Pleistoceno.\u201d<\/p>\n<p><img decoding=\"async\" alt=\"Juan Luis Arsuaga, Emiliano Aguirre, Eudald Carbonell y Jos\u00e9 Mar\u00eda Berm\u00fadez de Castro, en el Museo Nacional de Ciencias Naturales de Madrid, en 1997, tras conocer el Premio Pr\u00edncipe de Asturias. Foto: J.M. Barroso \/ Archivo ABC\" class=\"figure-img img-fluid rounded mx-auto d-block\" src=\"https:\/\/www.europesays.com\/es\/wp-content\/uploads\/2025\/10\/0F69895D-DFEC-4396-B97F511D728C4CC3.webp.webp\"\/>Juan Luis Arsuaga, Emiliano Aguirre, Eudald Carbonell y Jos\u00e9 Mar\u00eda Berm\u00fadez de Castro, en el Museo Nacional de Ciencias Naturales de Madrid, en 1997, tras conocer el Premio Pr\u00edncipe de Asturias.<strong> Foto:<\/strong> J.M. Barroso \/ Archivo ABC<\/p>\n<p style=\"text-align: justify;\">Al fondo documental de Emiliano Aguirre se suma el de los tres codirectores que tomaron el relevo tras su jubilaci\u00f3n en 1990: Eudald Carbonell, Jos\u00e9 Mar\u00eda Berm\u00fadez de Castro y Juan Luis Arsuaga. Los fondos documentales de Carbonell y Berm\u00fadez de Castro ya se encuentran depositados en el CIEA desde febrero de 2025 para su conservaci\u00f3n y est\u00e1n pendientes de catalogaci\u00f3n.<\/p>\n<p><img decoding=\"async\" alt=\"Eudald Carbonell, Jos\u00e9 Mar\u00eda Berm\u00fadez de Castro y Juan Luis Arsuaga durante la campa\u00f1a de excavaciones del a\u00f1o 2002 en la sierra de Atapuerca. Foto: Susana Santamar\u00eda \/ Fundaci\u00f3n Atapuerca\" class=\"figure-img img-fluid rounded mx-auto d-block\" src=\"https:\/\/www.europesays.com\/es\/wp-content\/uploads\/2025\/10\/A188BEB5-F0F0-4F82-8E16DB9916358787.webp.webp\"\/>Eudald Carbonell, Jos\u00e9 Mar\u00eda Berm\u00fadez de Castro y Juan Luis Arsuaga durante la campa\u00f1a de excavaciones del a\u00f1o 2022 en la sierra de Atapuerca. <strong>Foto: <\/strong>Susana Santamar\u00eda \/ Fundaci\u00f3n Atapuerca<\/p>\n","protected":false},"excerpt":{"rendered":"La Memoria de Atapuerca es una iniciativa de la Fundaci\u00f3n Atapuerca por salvaguardar, conservar y difundir la historia&hellip;\n","protected":false},"author":2,"featured_media":154487,"comment_status":"","ping_status":"","sticky":false,"template":"","format":"standard","meta":{"footnotes":""},"categories":[5],"tags":[17,18,25,24,13,14,11,19,20,9,10,15,16,23,12,21,22],"class_list":{"0":"post-154486","1":"post","2":"type-post","3":"status-publish","4":"format-standard","5":"has-post-thumbnail","7":"category-titulares","8":"tag-breaking-news","9":"tag-breakingnews","10":"tag-es","11":"tag-espana","12":"tag-featured-news","13":"tag-featurednews","14":"tag-headlines","15":"tag-latest-news","16":"tag-latestnews","17":"tag-news","18":"tag-noticias","19":"tag-noticias-destacadas","20":"tag-noticiasdestacadas","21":"tag-spain","22":"tag-titulares","23":"tag-ultimas-noticias","24":"tag-ultimasnoticias"},"share_on_mastodon":{"url":"","error":""},"_links":{"self":[{"href":"https:\/\/www.europesays.com\/es\/wp-json\/wp\/v2\/posts\/154486","targetHints":{"allow":["GET"]}}],"collection":[{"href":"https:\/\/www.europesays.com\/es\/wp-json\/wp\/v2\/posts"}],"about":[{"href":"https:\/\/www.europesays.com\/es\/wp-json\/wp\/v2\/types\/post"}],"author":[{"embeddable":true,"href":"https:\/\/www.europesays.com\/es\/wp-json\/wp\/v2\/users\/2"}],"replies":[{"embeddable":true,"href":"https:\/\/www.europesays.com\/es\/wp-json\/wp\/v2\/comments?post=154486"}],"version-history":[{"count":0,"href":"https:\/\/www.europesays.com\/es\/wp-json\/wp\/v2\/posts\/154486\/revisions"}],"wp:featuredmedia":[{"embeddable":true,"href":"https:\/\/www.europesays.com\/es\/wp-json\/wp\/v2\/media\/154487"}],"wp:attachment":[{"href":"https:\/\/www.europesays.com\/es\/wp-json\/wp\/v2\/media?parent=154486"}],"wp:term":[{"taxonomy":"category","embeddable":true,"href":"https:\/\/www.europesays.com\/es\/wp-json\/wp\/v2\/categories?post=154486"},{"taxonomy":"post_tag","embeddable":true,"href":"https:\/\/www.europesays.com\/es\/wp-json\/wp\/v2\/tags?post=154486"}],"curies":[{"name":"wp","href":"https:\/\/api.w.org\/{rel}","templated":true}]}}